{"id":6524,"date":"2013-06-12T11:06:05","date_gmt":"2013-06-12T09:06:05","guid":{"rendered":"http:\/\/www.invarena.cz\/?p=6524"},"modified":"2013-06-14T10:14:04","modified_gmt":"2013-06-14T08:14:04","slug":"klasnova-mpsv-konecne-priznava-ze-ztp-i-skarty-udelalo-spatne","status":"publish","type":"post","link":"https:\/\/www.invarena.cz\/?p=6524","title":{"rendered":"Klasnov\u00e1: MPSV kone\u010dn\u011b p\u0159izn\u00e1v\u00e1, \u017ee ZTP i sKarty ud\u011blalo \u0161patn\u011b"},"content":{"rendered":"<p><strong>Dvoj\u00ed velk\u00fd boj vedou V\u011bci ve\u0159ejn\u00e9 proti ministerstvu pr\u00e1ce a soci\u00e1ln\u00edch v\u011bc\u00ed. Proti sKart\u00e1m i za zm\u00edrn\u011bn\u00ed tvrd\u00e9ho p\u0159\u00edstupu k hendikepovan\u00fdm. A v oboj\u00edm, zd\u00e1 se, Kate\u0159ina Klasnov\u00e1 (foto) z VV,\u00a0alespo\u0148 \u010d\u00e1ste\u010dn\u011b usp\u011bje.<\/strong><br \/>\n<!--more--><br \/>\n&#8222;V\u010dera jsme se p\u0159i jedn\u00e1n\u00ed s ministryn\u00ed Ludmilou M\u00fcllerovou a p\u0159edsedou NRZP V\u00e1clavem Kr\u00e1sou shodli, \u017ee ani sKarty, ani p\u0159\u00edstup k t\u011b\u017ece zdravotn\u011bposti\u017een\u00fdm podle legislativy Jarom\u00edra Dr\u00e1bka se ministerstvu nepovedly a je pot\u0159eba je zm\u011bnit, pop\u0159. zru\u0161it,\u201d uvedla \u0161\u00e9fka poslanc\u016f VV Kate\u0159ina Klasnov\u00e1. Ta tak\u00e9 p\u0159isl\u00edbila podporu cel\u00e9ho klubu VV sen\u00e1tn\u00edmu n\u00e1vrhu na zru\u0161en\u00ed sKaret, kter\u00fd bude na po\u0159adu dnes za\u010d\u00ednaj\u00edc\u00ed sn\u011bmovn\u00ed sch\u016fze.<\/p>\n<p>V boji proti sKart\u00e1m byl velmi v\u00fdznamn\u00fd \u00fasp\u011bch Kate\u0159iny Klasnov\u00e9 (VV), kdy\u017e v p\u016fli b\u0159ezna navrhla sn\u011bmovn\u011b usnesen\u00ed, jeho\u017e p\u0159ijet\u00edm poslanci zav\u00e1zali vl\u00e1du ke zru\u0161en\u00ed sKaret. &#8222;Kr\u00e1tce na to za\u010dal o konci sKaret mluvit otev\u0159en\u011b i premi\u00e9r Ne\u010das. Ostatn\u011b, vl\u00e1da je ze z\u00e1kona zodpov\u011bdn\u00e1 sn\u011bmovna a jej\u00ed usnesen\u00ed by m\u011bla respektovat,&#8220; p\u0159ipomn\u011bla Kate\u0159ina Klasnov\u00e1.<\/p>\n<p>Na v\u010derej\u0161\u00edm jedn\u00e1n\u00ed s Ludmilou M\u00fcllerovou se shodly, \u017ee projekt sKaret nen\u00ed dlouhodob\u011b udr\u017eiteln\u00fd. &#8222;Elegantn\u00edm \u0159e\u0161en\u00edm by bylo podpo\u0159it nap\u0159\u00ed\u010d politick\u00fdm spektrem sen\u00e1torsk\u00fd n\u00e1vrh, jen\u017e bude na programu pr\u00e1v\u011b za\u010d\u00ednaj\u00edc\u00ed sn\u011bmovn\u00ed sch\u016fze a jen\u017e sKarty jednodu\u0161e ru\u0161\u00ed. V\u011bci ve\u0159ejn\u00e9 budou samoz\u0159ejm\u011b hlasovat pro sen\u00e1tn\u00ed novelu,&#8220; deklarovala Klasnov\u00e1. Sen\u00e1tn\u00ed novela je sn\u011bmovn\u00edm tiskem 913 a \u010dek\u00e1 ji druh\u00e9 \u010dten\u00ed.<\/p>\n<p>&#8222;P\u0159izn\u00e1v\u00e1m, \u017ee m\u011b pot\u011b\u0161il i v\u00fdsledek na\u0161eho tlaku na ministerstvo ohledn\u011b postaven\u00ed t\u011b\u017ece zdravotn\u011bposti\u017een\u00fdch osob, kdy ministryn\u011b p\u0159ijala hned t\u0159i ze \u010dty\u0159 zm\u011bn v novele podan\u00e9 V\u011bcmi ve\u0159ejn\u00fdmi,&#8220; \u0159ekla \u0161\u00e9fka poslanc\u016f VV. Na novele VV spolupracovaly se Sdru\u017een\u00edm zdravotn\u011bposti\u017een\u00fdch v \u010cR a podporuje ji i N\u00e1rodn\u00ed rada osob se zdravotn\u00edm posti\u017een\u00edm, jej\u00ed\u017e p\u0159edseda V\u00e1clav Kr\u00e1sa v\u010derej\u0161\u00ed jedn\u00e1n\u00ed Klasnov\u00e9 s ministryn\u00ed M\u00fcllerovou inicioval.<\/p>\n<p>Novela, kterou VV podaly ji\u017e v lednu tohoto roku a o jej\u00ed\u017e p\u0159ed\u0159azen\u00ed na sch\u016fzi bude dnes Klasnov\u00e1 \u017e\u00e1dat, m\u011bn\u00ed tyto \u010dty\u0159i v\u011bci:<\/p>\n<p>Za 1) aby se dr\u017een\u00ed pr\u016fkazek nev\u00e1zalo na z\u00e1kon o soc. slu\u017eb\u00e1ch a p\u0159\u00edsp\u011bvek na p\u00e9\u010di (viz d\u0159\u00edve podle l\u00e9ka\u0159sk\u00e9 diagn\u00f3zy) &#8211; \u0159ada lid\u00ed je schopna a chce samostatn\u011b fungovat, jen pot\u0159ebuje v\u00fdhody v doprav\u011b a parkovac\u00ed m\u00edsta<\/p>\n<p>Za 2) posuzov\u00e1n\u00ed 36 z\u00e1kladn\u00edch \u017eivotn\u00edch pot\u0159eb a nikoli pouh\u00fdch 10 podle MKF &#8211; Mezin\u00e1rodn\u00ed klasifikace funk\u010dn\u00edch schopnost\u00ed, disability a zdrav\u00ed &#8211; m\u00e1 slou\u017eit tzv. komplexn\u00ed rehabilitaci<\/p>\n<p>Za 3) u amput\u00e1\u0159\u016f nad kolenem a v\u00fd\u0161e zp\u011bt p\u0159\u00edsp\u011bvek na zvl\u00e1\u0161tn\u00ed pom\u016fcku, nap\u0159\u00edklad na speci\u00e1ln\u00ed \u00fapravu vozidla<\/p>\n<p>Za 4) aby p\u0159\u00edsp\u011bvek na mobilitu byl automaticky poskytov\u00e1n u dr\u017eitel\u016f pr\u016fkazu ZTP a ZTP\/P (dnes v\u00e1z\u00e1no na mobilitu a orientaci &#8211; nikdo nedostane)<\/p>\n<p>&#8222;Nepoda\u0159ilo se n\u00e1m prosadit zm\u011bnu zp\u016fsobu kvalifikace a n\u00e1vrat k posuzov\u00e1n\u00ed podle 36 z\u00e1kladn\u00edch \u017eivotn\u00edch pot\u0159eb,&#8220; mrz\u00ed poslankyni VV. Dal\u0161\u00ed t\u0159i zm\u011bny v\u0161ak hodl\u00e1 samo ministerstvo navrhnout komplexn\u00edm pozm\u011b\u0148ovac\u00edm n\u00e1vrhem ke sv\u00e9 novele, kterou 29. kv\u011btna projedn\u00e1vala vl\u00e1da.<\/p>\n<p>&#8222;Bohu\u017eel p\u016fvodn\u00ed n\u00e1vrh ministerstva neodd\u011bluje p\u0159izn\u00e1v\u00e1n\u00ed pr\u016fkazu ZTP a p\u0159\u00edsp\u011bvku na p\u00e9\u010di, co\u017e je jeden z nejv\u011bt\u0161\u00edch probl\u00e9m\u016f. Uv\u00edtala jsem tedy v\u010derej\u0161\u00ed slib pan\u00ed ministryn\u011b, \u017ee komplexn\u00ed pozm\u011b\u0148ovac\u00ed n\u00e1vrh k jejich vlastn\u00ed novele bude brzy hotov a postaven\u00ed t\u011b\u017ece zdravotn\u011bposti\u017een\u00fdch se tak kone\u010dn\u011b zlep\u0161\u00ed. Samoz\u0159ejm\u011b, nejjednodu\u0161\u0161\u00ed by bylo podpo\u0159it n\u00e1vrh VV, ale to u\u017e bych asi po ministryni cht\u011bla v r\u00e1mci politick\u00e9ho boje p\u0159\u00edli\u0161,&#8220; usm\u00e1la se Klasnov\u00e1.<\/p>\n<p>Ministerstvo tak podle n\u00ed sice pomalu, ale p\u0159ece pln\u00ed slib zm\u011bny legislativy, kter\u00fd zazn\u011bl u\u017e koncem dubna na sn\u011bmovn\u00edm semin\u00e1\u0159i k postaven\u00ed ZTP, po\u0159\u00e1dan\u00e9m pr\u00e1v\u011b Klasnovou.<\/p>\n<p>Parlamentnilisty.cz<\/p>\n","protected":false},"excerpt":{"rendered":"<div class=\"mh-excerpt\"><p>Dvoj\u00ed velk\u00fd boj vedou V\u011bci ve\u0159ejn\u00e9 proti ministerstvu pr\u00e1ce a soci\u00e1ln\u00edch v\u011bc\u00ed. Proti sKart\u00e1m i za zm\u00edrn\u011bn\u00ed tvrd\u00e9ho p\u0159\u00edstupu k hendikepovan\u00fdm. A v oboj\u00edm, zd\u00e1 <a class=\"mh-excerpt-more\" href=\"https:\/\/www.invarena.cz\/?p=6524\" title=\"Klasnov\u00e1: MPSV kone\u010dn\u011b p\u0159izn\u00e1v\u00e1, \u017ee ZTP i sKarty ud\u011blalo \u0161patn\u011b\">[&#8230;]<\/a><\/p>\n<\/div>","protected":false},"author":1,"featured_media":2979,"comment_status":"open","ping_status":"open","sticky":false,"template":"","format":"standard","meta":{"footnotes":""},"categories":[6],"tags":[],"class_list":["post-6524","post","type-post","status-publish","format-standard","has-post-thumbnail","hentry","category-politika"],"_links":{"self":[{"href":"https:\/\/www.invarena.cz\/index.php?rest_route=\/wp\/v2\/posts\/6524","targetHints":{"allow":["GET"]}}],"collection":[{"href":"https:\/\/www.invarena.cz\/index.php?rest_route=\/wp\/v2\/posts"}],"about":[{"href":"https:\/\/www.invarena.cz\/index.php?rest_route=\/wp\/v2\/types\/post"}],"author":[{"embeddable":true,"href":"https:\/\/www.invarena.cz\/index.php?rest_route=\/wp\/v2\/users\/1"}],"replies":[{"embeddable":true,"href":"https:\/\/www.invarena.cz\/index.php?rest_route=%2Fwp%2Fv2%2Fcomments&post=6524"}],"version-history":[{"count":0,"href":"https:\/\/www.invarena.cz\/index.php?rest_route=\/wp\/v2\/posts\/6524\/revisions"}],"wp:featuredmedia":[{"embeddable":true,"href":"https:\/\/www.invarena.cz\/index.php?rest_route=\/wp\/v2\/media\/2979"}],"wp:attachment":[{"href":"https:\/\/www.invarena.cz\/index.php?rest_route=%2Fwp%2Fv2%2Fmedia&parent=6524"}],"wp:term":[{"taxonomy":"category","embeddable":true,"href":"https:\/\/www.invarena.cz\/index.php?rest_route=%2Fwp%2Fv2%2Fcategories&post=6524"},{"taxonomy":"post_tag","embeddable":true,"href":"https:\/\/www.invarena.cz\/index.php?rest_route=%2Fwp%2Fv2%2Ftags&post=6524"}],"curies":[{"name":"wp","href":"https:\/\/api.w.org\/{rel}","templated":true}]}}