{"id":6651,"date":"2013-06-15T12:07:30","date_gmt":"2013-06-15T10:07:30","guid":{"rendered":"http:\/\/www.invarena.cz\/?p=6651"},"modified":"2013-06-15T12:24:35","modified_gmt":"2013-06-15T10:24:35","slug":"bali-se-ze-se-uz-nikdy-neprobudi-ale-stal-se-zazrak","status":"publish","type":"post","link":"https:\/\/www.invarena.cz\/?p=6651","title":{"rendered":"B\u00e1li se, \u017ee se u\u017e nikdy neprobud\u00ed. Ale stal se z\u00e1zrak"},"content":{"rendered":"<p><strong>L\u00e9ka\u0159i v pra\u017esk\u00e9m Motole jako prvn\u00ed na sv\u011bt\u011b dok\u00e1zali l\u00e9\u010dbou, kter\u00e1 se d\u00e1v\u00e1 jen t\u011b\u017ek\u00fdm onkologick\u00fdm pacient\u016fm, vzbudit z k\u00f3matu dev\u00edtiletou d\u00edvku, kterou m\u00e1lem zabil z\u00e1n\u011bt m\u00edchy a mozku. <\/strong>\/ilustra\u010dn\u00ed foto\/<strong><br \/>\n<\/strong><\/p>\n<p><!--more--><\/p>\n<p>Doslova muka pro\u017e\u00edvali nejen rodi\u010de a br\u00e1\u0161ka tehdy je\u0161t\u011b osmilet\u00e9 Katky, ale i l\u00e9ka\u0159i z r\u016fzn\u00fdch odd\u011blen\u00ed, kte\u0159\u00ed se rok sna\u017eili p\u0159ij\u00edt na to, jak ji vr\u00e1tit k \u017eivotu. Sestry u n\u00ed nep\u0159etr\u017eit\u011b slou\u017eily po dvan\u00e1cti hodin\u00e1ch.<\/p>\n<p>Kdy\u017e u\u017e byla situace beznad\u011bjn\u00e1 a nezab\u00edrala ani jedna ze zn\u00e1m\u00fdch lini\u00ed l\u00e9\u010dby, rozhodli se l\u00e9ka\u0159i k riskantn\u00edmu kroku. Nasadili na protil\u00e1tky, kter\u00e9 napadly nervovou tk\u00e1\u0148, l\u00e9\u010dbu neschv\u00e1lenou v Evropsk\u00e9 unii a nezn\u00e1mou i jinde na sv\u011bt\u011b.<\/p>\n<p>Ohromn\u00fd risk a nevyzkou\u0161en\u00e1 metoda se v\u0161ak poda\u0159ily. Katka se 361. den hospitalizace probrala.<\/p>\n<p>O z\u00e1zraku sv\u011bd\u010d\u00ed i to, \u017ee \u010dty\u0159i dny po probuzen\u00ed hol\u010di\u010dka vyjmenov\u00e1vala n\u00e1sobilku, hr\u00e1la slovn\u00ed fotbal, a brzy na to za\u010dala i \u010d\u00edst. A za t\u0159i m\u011bs\u00edce od sv\u00e9ho &#8222;zmrtv\u00fdchvst\u00e1n\u00ed&#8220; byla propu\u0161t\u011bna.<\/p>\n<p><strong>No\u010dn\u00ed m\u016fra za\u010dala rodin\u011b Katky v lednu 2012<\/strong><\/p>\n<p>&#8222;P\u0159i\u0161la s t\u00edm, \u017ee se j\u00ed \u0161patn\u011b chod\u00ed. Vyhledali jsme pomoc v Motole, ale \u010dekali, \u017ee l\u00e9\u010dba bude trvat tak dva t\u0159i m\u011bs\u00edce,&#8220; \u0159ekla Pr\u00e1vu maminka Ka\u010denky Kate\u0159ina Bla\u017ekov\u00e1, kter\u00e1 se st\u00e1le nedok\u00e1\u017ee ubr\u00e1nit slz\u00e1m.<\/p>\n<p>&#8222;To, co l\u00e9ka\u0159i a sest\u0159i\u010dky z Motola dok\u00e1zali a s jakou l\u00e1skou a p\u00e9\u010d\u00ed se o Ka\u010denku starali, je prost\u011b neuv\u011b\u0159iteln\u00e9,&#8220; dodala.<\/p>\n<p>Nejprve l\u00e9ka\u0159i stanovili jako diagn\u00f3zu z\u00e1n\u011bt m\u00edchy, po n\u011bkolika dnech u\u017e ale bylo jasn\u00e9, \u017ee jde i o z\u00e1n\u011bt mozku.<\/p>\n<p>&#8222;Po kr\u00e1tk\u00e9 dob\u011b jsme stanovili diagn\u00f3zu \u2013 receptorov\u00e1 encefalitida. Jde o vz\u00e1cn\u00e9 onemocn\u011bn\u00ed mozku, kter\u00e9 bylo diagnostikov\u00e1no a\u017e v roce 2007. T\u011blo produkuje proti vlastn\u00ed nervov\u00e9 tk\u00e1ni protil\u00e1tky, kter\u00e9 zp\u016fsobuj\u00ed poruchu mozkov\u00fdch funkc\u00ed. Navzdory v\u010das zah\u00e1jen\u00e9 l\u00e9\u010db\u011b i stanoven\u00ed diagn\u00f3zy se stav pacientky rychle hor\u0161il. Po\u010d\u00e1tkem lo\u0148sk\u00e9ho \u00fanora upadla do bezv\u011bdom\u00ed. Setrvala v n\u011bm bezm\u00e1la rok,&#8220; vzpom\u00ednala na propuknut\u00ed nemoci o\u0161et\u0159uj\u00edc\u00ed l\u00e9ka\u0159ka d\u00edvky Zuzana Lib\u00e1.<\/p>\n<p>Pot\u00e9 n\u00e1sledovaly dlouh\u00e9 m\u011bs\u00edce, kdy Ka\u010denka proch\u00e1zela nejr\u016fzn\u011bj\u0161\u00edmi f\u00e1zemi k\u00f3matu. Pades\u00e1t\u00fd p\u00e1t\u00fd den u n\u00ed za\u010dal psychomotorick\u00fd neklid, kv\u016fli kter\u00e9mu musela b\u00fdt i p\u0159ipout\u00e1na k l\u016f\u017eku.<\/p>\n<p>I kdy\u017e se po dlouh\u00fdch m\u011bs\u00edc\u00edch zklidnila a podstoupila vy\u0161et\u0159en\u00ed, p\u0159i kter\u00e9m l\u00e9ka\u0159i p\u00e1trali po n\u00e1doru, kter\u00fd by mohl zp\u016fsobit onemocn\u011bn\u00ed, nic nena\u0161li. Nasadili tak druhou linii l\u00e9\u010dby, za\u010dali s takzvan\u00fdm prom\u00fdv\u00e1n\u00edm krve, aby se zbavili autoprotil\u00e1tek.<\/p>\n<p>Stav Katky se ale nezlep\u0161oval. L\u00e9ka\u0159i 273. den hospitalizace konstatovali beznad\u011bj. Rozhodli se pro t\u0159et\u00ed linii l\u00e9\u010dby, s n\u00ed\u017e p\u0159i\u0161li jejich kolegov\u00e9 z onkologick\u00e9ho a transplanta\u010dn\u00edho odd\u011blen\u00ed.<\/p>\n<p>&#8222;Z tisku v zahrani\u010d\u00ed jsme se dozv\u011bd\u011bli, \u017ee \u017e\u00e1dn\u00e1 t\u0159et\u00ed linie l\u00e9\u010dby neexistuje. My jsme tuto l\u00e9\u010dbu ale znali \u2013 pou\u017e\u00edv\u00e1me ji u t\u011b\u017ek\u00fdch p\u0159\u00edpad\u016f po transplantaci nebo u onkologick\u00fdch pacient\u016f, kde, jak se \u0159\u00edk\u00e1, nen\u00ed co ztratit. \u00da\u010dinnou l\u00e1tku Alemtuzumab jsme pacientce vst\u0159\u00edkli do p\u00e1te\u0159n\u00edho kan\u00e1lu. Bu\u0148ky, kter\u00e9 jsme pot\u0159ebovali zni\u010dit, byly jak v krvi, tak v mozku,&#8220; sd\u011blil l\u00e9ka\u0159 motolsk\u00e9 hemato-onkologie Petr Sedl\u00e1\u010dek.<\/p>\n<p>Zdravotn\u00ed person\u00e1l a rodi\u010de za\u010dali i s tzv. probouzec\u00edmi ritu\u00e1ly. Nechali Ka\u010denku \u010dichat v\u016fni franti\u0161ku, pou\u0161t\u011bli j\u00ed hudbu, dot\u00fdkali se j\u00ed a mluvili na ni.<\/p>\n<p><strong>&#8222;zmrtv\u00fdchvst\u00e1n\u00ed&#8220;<\/strong><\/p>\n<p>Z ni\u010deho nic 323. den za\u0161eptala d\u00edvenka K\u00e1, co\u017e je jm\u00e9no jej\u00edho dom\u00e1c\u00edho mazl\u00ed\u010dka. Sedm t\u00fddn\u016f po zah\u00e1jen\u00ed t\u00e9to dosud nevyzkou\u0161en\u00e9 l\u00e9\u010dby pak \u0159ekla \u2013 J\u00e1 m\u00e1m m\u00e1mu. Sed\u011bla v k\u0159esle, reagovala na p\u00edsn\u011b, ale st\u00e1le byla v bezv\u011bdom\u00ed. Po necel\u00e9m roce se Ka\u010denka letos 12. ledna probrala.<\/p>\n<p>&#8222;Prvn\u00ed jsem sly\u0161ela m\u00e1min hlas. A pak jak m\u00e1ma i sest\u0159i\u010dka bre\u010d\u00ed, ale \u0161t\u011bst\u00edm. Je\u0161t\u011b jsem nevid\u011bla, ale to se pak po t\u00fddnu nebo v\u00edc zlep\u0161ilo,&#8220; \u0159ekla Ka\u010denka, kter\u00e1 u\u017e se dva m\u011bs\u00edce doma u\u010d\u00ed, aby mohla po pr\u00e1zdnin\u00e1ch nastoupit do \u010dtvrt\u00e9 t\u0159\u00eddy.<\/p>\n<p>&nbsp;<\/p>\n","protected":false},"excerpt":{"rendered":"<div class=\"mh-excerpt\"><p>L\u00e9ka\u0159i v pra\u017esk\u00e9m Motole jako prvn\u00ed na sv\u011bt\u011b dok\u00e1zali l\u00e9\u010dbou, kter\u00e1 se d\u00e1v\u00e1 jen t\u011b\u017ek\u00fdm onkologick\u00fdm pacient\u016fm, vzbudit z k\u00f3matu dev\u00edtiletou d\u00edvku, kterou m\u00e1lem zabil <a class=\"mh-excerpt-more\" href=\"https:\/\/www.invarena.cz\/?p=6651\" title=\"B\u00e1li se, \u017ee se u\u017e nikdy neprobud\u00ed. Ale stal se z\u00e1zrak\">[&#8230;]<\/a><\/p>\n<\/div>","protected":false},"author":1,"featured_media":0,"comment_status":"open","ping_status":"open","sticky":false,"template":"","format":"standard","meta":{"footnotes":""},"categories":[11],"tags":[],"class_list":["post-6651","post","type-post","status-publish","format-standard","hentry","category-zdravi"],"_links":{"self":[{"href":"https:\/\/www.invarena.cz\/index.php?rest_route=\/wp\/v2\/posts\/6651","targetHints":{"allow":["GET"]}}],"collection":[{"href":"https:\/\/www.invarena.cz\/index.php?rest_route=\/wp\/v2\/posts"}],"about":[{"href":"https:\/\/www.invarena.cz\/index.php?rest_route=\/wp\/v2\/types\/post"}],"author":[{"embeddable":true,"href":"https:\/\/www.invarena.cz\/index.php?rest_route=\/wp\/v2\/users\/1"}],"replies":[{"embeddable":true,"href":"https:\/\/www.invarena.cz\/index.php?rest_route=%2Fwp%2Fv2%2Fcomments&post=6651"}],"version-history":[{"count":0,"href":"https:\/\/www.invarena.cz\/index.php?rest_route=\/wp\/v2\/posts\/6651\/revisions"}],"wp:attachment":[{"href":"https:\/\/www.invarena.cz\/index.php?rest_route=%2Fwp%2Fv2%2Fmedia&parent=6651"}],"wp:term":[{"taxonomy":"category","embeddable":true,"href":"https:\/\/www.invarena.cz\/index.php?rest_route=%2Fwp%2Fv2%2Fcategories&post=6651"},{"taxonomy":"post_tag","embeddable":true,"href":"https:\/\/www.invarena.cz\/index.php?rest_route=%2Fwp%2Fv2%2Ftags&post=6651"}],"curies":[{"name":"wp","href":"https:\/\/api.w.org\/{rel}","templated":true}]}}