{"id":6738,"date":"2013-06-17T12:31:54","date_gmt":"2013-06-17T10:31:54","guid":{"rendered":"http:\/\/www.invarena.cz\/?p=6738"},"modified":"2013-06-17T12:39:06","modified_gmt":"2013-06-17T10:39:06","slug":"jak-alkoholik-po-letech-ztratil-invaliditu","status":"publish","type":"post","link":"https:\/\/www.invarena.cz\/?p=6738","title":{"rendered":"Jak alkoholik po letech ztratil invaliditu &#8230;"},"content":{"rendered":"<p><strong>\u010cesk\u00e1 spr\u00e1va soci\u00e1ln\u00edho zabezpe\u010den\u00ed (\u010cSSZ) od\u0148ala O. P. pln\u00fd invalidn\u00ed d\u016fchod, kter\u00fd mu byl p\u0159izn\u00e1n od roku 2004 pro onemocn\u011bn\u00ed hepatopathi\u00ed p\u0159i pij\u00e1ctv\u00ed alkoholu. Pan P. podal na spr\u00e1vu \u017ealobu, ale neusp\u011bl. \/ilustra\u010dn\u00ed foto\/<\/strong><\/p>\n<p><!--more--><br \/>\nP\u0159i kontrole v roce 2008 bylo zji\u0161t\u011bno, \u017ee hodnoty jatern\u00edch test\u016f dle vy\u0161et\u0159en\u00ed z hospitalizace na podzim 2007 se normalizovaly. Dal\u0161\u00ed kontrola pro posouzen\u00ed dlouhodob\u011b nep\u0159\u00edzniv\u00e9ho zdravotn\u00edho stavu \u017ealobce a jeho vlivu na pracovn\u00ed schopnost byla loni. Na z\u00e1klad\u011b n\u00e1lez\u016f odborn\u00fdch l\u00e9ka\u0159\u016f byl rozsah ztr\u00e1ty pracovn\u00ed schopnosti pana P. pro chronick\u00e9 onemocn\u011bn\u00ed stanoven ve v\u00fd\u0161i 20 %. Na z\u00e1klad\u011b posudku posudkov\u00e9ho l\u00e9ka\u0159e mu \u010cSSZ invalidn\u00ed d\u016fchod od 24. z\u00e1\u0159\u00ed od\u0148ala.<\/p>\n<p>V n\u00e1mitkov\u00e9m \u0159\u00edzen\u00ed byl vypracov\u00e1n posudek o invalidit\u011b pana P. l\u00e9ka\u0159skou posudkovou slu\u017ebou Plze\u0148. Uvedl, \u017ee dan\u00e9 posti\u017een\u00ed nelze hodnotit \u017e\u00e1dn\u00fdm stupn\u011bm invalidity. M\u00edra poklesu jeho pracovn\u00ed schopnosti o 20 % byla s ohledem na schopnost vyu\u017e\u00edt dosa\u017een\u00e9 vzd\u011bl\u00e1n\u00ed, zku\u0161enosti a znalosti, schopnost pokra\u010dovat ve v\u00fdd\u011ble\u010dn\u00e9 \u010dinnosti nebo na schopnost rekvalifikace zv\u00fd\u0161ena na 25 %. Pot\u00e9 byly n\u00e1mitky pana P. zam\u00edtnuty.<\/p>\n<p><strong>K soudu<\/strong><\/p>\n<p>Pan P. podal na spr\u00e1vu \u017ealobu, kter\u00e1 byla postoupena Krajsk\u00e9mu soudu v \u010c. Bud\u011bjovic\u00edch. M\u00edn\u00ed, \u017ee jeho zdravotn\u00ed stav byl nedostate\u010dn\u011b vy\u0161et\u0159en, \u017ee bylo vych\u00e1zeno ze zkreslen\u00fdch \u00fadaj\u016f, s n\u011bkter\u00fdmi l\u00e9ka\u0159i uv\u00e1d\u011bn\u00fdmi v l\u00e9ka\u0159sk\u00e9 zpr\u00e1v\u011b z Valdic se pr\u00fd nikdy nesetkal. N\u011bkter\u00e9 nemoci za\u010daly b\u00fdt intenzivn\u011bji l\u00e9\u010deny a\u017e ve v\u00fdkonu trestu v Borech.<\/p>\n<p>Na \u017e\u00e1dost soudu posoudila zdravotn\u00ed stav \u017ealobce Posudkov\u00e1 komise ministerstva pr\u00e1ce. Ta dosp\u011bla ke shodn\u00e9mu z\u00e1v\u011bru s l\u00e9ka\u0159em okresn\u00ed spr\u00e1vy a posudkov\u00fdm l\u00e9ka\u0159em v n\u00e1mitkov\u00e9m \u0159\u00edzen\u00ed, jen celkovou ztr\u00e1tu pracovn\u00ed schopnosti posuzovan\u00e9ho stanovila na 30 %.<\/p>\n<p>Krajsk\u00fd soud po p\u0159ezkoum\u00e1n\u00ed dosp\u011bl k z\u00e1v\u011bru, \u017ee \u017ealoba nen\u00ed d\u016fvodn\u00e1.<\/p>\n<p>Vych\u00e1zel p\u0159edev\u0161\u00edm z uveden\u00e9ho posudku posudkov\u00e9 komise, kter\u00e1 p\u0159ezkoumala zdravotn\u00ed stav \u017ealobce v \u0159\u00e1dn\u00e9m slo\u017een\u00ed za \u00fa\u010dasti odborn\u00fdch l\u00e9ka\u0159\u016f internisty a ortopeda. U\u010dinila shodn\u00e9 zji\u0161t\u011bn\u00ed jako l\u00e9ka\u0159i p\u0159edt\u00edm. Ji\u017e shoda t\u011bchto t\u0159\u00ed posudkov\u00fdch pracovi\u0161\u0165 sv\u011bd\u010d\u00ed o tom, \u017ee dopad chronick\u00e9ho posti\u017een\u00ed \u017ealobce do jeho pracovn\u00ed zp\u016fsobilosti byl ur\u010den spr\u00e1vn\u011b.<\/p>\n<p>Podle zji\u0161t\u011bn\u00ed posudkov\u00e9 komise je zdravotn\u00ed stav \u017ealobce stabilizovan\u00fd. To je podle judikatury Nejvy\u0161\u0161\u00edho spr\u00e1vn\u00edho soudu d\u016fvodem ke sn\u00ed\u017een\u00ed stupn\u011b invalidity nebo odn\u011bt\u00ed invalidn\u00edho d\u016fchodu. Posudek komise, \u017ee zdravotn\u00ed stav \u017ealobce je dlouhodob\u011b nep\u0159\u00edzniv\u00fd, nevylu\u010duje v\u0161ak jeho pracovn\u00ed za\u0159azen\u00ed na fyzicky nen\u00e1ro\u010dn\u00e9 pr\u00e1ce a podmi\u0148uje 30 % rozsah ztr\u00e1ty pracovn\u00ed schopnosti, soud pova\u017euje za p\u0159esv\u011bd\u010div\u00fd.<\/p>\n<p>Podle z\u00e1kona je poji\u0161t\u011bnec invalidn\u00ed, dosahuje\u00adli m\u00edra poklesu jeho pracovn\u00ed schopnosti nejm\u00e9n\u011b 35 %. Proto panu P. zanikl n\u00e1rok na poskytov\u00e1n\u00ed invalidn\u00edho d\u016fchodu. Napaden\u00e9 rozhodnut\u00ed nebylo vyd\u00e1no v rozporu se z\u00e1konem o d\u016fchodov\u00e9m poji\u0161t\u011bn\u00ed, \u0159eklKSa \u017ealobu zam\u00edtl.<\/p>\n","protected":false},"excerpt":{"rendered":"<div class=\"mh-excerpt\"><p>\u010cesk\u00e1 spr\u00e1va soci\u00e1ln\u00edho zabezpe\u010den\u00ed (\u010cSSZ) od\u0148ala O. P. pln\u00fd invalidn\u00ed d\u016fchod, kter\u00fd mu byl p\u0159izn\u00e1n od roku 2004 pro onemocn\u011bn\u00ed hepatopathi\u00ed p\u0159i pij\u00e1ctv\u00ed alkoholu. Pan <a class=\"mh-excerpt-more\" href=\"https:\/\/www.invarena.cz\/?p=6738\" title=\"Jak alkoholik po letech ztratil invaliditu &#8230;\">[&#8230;]<\/a><\/p>\n<\/div>","protected":false},"author":1,"featured_media":0,"comment_status":"open","ping_status":"open","sticky":false,"template":"","format":"standard","meta":{"footnotes":""},"categories":[7],"tags":[],"class_list":["post-6738","post","type-post","status-publish","format-standard","hentry","category-spolecnost"],"_links":{"self":[{"href":"https:\/\/www.invarena.cz\/index.php?rest_route=\/wp\/v2\/posts\/6738","targetHints":{"allow":["GET"]}}],"collection":[{"href":"https:\/\/www.invarena.cz\/index.php?rest_route=\/wp\/v2\/posts"}],"about":[{"href":"https:\/\/www.invarena.cz\/index.php?rest_route=\/wp\/v2\/types\/post"}],"author":[{"embeddable":true,"href":"https:\/\/www.invarena.cz\/index.php?rest_route=\/wp\/v2\/users\/1"}],"replies":[{"embeddable":true,"href":"https:\/\/www.invarena.cz\/index.php?rest_route=%2Fwp%2Fv2%2Fcomments&post=6738"}],"version-history":[{"count":0,"href":"https:\/\/www.invarena.cz\/index.php?rest_route=\/wp\/v2\/posts\/6738\/revisions"}],"wp:attachment":[{"href":"https:\/\/www.invarena.cz\/index.php?rest_route=%2Fwp%2Fv2%2Fmedia&parent=6738"}],"wp:term":[{"taxonomy":"category","embeddable":true,"href":"https:\/\/www.invarena.cz\/index.php?rest_route=%2Fwp%2Fv2%2Fcategories&post=6738"},{"taxonomy":"post_tag","embeddable":true,"href":"https:\/\/www.invarena.cz\/index.php?rest_route=%2Fwp%2Fv2%2Ftags&post=6738"}],"curies":[{"name":"wp","href":"https:\/\/api.w.org\/{rel}","templated":true}]}}