{"id":6890,"date":"2013-06-21T13:20:59","date_gmt":"2013-06-21T11:20:59","guid":{"rendered":"http:\/\/www.invarena.cz\/?p=6890"},"modified":"2013-06-21T15:07:03","modified_gmt":"2013-06-21T13:07:03","slug":"zajemci-si-mohou-nechat-v-usti-vysetrit-zdarma-sluch","status":"publish","type":"post","link":"https:\/\/www.invarena.cz\/?p=6890","title":{"rendered":"Z\u00edtra v \u00dast\u00ed vy\u0161et\u0159\u00ed zdarma sluch"},"content":{"rendered":"<p><strong>Lid\u00e9 se z\u00e1va\u017enou poruchou sluchu mohou v sobotu 22.6.2013 vyu\u017e\u00edt nab\u00eddky na mimo\u0159\u00e1dn\u00e9 vy\u0161et\u0159en\u00ed, kter\u00e9 je zdarma. Vy\u0161et\u0159en\u00ed a konzultace jsou v foniatrick\u00e9 ambulanci \u00fasteck\u00e9 Masarykovy nemocnice.<\/strong><\/p>\n<p><!--more--><\/p>\n<p>\u00daST\u00cd NAD LABEM<\/p>\n<p>Sta\u010d\u00ed p\u0159ij\u00edt do foniatrick\u00e9 ambulance \u00fasteck\u00e9 Masarykovy nemocnice od 8 do 14 hodin, kter\u00e1 se zapojuje do celorepublikov\u00e9 akce Komu sluchadla nesta\u010d\u00ed po\u0159\u00e1dan\u00e9 nada\u010dn\u00edm fondem Dar sluchu.<\/p>\n<p>Z\u00e1jemci se mohou objednat na telefonn\u00edm \u010d\u00edsle 773 79 76 71 u Gabriely D\u00e4nemarkov\u00e9.<\/p>\n<p><strong>A co V\u00e1s \u010dek\u00e1?<\/strong><\/p>\n<p>Konzultace s\u00a0l\u00e9ka\u0159em, audiologick\u00e9 vy\u0161et\u0159en\u00ed a podle v\u00fdsledk\u016f dostanete podrobn\u00e9 informace o z\u00e1v\u011bsn\u00fdch, nebo zvukovodov\u00fdch sluchadlech, sluchadlech syst\u00e9mu Baha a v p\u0159\u00edpad\u011b tot\u00e1ln\u00ed ztr\u00e1ty sluchu o kochle\u00e1rn\u00edch implant\u00e1tech. Na akci n\u00e1s v\u011bt\u0161inou doprov\u00e1z\u00ed i n\u011bkdo, kdo kochle\u00e1rn\u00ed implant\u00e1t m\u00e1.<\/p>\n<p>invArena<\/p>\n","protected":false},"excerpt":{"rendered":"<div class=\"mh-excerpt\"><p>Lid\u00e9 se z\u00e1va\u017enou poruchou sluchu mohou v sobotu 22.6.2013 vyu\u017e\u00edt nab\u00eddky na mimo\u0159\u00e1dn\u00e9 vy\u0161et\u0159en\u00ed, kter\u00e9 je zdarma. Vy\u0161et\u0159en\u00ed a konzultace jsou v foniatrick\u00e9 ambulanci \u00fasteck\u00e9 <a class=\"mh-excerpt-more\" href=\"https:\/\/www.invarena.cz\/?p=6890\" title=\"Z\u00edtra v \u00dast\u00ed vy\u0161et\u0159\u00ed zdarma sluch\">[&#8230;]<\/a><\/p>\n<\/div>","protected":false},"author":1,"featured_media":5900,"comment_status":"open","ping_status":"open","sticky":false,"template":"","format":"standard","meta":{"footnotes":""},"categories":[7],"tags":[],"class_list":["post-6890","post","type-post","status-publish","format-standard","has-post-thumbnail","hentry","category-spolecnost"],"_links":{"self":[{"href":"https:\/\/www.invarena.cz\/index.php?rest_route=\/wp\/v2\/posts\/6890","targetHints":{"allow":["GET"]}}],"collection":[{"href":"https:\/\/www.invarena.cz\/index.php?rest_route=\/wp\/v2\/posts"}],"about":[{"href":"https:\/\/www.invarena.cz\/index.php?rest_route=\/wp\/v2\/types\/post"}],"author":[{"embeddable":true,"href":"https:\/\/www.invarena.cz\/index.php?rest_route=\/wp\/v2\/users\/1"}],"replies":[{"embeddable":true,"href":"https:\/\/www.invarena.cz\/index.php?rest_route=%2Fwp%2Fv2%2Fcomments&post=6890"}],"version-history":[{"count":0,"href":"https:\/\/www.invarena.cz\/index.php?rest_route=\/wp\/v2\/posts\/6890\/revisions"}],"wp:featuredmedia":[{"embeddable":true,"href":"https:\/\/www.invarena.cz\/index.php?rest_route=\/wp\/v2\/media\/5900"}],"wp:attachment":[{"href":"https:\/\/www.invarena.cz\/index.php?rest_route=%2Fwp%2Fv2%2Fmedia&parent=6890"}],"wp:term":[{"taxonomy":"category","embeddable":true,"href":"https:\/\/www.invarena.cz\/index.php?rest_route=%2Fwp%2Fv2%2Fcategories&post=6890"},{"taxonomy":"post_tag","embeddable":true,"href":"https:\/\/www.invarena.cz\/index.php?rest_route=%2Fwp%2Fv2%2Ftags&post=6890"}],"curies":[{"name":"wp","href":"https:\/\/api.w.org\/{rel}","templated":true}]}}