{"id":6903,"date":"2013-06-21T14:07:32","date_gmt":"2013-06-21T12:07:32","guid":{"rendered":"http:\/\/www.invarena.cz\/?p=6903"},"modified":"2013-06-21T14:07:32","modified_gmt":"2013-06-21T12:07:32","slug":"zacaly-mezinarodni-hry-handicapovane-mladeze","status":"publish","type":"post","link":"https:\/\/www.invarena.cz\/?p=6903","title":{"rendered":"Za\u010daly mezin\u00e1rodn\u00ed hry handicapovan\u00e9 ml\u00e1de\u017ee"},"content":{"rendered":"<h6>V Brn\u011b odstartovaly prvn\u00ed z\u00e1vody Mezin\u00e1rodn\u00edch her handicapovan\u00e9 ml\u00e1de\u017ee, pom\u011b\u0159ovat sv\u00e9 s\u00edly budou v plav\u00e1n\u00ed, stoln\u00edm tenise, atletice a dal\u0161\u00edch discipl\u00edn\u00e1ch. Potrvaj\u00ed do konce v\u00edkendu.<\/h6>\n<p><!--more--><\/p>\n<p>Brno ve \u010dtvrtek p\u0159iv\u00edtalo v\u00edce ne\u017e t\u0159i stovky \u00fa\u010dastn\u00edk\u016f her z jeden\u00e1cti st\u00e1t\u016f. Zhruba sedmdes\u00e1t z nich je na voz\u00edku a dvacet dal\u0161\u00edch m\u00e1 zrakov\u00e9 posti\u017een\u00ed.<\/p>\n<p>Krom\u011b z\u00e1vod\u016f jsou v r\u00e1mci Mezin\u00e1rodn\u00edch her handicapovan\u00e9 ml\u00e1de\u017ee p\u0159ipraveny i sout\u011b\u017ee pro z\u00e1jemce z \u0159ad div\u00e1k\u016f a doprovodn\u00fd program. Ofici\u00e1ln\u011b byla akce zah\u00e1jena ve \u010dtvrtek v podve\u010der na n\u00e1m\u011bst\u00ed Svobody v Brn\u011b.<\/p>\n<p>Mlad\u00ed lid\u00e9 navz\u00e1jem zm\u011b\u0159\u00ed s\u00edly v p\u011bti sportech. Na v\u00fdb\u011br jsou atletika, plav\u00e1n\u00ed, boccia, stoln\u00ed tenis a jachting. Podle kategori\u00ed jsou tak\u00e9 rozd\u011blena m\u00edsta, kde se z\u00e1vody uskute\u010dn\u00ed.<\/p>\n<p>Na atletick\u00e9 discipl\u00edny je p\u0159ichystan\u00fd atletick\u00fd stadion VUT, na plav\u00e1n\u00ed baz\u00e9ny na Krav\u00ed ho\u0159e a nap\u0159\u00edklad v\u00a0jachtingu se bude sout\u011b\u017eit na Brn\u011bnsk\u00e9 p\u0159ehrad\u011b. &#8222;K tomuto \u00fa\u010delu m\u00e1me p\u016fj\u010den\u00e9 dv\u011b jachty. Pro \u00fa\u010dastn\u00edky to m\u016f\u017ee fungovat z\u00e1rove\u0148 jako terapie, proto\u017ee budou muset pro vyrovn\u00e1n\u00ed rovnov\u00e1hy na lodi zapojit r\u016fzn\u00e9 svaly,&#8220; \u0159ekl \u0159editel Nada\u010dn\u00edho fondu Emil V\u00edt\u011bzslav Dohnal.<\/p>\n<p>Na v\u00fdb\u011br jsou t\u0159i sportovn\u00ed kategorie. Kategorie Masters je ur\u010dena pro aktivn\u00ed sportovce. Kategie Open je vhodn\u00e1 sp\u00ed\u0161e pro rekrea\u010dn\u00ed sporovce nebo pro lidi, kte\u0159\u00ed teprve se sportem za\u010d\u00ednaj\u00ed. A\u010dkoliv se sout\u011b\u017e\u00ed podle pravidel, jsou podle organiz\u00e1tor\u016f pojata s men\u0161\u00ed p\u0159\u00edsnost\u00ed. Kategorie Mixed pak umo\u017e\u0148uje zapojen\u00ed i nehandicapovan\u00fdch sportovc\u016f.<\/p>\n<p>Celkem se do Brna sjelo na t\u0159i sta pades\u00e1t sporovc\u016f z deseti evropsk\u00fdch zem\u00ed a Arm\u00e9nie.\u00a0P\u0159ibli\u017en\u011b stovka \u00fa\u010dastn\u00edk\u016f je na voz\u00edku, zbytek sportovc\u016f\u00a0tvo\u0159\u00ed nevidom\u00ed \u010di jinak\u00a0handicapovan\u00ed lid\u00e9.\u00a0Hlavn\u00edm c\u00edlem akce je zprost\u0159edkovat sportovn\u00ed a spole\u010densk\u00e9 setk\u00e1n\u00ed mlad\u00fdch lid\u00ed s t\u011blesn\u00fdm posti\u017een\u00edm. Z\u00e1rove\u0148 se ale organiz\u00e1to\u0159i sna\u017e\u00ed i o lep\u0161\u00ed integraci t\u011bchto d\u011bt\u00ed a mlad\u00fdch lid\u00ed do spole\u010dnosti.<\/p>\n<p><strong>Do her se zapoj\u00ed div\u00e1ci i slavn\u00e9 osobnosti<\/strong><\/p>\n<p>Zapojit se proto mohou i div\u00e1ci, pro kter\u00e9 bylo na n\u00e1m\u011bst\u00ed Svobody ve \u010dtvrtek odpoledne p\u0159ichyst\u00e1no nap\u0159\u00edklad ragby na voz\u00edku \u010di futsal nevidom\u00fdch.<\/p>\n<p>&#8222;Nechceme po\u0159\u00e1dat z\u00e1vody na uzav\u0159en\u00fdch sportovi\u0161t\u00edch, naopak chceme dostat sportovce do ulic, aby ve\u0159ejnost vid\u011bla, co v\u0161echno um\u00ed. Z\u00e1rove\u0148 to m\u016f\u017ee pomoci motivovat handicapovan\u00e9, kte\u0159\u00ed dosud nic ned\u011blali,&#8220; vysv\u011btlil v\u00fdznam doprovodn\u00e9ho programu ur\u010den\u00e9ho i pro nehandicapovan\u00e9 n\u00e1v\u0161t\u011bvn\u00edky Dohnal.<\/p>\n<p>Sou\u010d\u00e1st\u00ed programu bude i exhibi\u010dn\u00ed utk\u00e1n\u00ed slavn\u00fdch osobnost\u00ed ve floorballu na elektrick\u00fdch voz\u00edc\u00edch.<\/p>\n<p>\u010ctvrte\u010dn\u00ed doprovodn\u00fd program vyvrcholil ofici\u00e1ln\u00edm zah\u00e1jen\u00edm, na n\u011bm\u017e vystoupila i zn\u00e1m\u00e1 hudebn\u00ed skupina The Tap Tap, kter\u00e1 je slo\u017eena z t\u011blesn\u011b posti\u017een\u00fdch student\u016f a absolvent\u016f \u0161kol pra\u017esk\u00e9ho Jedli\u010dkova \u00fastavu.<\/p>\n<p>Celou akci, s rozpo\u010dtem zhruba \u010dty\u0159i miliony korun, po\u0159\u00e1d\u00e1 Nada\u010dn\u00ed fond Emil. S organizac\u00ed pak bude cel\u00e9 \u010dty\u0159i dny pom\u00e1hat okolo dvou set dobrovoln\u00edk\u016f p\u0159edev\u0161\u00edm z \u0159ad st\u0159edo\u0161kolsk\u00fdch a vysoko\u0161kolsk\u00fdch student\u016f.<\/p>\n<p>invArena<\/p>\n","protected":false},"excerpt":{"rendered":"<div class=\"mh-excerpt\"><p>V Brn\u011b odstartovaly prvn\u00ed z\u00e1vody Mezin\u00e1rodn\u00edch her handicapovan\u00e9 ml\u00e1de\u017ee, pom\u011b\u0159ovat sv\u00e9 s\u00edly budou v plav\u00e1n\u00ed, stoln\u00edm tenise, atletice a dal\u0161\u00edch discipl\u00edn\u00e1ch. Potrvaj\u00ed do konce v\u00edkendu.<\/p>\n<\/div>","protected":false},"author":1,"featured_media":6904,"comment_status":"open","ping_status":"open","sticky":false,"template":"","format":"standard","meta":{"footnotes":""},"categories":[7],"tags":[],"class_list":["post-6903","post","type-post","status-publish","format-standard","has-post-thumbnail","hentry","category-spolecnost"],"_links":{"self":[{"href":"https:\/\/www.invarena.cz\/index.php?rest_route=\/wp\/v2\/posts\/6903","targetHints":{"allow":["GET"]}}],"collection":[{"href":"https:\/\/www.invarena.cz\/index.php?rest_route=\/wp\/v2\/posts"}],"about":[{"href":"https:\/\/www.invarena.cz\/index.php?rest_route=\/wp\/v2\/types\/post"}],"author":[{"embeddable":true,"href":"https:\/\/www.invarena.cz\/index.php?rest_route=\/wp\/v2\/users\/1"}],"replies":[{"embeddable":true,"href":"https:\/\/www.invarena.cz\/index.php?rest_route=%2Fwp%2Fv2%2Fcomments&post=6903"}],"version-history":[{"count":0,"href":"https:\/\/www.invarena.cz\/index.php?rest_route=\/wp\/v2\/posts\/6903\/revisions"}],"wp:featuredmedia":[{"embeddable":true,"href":"https:\/\/www.invarena.cz\/index.php?rest_route=\/wp\/v2\/media\/6904"}],"wp:attachment":[{"href":"https:\/\/www.invarena.cz\/index.php?rest_route=%2Fwp%2Fv2%2Fmedia&parent=6903"}],"wp:term":[{"taxonomy":"category","embeddable":true,"href":"https:\/\/www.invarena.cz\/index.php?rest_route=%2Fwp%2Fv2%2Fcategories&post=6903"},{"taxonomy":"post_tag","embeddable":true,"href":"https:\/\/www.invarena.cz\/index.php?rest_route=%2Fwp%2Fv2%2Ftags&post=6903"}],"curies":[{"name":"wp","href":"https:\/\/api.w.org\/{rel}","templated":true}]}}