{"id":6941,"date":"2013-06-22T16:02:54","date_gmt":"2013-06-22T14:02:54","guid":{"rendered":"http:\/\/www.invarena.cz\/?p=6941"},"modified":"2014-10-20T20:11:12","modified_gmt":"2014-10-20T18:11:12","slug":"parkinsonici-vystoupaji-na-vladar-zavitaji-take-do-chysi","status":"publish","type":"post","link":"https:\/\/www.invarena.cz\/?p=6941","title":{"rendered":"Parkinsonici vystoupaj\u00ed na Vlada\u0159"},"content":{"rendered":"<p><strong>Od 23. do 25. \u010dervna se uskute\u010dn\u00ed akce Vlada\u0159 na stolov\u00e9 ho\u0159e tohoto jm\u00e9na (foto) a z\u00e1mku Chy\u0161e. Akce chce spojit st\u0159edo\u0161kol\u00e1ky a nemocn\u00e9 Parkinsonovou chorobou, kter\u00fdm p\u0159i spole\u010dn\u00e9m v\u00fdstupu na Vlada\u0159 studenti pomohou.<\/strong><\/p>\n<p><!--more--><\/p>\n<p>A\u017e do roku 2005 byl Zden\u011bk Sad\u00edlek z Plas \u00fapln\u011b zdr\u00e1v, l\u00e9ka\u0159e nepot\u0159eboval. Pak na sob\u011b za\u010dal pozorovat podivn\u00e9 p\u0159\u00edznaky &#8211; m\u011bl probl\u00e9my s mluven\u00edm, potil se, \u0161patn\u011b chodil. Po s\u00e9rii n\u00e1v\u0161t\u011bv l\u00e9ka\u0159\u016f se mu potvrdila jeho domn\u011bnka, diagn\u00f3za Parkinsonovy choroby.<\/p>\n<p>V cel\u00e9m \u010cesku \u017eije 16 tis\u00edc nemocn\u00fdch, choroba postihuje centr\u00e1ln\u00ed nervovou soustavu. Pacient postupn\u011b p\u0159est\u00e1v\u00e1 kontrolovat svoje pohyby, co\u017e se navenek projevuje zpomalen\u00edm a zmen\u0161en\u00edm jejich rozsahu, svalovou ztuhlost\u00ed, ohnut\u00fdm dr\u017een\u00edm t\u011bla, p\u0159\u00edpadn\u011b t\u0159esem.<\/p>\n<p>Zden\u011bk Sad\u00edlek m\u00e1 dnes zejm\u00e9na probl\u00e9my s rovnov\u00e1hou, \u010dast\u011bji zakop\u00e1v\u00e1, pad\u00e1. &#8222;M\u00e1m pot\u00ed\u017ee i se psan\u00edm. Kdy\u017e za\u010dnu vlevo dole, skon\u010d\u00edm vpravo naho\u0159e a posledn\u00ed p\u00edsmenka u\u017e nejdou p\u0159e\u010d\u00edst,&#8220; p\u0159ibli\u017euje mu\u017e, kter\u00fd se cel\u00fd \u017eivot v\u011bnoval kanto\u0159in\u011b.<\/p>\n<p><strong>&#8222;Bojuji na v\u0161ech front\u00e1ch&#8220; <\/strong><\/p>\n<p>Sad\u00edlek se v\u0161ak nevzd\u00e1v\u00e1. &#8222;Bojuji na v\u0161ech front\u00e1ch &#8211; prac\u00ed na zahrad\u011b a uskute\u010dn\u011bn\u00edm projekt\u016f pro parkinsoniky,&#8220; \u0159\u00edk\u00e1 76let\u00fd mu\u017e a nar\u00e1\u017e\u00ed na to, \u017ee vstoupil do plze\u0148sk\u00e9ho klubu parkinsonik\u016f, s nimi\u017e po\u0159\u00e1daj\u00ed r\u016fzn\u00e9 akce.<\/p>\n<p>Proto\u017ee se Sad\u00edlek z\u00fa\u010dastnil n\u011bkolikr\u00e1t v\u00fdstupu lid\u00e9 s Parkinsonem na \u0158\u00edp, rozhodl se n\u011bco podobn\u00e9ho zorganizovat i v z\u00e1padn\u00edch \u010cech\u00e1ch.<\/p>\n<p>Od 23. do 25. \u010dervna, uskute\u010dn\u00ed akce Vlada\u0159 na stolov\u00e9 ho\u0159e tohoto jm\u00e9na v Karlovarsk\u00e9m kraji a z\u00e1mku Chy\u0161e. Akce chce spojit st\u0159edo\u0161kol\u00e1ky a nemocn\u00e9 Parkinsonovou chorobou, kter\u00fdm p\u0159i spole\u010dn\u00e9m v\u00fdstupu na Vlada\u0159 studenti pomohou.<\/p>\n<p>&#8222;Parkinson je choroba progresivn\u00ed, tak\u017ee mezi pacienty jsou lid\u00e9, kte\u0159\u00ed jsou st\u00e1le schopni \u017e\u00edt tak\u0159ka norm\u00e1ln\u00ed \u017eivot a zapojovat se i do fyzicky n\u00e1ro\u010dn\u00fdch aktivit. Vedle toho jsou pokro\u010dil\u00ed parkinsonici, kte\u0159\u00ed bez pomoci okol\u00ed nedok\u00e1\u017e\u00ed ani vst\u00e1t z postele. Proto je program odstup\u0148ovan\u00fd podle n\u00e1ro\u010dnosti,&#8220; \u0159\u00edk\u00e1 Zden\u011bk Sad\u00edlek.<\/p>\n<p>V\u00fdstup na Vlada\u0159 je rozd\u011blen do t\u0159\u00ed skupin a pro ty, kdo se nebudou cht\u00edt nebo moci z\u00fa\u010dastnit \u017e\u00e1dn\u00e9 z vych\u00e1zek, je zaj\u00edmav\u00fd program i na z\u00e1mku Chy\u0161e.<\/p>\n<p>&#8212;<\/p>\n<p>Mlad\u00e1 fronta DNES<\/p>\n<h5><em>Po skon\u010den\u00ed akce dne 27.6.2013 vy\u0161el v region\u00e1ln\u00edm den\u00edku tento \u010dl\u00e1nek:<\/em><\/h5>\n<h2>Nemocn\u00ed, studenti a senio\u0159i pozn\u00e1vali historii Vlada\u0159e<\/h2>\n<p>Chy\u0161e \u2013 Na sedm stovek \u00fa\u010dastn\u00edk\u016f si p\u0159ijelo poslechnout cyklus p\u0159edn\u00e1\u0161ek s n\u00e1zvem Vlada\u0159 sv\u011bdek d\u00e1vn\u00e9 minulosti a m\u00edsto \u00fachvatn\u00e9 p\u0159\u00edrody. T\u0159\u00eddenn\u00ed akci po\u0159adatel\u00e9 p\u0159ipravili p\u0159edev\u0161\u00edm pro st\u0159edo\u0161kol\u00e1ky z Karlovarsk\u00e9ho a Plze\u0148sk\u00e9ho kraje, seniory a lidi posti\u017een\u00e9 Parkinsonovou chorobou.<\/p>\n<p>&#8222;Krom\u011b setk\u00e1n\u00ed generac\u00ed byl hlavn\u00ed c\u00edl kultivovat ml\u00e1de\u017e. Kdy\u017e pozn\u00e1 pam\u00e1tky, m\u00e1 k nim pak jin\u00fd, lep\u0161\u00ed vztah,&#8220; \u0159ekl Vladim\u00edr La\u017eansk\u00fd, na jeho\u017e z\u00e1mku v Chy\u0161i se semin\u00e1\u0159 odehr\u00e1val.<\/p>\n<p>&#8222;P\u0159edn\u00e1\u0161ela skute\u010dn\u00e1 esa ve sv\u00fdch oborech a uzn\u00e1van\u00ed archeologov\u00e9. Studenti se tak dozv\u011bd\u011bli neskute\u010dn\u00e9 v\u011bci.,&#8220; pochvaloval si La\u017eansk\u00fd s t\u00edm, \u017ee lekto\u0159i mluvili nejen o Vlada\u0159i, ale tak\u00e9 o \u0159ece St\u0159ele.<\/p>\n<p>Hlavn\u00edm t\u00e9matem leto\u0161n\u00edho setk\u00e1n\u00ed byl podle n\u011bj Karel \u010capek, jemu\u017e je v\u011bnovan\u00e1 i nov\u011b vydan\u00e1 bro\u017eura. Ta je nyn\u00ed k dost\u00e1n\u00ed p\u0159\u00edmo v z\u00e1mku v Chy\u0161i.<\/p>\n<p>&#8222;\u00da\u010dastn\u00edci se vypravili na horu Vlada\u0159, nav\u0161t\u00edvili tak\u00e9 st\u00e1je zn\u00e1m\u00e9ho \u017eokeje V\u00e1ni a samoz\u0159ejm\u011b si prohl\u00e9dli z\u00e1mek,&#8220; popsal La\u017eansk\u00fd t\u0159et\u00ed ro\u010dn\u00edk setk\u00e1n\u00ed, kter\u00e9 skon\u010dilo tento t\u00fdden.<\/p>\n<p>Karlovarsk\u00fd den\u00edk<\/p>\n","protected":false},"excerpt":{"rendered":"<div class=\"mh-excerpt\"><p>Od 23. do 25. \u010dervna se uskute\u010dn\u00ed akce Vlada\u0159 na stolov\u00e9 ho\u0159e tohoto jm\u00e9na (foto) a z\u00e1mku Chy\u0161e. Akce chce spojit st\u0159edo\u0161kol\u00e1ky a nemocn\u00e9 Parkinsonovou <a class=\"mh-excerpt-more\" href=\"https:\/\/www.invarena.cz\/?p=6941\" title=\"Parkinsonici vystoupaj\u00ed na Vlada\u0159\">[&#8230;]<\/a><\/p>\n<\/div>","protected":false},"author":1,"featured_media":6942,"comment_status":"open","ping_status":"open","sticky":false,"template":"","format":"standard","meta":{"footnotes":""},"categories":[7],"tags":[],"class_list":["post-6941","post","type-post","status-publish","format-standard","has-post-thumbnail","hentry","category-spolecnost"],"_links":{"self":[{"href":"https:\/\/www.invarena.cz\/index.php?rest_route=\/wp\/v2\/posts\/6941","targetHints":{"allow":["GET"]}}],"collection":[{"href":"https:\/\/www.invarena.cz\/index.php?rest_route=\/wp\/v2\/posts"}],"about":[{"href":"https:\/\/www.invarena.cz\/index.php?rest_route=\/wp\/v2\/types\/post"}],"author":[{"embeddable":true,"href":"https:\/\/www.invarena.cz\/index.php?rest_route=\/wp\/v2\/users\/1"}],"replies":[{"embeddable":true,"href":"https:\/\/www.invarena.cz\/index.php?rest_route=%2Fwp%2Fv2%2Fcomments&post=6941"}],"version-history":[{"count":0,"href":"https:\/\/www.invarena.cz\/index.php?rest_route=\/wp\/v2\/posts\/6941\/revisions"}],"wp:featuredmedia":[{"embeddable":true,"href":"https:\/\/www.invarena.cz\/index.php?rest_route=\/wp\/v2\/media\/6942"}],"wp:attachment":[{"href":"https:\/\/www.invarena.cz\/index.php?rest_route=%2Fwp%2Fv2%2Fmedia&parent=6941"}],"wp:term":[{"taxonomy":"category","embeddable":true,"href":"https:\/\/www.invarena.cz\/index.php?rest_route=%2Fwp%2Fv2%2Fcategories&post=6941"},{"taxonomy":"post_tag","embeddable":true,"href":"https:\/\/www.invarena.cz\/index.php?rest_route=%2Fwp%2Fv2%2Ftags&post=6941"}],"curies":[{"name":"wp","href":"https:\/\/api.w.org\/{rel}","templated":true}]}}