{"id":6952,"date":"2013-06-22T09:03:43","date_gmt":"2013-06-22T07:03:43","guid":{"rendered":"http:\/\/www.invarena.cz\/?p=6952"},"modified":"2013-06-22T18:50:02","modified_gmt":"2013-06-22T16:50:02","slug":"bara-maluje-stetcem-v-ustech","status":"publish","type":"post","link":"https:\/\/www.invarena.cz\/?p=6952","title":{"rendered":"B\u00e1ra maluje \u0161t\u011btcem v \u00fastech"},"content":{"rendered":"<p><strong>V\u00fdstava obr\u00e1zk\u016f jeden\u00e1ctilet\u00e9 Barbory Sedl\u00e1\u010dkov\u00e9 (foto), kter\u00e1 maluje \u00fasty, proto\u017ee ji kv\u016fli nemoci zvan\u00e9 neuropatie ochabuje t\u011blo. O to bohat\u0161\u00ed je krajina jej\u00ed fantazie \u2013 vesel\u00fd sv\u011bt pln\u00fd lid\u00ed a zv\u00ed\u0159at v pohybu. Ve Sladovn\u011b v P\u00edsku.<\/strong><\/p>\n<p><!--more--><\/p>\n<p>Od 25. \u010dervna do 11. srpna maj\u00ed n\u00e1v\u0161t\u011bvn\u00edci Sladovny krom\u011b st\u00e1l\u00fdch expozic a dal\u0161\u00edch v\u00fdstav p\u0159\u00edle\u017eitost vid\u011bt mimo\u0159\u00e1dnou p\u0159ehl\u00eddku z tvorby mlad\u00e9 \u010deskobud\u011bjovick\u00e9 amat\u00e9rsk\u00e9 v\u00fdtvarnice Barbory Sedl\u00e1\u010dkov\u00e9.<\/p>\n<p>Dnes jeden\u00e1ctiletou \u017ea\u010dku z\u00e1kladn\u00ed \u0161koly p\u0159i st\u0159edisku Arpida postihla nemoc nazvan\u00e1 neuropatie, p\u0159i kter\u00e9 ochabuje svalstvo.<\/p>\n<p>B\u00e1ra se v\u0161ak nevzdala. Chod\u00ed do \u0161koly, m\u00e1 soustu kamar\u00e1d\u016f. I kdy\u017e v ruce neudr\u017e\u00ed \u0161t\u011btec, na\u0161la zp\u016fsob, jak p\u0159esv\u011bd\u010dit okol\u00ed o sv\u00e9m v\u00fdtvarn\u00e9m nad\u00e1n\u00ed.<\/p>\n<p>&#8222;Bar\u010da kreslila odmali\u010dka. Kdy\u017e to pak ne\u0161lo rukama, za\u010dala malovat \u0161t\u011btcem v \u00fastech,&#8220; p\u0159ipomn\u011bla jej\u00ed maminka Milada Sedl\u00e1\u010dkov\u00e1. Ji a zejm\u00e9na B\u00e1ru n\u00e1pad uspo\u0159\u00e1dat prvn\u00ed samostatnou v\u00fdstavu velmi pot\u011b\u0161il.<\/p>\n<p>&#8222;Pro dal\u0161\u00ed posti\u017een\u00e9 d\u011bti m\u016f\u017ee b\u00fdt takov\u00e1 akce i motivac\u00ed, jak p\u0159ekonat s\u00e1m sebe a hledat mo\u017enosti, jak projevit sv\u00e9 schopnosti,&#8220; dodala Milada Sedl\u00e1\u010dkov\u00e1.<\/p>\n<p>B\u00e1ru hodn\u011b inspirovali Licho\u017erouti, za kter\u00fdmi letos v \u00fanoru poprv\u00e9 p\u0159i\u0161la do p\u00edseck\u00e9 Sladovny. Jednu z d\u00edlen tehdy vedl ilustr\u00e1tor Jakub Zich a ten tak\u00e9 p\u0159i\u0161el s n\u00e1padem uspo\u0159\u00e1dat ve Sladovn\u011b v\u00fdstavu jej\u00edch obr\u00e1zk\u016f.<\/p>\n<p>Vernis\u00e1\u017e v\u00fdstavy nazvan\u00e9 Pusopis se kon\u00e1 v \u00fater\u00fd 25. \u010dervna od 17 hodin ve vestibulu Sladovny. Barbora Sedl\u00e1\u010dkov\u00e1 je prvn\u00ed v\u00fdtvarnic\u00ed, jej\u00ed\u017e obr\u00e1zky dost\u00e1vaj\u00ed prostor ve vstupn\u00ed hale historick\u00e9ho objektu.<\/p>\n<p>Do Sladovny se poprv\u00e9 vypravila letos na v\u00fdtvarnou d\u00edlnu v\u011bnovanou Licho\u017erout\u016fm, kde sv\u00fdm talentem zaujala, a je \u0161\u0165astn\u00e1, \u017ee zde m\u016f\u017ee m\u00edt svoji prvn\u00ed v\u00fdstavu v \u017eivot\u011b.<\/p>\n<p>B\u00e1ra vyhr\u00e1la v\u00fdtvarnou sout\u011b\u017e Lidick\u00e1 r\u016f\u017ee a boduje p\u0159i charitativn\u00edch And\u011blsk\u00fdch aukc\u00edch. Vernis\u00e1\u017ee se z\u00fa\u010dastn\u00ed ilustr\u00e1tor Jakub Zich se z\u00e1bavn\u00fdm v\u00fdtvarn\u00fdm programem bez bari\u00e9r pro d\u011bti.<\/p>\n<p>Vernis\u00e1\u017e se kon\u00e1 v \u00fater\u00fd 25. 6. od 17.00h. V\u00fdstava se kon\u00e1 ve foyer Sladovny.<\/p>\n<p>invArena<\/p>\n","protected":false},"excerpt":{"rendered":"<div class=\"mh-excerpt\"><p>V\u00fdstava obr\u00e1zk\u016f jeden\u00e1ctilet\u00e9 Barbory Sedl\u00e1\u010dkov\u00e9 (foto), kter\u00e1 maluje \u00fasty, proto\u017ee ji kv\u016fli nemoci zvan\u00e9 neuropatie ochabuje t\u011blo. O to bohat\u0161\u00ed je krajina jej\u00ed fantazie \u2013 <a class=\"mh-excerpt-more\" href=\"https:\/\/www.invarena.cz\/?p=6952\" title=\"B\u00e1ra maluje \u0161t\u011btcem v \u00fastech\">[&#8230;]<\/a><\/p>\n<\/div>","protected":false},"author":1,"featured_media":6953,"comment_status":"open","ping_status":"open","sticky":false,"template":"","format":"standard","meta":{"footnotes":""},"categories":[17],"tags":[],"class_list":["post-6952","post","type-post","status-publish","format-standard","has-post-thumbnail","hentry","category-kultura"],"_links":{"self":[{"href":"https:\/\/www.invarena.cz\/index.php?rest_route=\/wp\/v2\/posts\/6952","targetHints":{"allow":["GET"]}}],"collection":[{"href":"https:\/\/www.invarena.cz\/index.php?rest_route=\/wp\/v2\/posts"}],"about":[{"href":"https:\/\/www.invarena.cz\/index.php?rest_route=\/wp\/v2\/types\/post"}],"author":[{"embeddable":true,"href":"https:\/\/www.invarena.cz\/index.php?rest_route=\/wp\/v2\/users\/1"}],"replies":[{"embeddable":true,"href":"https:\/\/www.invarena.cz\/index.php?rest_route=%2Fwp%2Fv2%2Fcomments&post=6952"}],"version-history":[{"count":0,"href":"https:\/\/www.invarena.cz\/index.php?rest_route=\/wp\/v2\/posts\/6952\/revisions"}],"wp:featuredmedia":[{"embeddable":true,"href":"https:\/\/www.invarena.cz\/index.php?rest_route=\/wp\/v2\/media\/6953"}],"wp:attachment":[{"href":"https:\/\/www.invarena.cz\/index.php?rest_route=%2Fwp%2Fv2%2Fmedia&parent=6952"}],"wp:term":[{"taxonomy":"category","embeddable":true,"href":"https:\/\/www.invarena.cz\/index.php?rest_route=%2Fwp%2Fv2%2Fcategories&post=6952"},{"taxonomy":"post_tag","embeddable":true,"href":"https:\/\/www.invarena.cz\/index.php?rest_route=%2Fwp%2Fv2%2Ftags&post=6952"}],"curies":[{"name":"wp","href":"https:\/\/api.w.org\/{rel}","templated":true}]}}