{"id":7223,"date":"2013-07-18T01:38:49","date_gmt":"2013-07-17T23:38:49","guid":{"rendered":"http:\/\/www.invarena.cz\/?p=7223"},"modified":"2013-07-18T12:39:04","modified_gmt":"2013-07-18T10:39:04","slug":"smich-uzivatelu-je-odmenou","status":"publish","type":"post","link":"https:\/\/www.invarena.cz\/?p=7223","title":{"rendered":"Sm\u00edch u\u017eivatel\u016f je odm\u011bnou"},"content":{"rendered":"<p><strong>Denn\u00ed stacion\u00e1\u0159 Nesa ve Velk\u00e9m Mezi\u0159\u00ed\u010d\u00ed pro\u0161el v roce 2010 rozs\u00e1hlou rekonstrukc\u00ed. Voln\u00e1 m\u00edsta pro nov\u00e9 u\u017eivatele st\u00e1le je\u0161t\u011b jsou..Rozhovor s vedouc\u00ed stacion\u00e1\u0159e.\u00a0<\/strong><\/p>\n<p><!--more--><\/p>\n<p>Nejsme sami. Pr\u00e1v\u011b tato dv\u011b slova se skr\u00fdvaj\u00ed v n\u00e1zvu denn\u00edho stacion\u00e1\u0159e Nesa, kter\u00fd je jedn\u00edm ze za\u0159\u00edzen\u00ed \u017e\u010f\u00e1rsk\u00e9 Charity. V tom velkomezi\u0159\u00ed\u010dsk\u00e9m p\u016fsob\u00ed u\u017e deset let jeho sou\u010dasn\u00e1 vedouc\u00ed Alena Poulov\u00e1.<\/p>\n<p>&#8211; <strong>Zaj\u00edm\u00e1 m\u011b, jak\u00e9 slu\u017eby stacion\u00e1\u0159 poskytuje a tak\u00e9 pro\u010d se vlastn\u011b jmenuje Nesa? Co v\u016fbec toto pojmenov\u00e1n\u00ed vyjad\u0159uje?<\/strong><\/p>\n<p>Denn\u00ed stacion\u00e1\u0159 je ambulantn\u00ed soci\u00e1ln\u00ed slu\u017eba. U\u017eivatel\u00e9 bydl\u00ed ve sv\u00fdch rodin\u00e1ch a u n\u00e1s tr\u00e1v\u00ed pouze ur\u010ditou \u010d\u00e1st dne. Co budou ve stacion\u00e1\u0159i d\u011blat a v jak\u00e9m rozsahu budou na\u0161e slu\u017eby vyu\u017e\u00edvat, rozhoduj\u00ed p\u0159edev\u0161\u00edm oni sami, pop\u0159\u00edpad\u011b jejich z\u00e1konn\u00ed z\u00e1stupci. Samoz\u0159ejm\u011b v\u0161e mus\u00ed b\u00fdt v souladu se z\u00e1konem o soci\u00e1ln\u00edch slu\u017eb\u00e1ch, podle kter\u00e9ho je na\u0161e slu\u017eba poskytov\u00e1na. A k n\u00e1zvu snad jen to, \u017ee je slo\u017een z po\u010d\u00e1te\u010dn\u00edch slabik slov &#8222;nejsme sami&#8220;. Na\u0161e slu\u017eba by r\u00e1da p\u0159isp\u011bla k tomu, aby se u\u017eivatel\u00e9 nec\u00edtili nikdy sami.<\/p>\n<p><strong>&#8211; Mohla byste stru\u010dn\u011b p\u0159ibl\u00ed\u017eit, jak\u00fdm zp\u016fsobem tr\u00e1v\u00ed u\u017eivatel\u00e9 sv\u016fj denn\u00ed pobyt ve stacion\u00e1\u0159i? Zapojuj\u00ed se v\u0161ichni aktivn\u011b do \u010dinnosti?<\/strong><\/p>\n<p>Ka\u017ed\u00fd u\u017eivatel m\u00e1 dle sv\u00fdch pot\u0159eb, p\u0159\u00e1n\u00ed a schopnost\u00ed sestaven sv\u016fj individu\u00e1ln\u00ed program. U v\u0161ech se sna\u017e\u00edme b\u011bhem cel\u00e9ho pobytu o jejich maxim\u00e1ln\u00ed rozvoj. Zam\u011b\u0159ujeme se p\u0159edev\u0161\u00edm na dovednosti, kter\u00e9 pot\u0159ebuj\u00ed v ka\u017edodenn\u00edm \u017eivot\u011b. V praxi to znamen\u00e1, \u017ee se nap\u0159\u00edklad u\u010d\u00ed samostatn\u011b obl\u00e9kat, naj\u00edst se, namazat si chleba, nakoupit, p\u0159ipravit si jednoduch\u00e9 j\u00eddlo. Tak\u00e9 se zam\u011b\u0159ujeme na rozvoj pracovn\u00edch dovednost\u00ed, u\u017eivatel\u00e9 pracuj\u00ed v d\u00edln\u00e1ch, na zahrad\u011b kolem stacion\u00e1\u0159e. N\u011bkdy tyto uveden\u00e9 \u010dinnosti nejsou schopni samostatn\u011b zvl\u00e1dnout, ale mohou se na nich alespo\u0148 \u010d\u00e1ste\u010dn\u011b pod\u00edlet. M\u00e1me i u\u017eivatele s t\u011b\u017ek\u00fdm posti\u017een\u00edm, kte\u0159\u00ed se samostatn\u011b nepohybuj\u00ed a verb\u00e1ln\u011b nekomunikuj\u00ed. Krom\u011b toho, \u017ee je u nich n\u011bkdy nutn\u00e9 zajistit jejich nejz\u00e1kladn\u011bj\u0161\u00ed pot\u0159eby v pln\u00e9m rozsahu, je samoz\u0159ejm\u011b mo\u017en\u00e9 i je rozv\u00edjet. V\u0161emi \u010dinnostmi se sna\u017e\u00edme na\u0161e u\u017eivatele aktivizovat, aby smyslupln\u011b, ale z\u00e1rove\u0148 p\u0159\u00edjemn\u011b str\u00e1vili sv\u016fj den. D\u00e1le se s nimi pohybujeme i mimo stacion\u00e1\u0159. Chod\u00edme do m\u011bsta, na n\u00e1kupy, na koncerty, jezd\u00edme na v\u00fdlety a v l\u00e9t\u011b na t\u00fddenn\u00ed pobyt.<\/p>\n<p><strong>&#8211; Kdy\u017e popisujete, jak\u00e9 \u010dinnosti mohou u\u017eivatel\u00e9 vykon\u00e1vat, nab\u00edz\u00ed se ot\u00e1zka, pro jakou c\u00edlovou skupinu je va\u0161e za\u0159\u00edzen\u00ed ur\u010deno?<\/strong><\/p>\n<p>Na\u0161imi u\u017eivateli jsou d\u011bti a dosp\u011bl\u00ed lid\u00e9 s ment\u00e1ln\u00edm a kombinovan\u00fdm posti\u017een\u00edm. Stacion\u00e1\u0159 byl p\u0159ed v\u00edce ne\u017e dvaceti lety zalo\u017een pro d\u011bti a ml\u00e1de\u017e. Tehdy byly d\u011bti s t\u011b\u017e\u0161\u00edm posti\u017een\u00edm ozna\u010dov\u00e1ny, a to nepr\u00e1vem, jako &#8222;nevzd\u011blavateln\u00e9&#8220; a nebylo jim umo\u017en\u011bno doch\u00e1zet do \u0161kol. Dnes je situace jin\u00e1. V\u0161echny d\u011bti maj\u00ed pr\u00e1vo se vzd\u011bl\u00e1vat, proto jsou v sou\u010dasn\u00e9 dob\u011b na\u0161imi u\u017eivateli p\u0159edev\u0161\u00edm dosp\u011bl\u00ed lid\u00e9. Ale z\u00e1rove\u0148 n\u011bkter\u00e9 d\u011bti, kter\u00e9 doch\u00e1z\u00ed do \u0161koly, k n\u00e1m p\u0159ich\u00e1z\u00ed odpoledne po v\u00fduce nebo na\u0161e slu\u017eby vyu\u017e\u00edvaj\u00ed o pr\u00e1zdnin\u00e1ch.<\/p>\n<p><strong>&#8211; P\u0159\u00edpadn\u00e9 z\u00e1jemce o va\u0161e slu\u017eby bude jist\u011b zaj\u00edmat, zda si u\u017eivatel\u00e9 pobyt ve stacion\u00e1\u0159i financuj\u00ed, nebo jsou slu\u017eby poskytov\u00e1ny zdarma?<\/strong><\/p>\n<p>Podle z\u00e1kona poskytujeme slu\u017eby za \u00fahradu. Na\u0161i u\u017eivatel\u00e9 dost\u00e1vaj\u00ed p\u0159\u00edsp\u011bvek na p\u00e9\u010di, ze kter\u00e9ho slu\u017eby plat\u00ed. To pokryje pouze \u010d\u00e1st n\u00e1klad\u016f, zb\u00fdvaj\u00edc\u00ed n\u00e1klady hrad\u00edme z dotac\u00ed od st\u00e1tu, m\u011bst, obc\u00ed, ze sb\u00edrek, nadac\u00ed a dar\u016f.<\/p>\n<p><strong>&#8211; Jak jste ji\u017e v \u00favodu zm\u00ednila, jste denn\u00ed stacion\u00e1\u0159. Jak\u00fdm zp\u016fsobem se k v\u00e1m u\u017eivatel\u00e9 dost\u00e1vaj\u00ed?<\/strong><\/p>\n<p>Je to p\u0159edev\u0161\u00edm d\u00edky doprav\u011b, kterou na\u0161im u\u017eivatel\u016fm nab\u00edz\u00edme. M\u00e1me auta s \u00fapravou pro p\u0159epravu osob na voz\u00edku. V lo\u0148sk\u00e9m roce se n\u00e1m poda\u0159ilo zakoupit p\u0159edev\u0161\u00edm d\u00edky v\u00fdt\u011b\u017eku T\u0159\u00edkr\u00e1lov\u00e9 sb\u00edrky a sponzor\u016fm nov\u00e9, v\u011bt\u0161\u00ed auto se speci\u00e1ln\u00ed \u00fapravou, tak\u017ee m\u016f\u017eeme p\u0159epravovat i osoby na rozm\u011brn\u00fdch voz\u00edc\u00edch. Tak\u00e9 k n\u00e1m doch\u00e1z\u00ed u\u017eivatel\u00e9, kte\u0159\u00ed bydl\u00ed nedaleko stacion\u00e1\u0159e a cestu zvl\u00e1dnou sami. Jeden u\u017eivatel se dokonce nau\u010dil p\u0159ij\u00ed\u017ed\u011bt k n\u00e1m autobusem.<\/p>\n<p><strong>&#8211; Jste prosp\u011b\u0161n\u00ed tak\u00e9 \u010dlen\u016fm rodiny. Jak Nesa pom\u00e1h\u00e1 pr\u00e1v\u011b jim?<\/strong><\/p>\n<p>V\u011bt\u0161ina na\u0161ich u\u017eivatel\u016f pot\u0159ebuje st\u00e1lou p\u00e9\u010di, kter\u00e1 je n\u011bkdy jak po psychick\u00e9, tak po fyzick\u00e9 str\u00e1nce velmi n\u00e1ro\u010dn\u00e1. Pobyt u n\u00e1s je pro pe\u010duj\u00edc\u00ed osobu p\u0159edev\u0161\u00edm odleh\u010den\u00edm. Kdy\u017e jsou u\u017eivatel\u00e9 u n\u00e1s ve stacion\u00e1\u0159i, maj\u00ed p\u0159edev\u0161\u00edm jejich maminky prostor na zcela b\u011b\u017en\u00fd \u017eivot, na p\u00e9\u010di o rodinu, dom\u00e1cnost a v ide\u00e1ln\u00edm p\u0159\u00edpad\u011b chod\u00ed do zam\u011bstn\u00e1n\u00ed. Sna\u017e\u00edme se pom\u00e1hat rodin\u00e1m i podporou v jejich n\u00e1ro\u010dn\u00fdch situac\u00edch. Celo\u017eivotn\u00ed p\u00e9\u010de o \u010dlov\u011bka s posti\u017een\u00edm je n\u00e1ro\u010dn\u00e1 pro celou rodinu, a v\u0161ech rodin, kter\u00e9 to zvl\u00e1daj\u00ed, si velmi v\u00e1\u017e\u00edme.<\/p>\n<p><strong>&#8211; V roce 2010 prob\u011bhla rozs\u00e1hl\u00e1 rekonstrukce Nesy. Co se ve stacion\u00e1\u0159i, mimo to, \u017ee jste roz\u0161\u00ed\u0159ili prostory, zm\u011bnilo?<\/strong><\/p>\n<p>P\u0159edev\u0161\u00edm jsme z\u00edskali zcela bezbari\u00e9rov\u00e9 prostory v\u010detn\u011b speci\u00e1ln\u00edch pom\u016fcek, kter\u00e9 jsou nezbytn\u00e9 pro pobyt osob s t\u011b\u017ek\u00fdmi stupni posti\u017een\u00ed. D\u00e1le jsme zde vybudovali n\u011bkolik d\u00edlen, cvi\u010dnou kuchyni a relaxa\u010dn\u00ed m\u00edstnost snoezelen. Tak\u00e9 zde vzniklo z\u00e1zem\u00ed pro ter\u00e9nn\u00ed slu\u017ebu osobn\u00ed asistence.<\/p>\n<p><strong>&#8211; Jak jste ji\u017e \u0159ekla, pat\u0159\u00ed mezi va\u0161e u\u017eivatele i lid\u00e9 s ment\u00e1ln\u00edm posti\u017een\u00edm. Dok\u00e1zala byste je n\u011bjak\u00fdm zp\u016fsobem charakterizovat?<\/strong><\/p>\n<p>Jsou to lid\u00e9 jako v\u0161ichni ostatn\u00ed. Bohu\u017eel je ve spole\u010dnosti po\u0159\u00e1d roz\u0161\u00ed\u0159en\u00fd p\u0159edsudek, \u017ee jsou jako d\u011bti. Je pravda, \u017ee ment\u00e1ln\u00ed posti\u017een\u00ed se mimo jin\u00e9 projevuje sn\u00ed\u017eenou inteligenc\u00ed, to ale neznamen\u00e1, \u017ee m\u00e1me pr\u00e1vo p\u0159istupovat k t\u011bmto lidem jako k d\u011btem. Maj\u00ed naprosto stejn\u00e9 pot\u0159eby jako my ostatn\u00ed. Cht\u011bj\u00ed b\u00fdt p\u0159ij\u00edm\u00e1ni sv\u00fdm okol\u00edm, rozv\u00edjet se, n\u011bco dok\u00e1zat, b\u00fdt u\u017eite\u010dn\u00ed, d\u011blat v\u011bci, kter\u00e9 jim p\u0159in\u00e1\u0161ej\u00ed radost, m\u00edt p\u0159\u00e1tele a b\u00fdt s lidmi, se kter\u00fdmi jim je dob\u0159e, prost\u011b \u017e\u00edt jako ostatn\u00ed dosp\u011bl\u00ed.<\/p>\n<p><strong>&#8211; Pokud by m\u011bl n\u011bkdo z\u00e1jem o va\u0161i slu\u017ebu a spadal by do va\u0161\u00ed c\u00edlov\u00e9 skupiny, jak v\u00e1s m\u016f\u017ee kontaktovat?<\/strong><\/p>\n<p>Ur\u010dit\u011b nejl\u00e9pe telefonicky na \u010d\u00edsle 777 155 376. V\u0161em z\u00e1jemc\u016fm za\u0159\u00edzen\u00ed uk\u00e1\u017eeme, aby m\u011bli p\u0159edstavu, co v\u0161e jim m\u016f\u017eeme nab\u00eddnout. V sou\u010dasn\u00e9 dob\u011b m\u00e1me zat\u00edm je\u0161t\u011b volnou kapacitu pro p\u0159ijet\u00ed<strong> dal\u0161\u00edch u\u017eivatel\u016f.<\/strong><\/p>\n<p><strong>&#8211; Ve \u017e\u010f\u00e1rsk\u00e9 Charit\u011b a ve stacion\u00e1\u0159i jste u\u017e t\u00e9m\u011b\u0159 deset let. Z \u010deho m\u00e1te nejv\u011bt\u0161\u00ed radost?<\/strong><\/p>\n<p>Z t\u011bch materi\u00e1ln\u00edch v\u011bc\u00ed m\u00e1m ur\u010dit\u011b radost z toho, \u017ee se n\u00e1m poda\u0159ilo vybudovat p\u011bkn\u00e9 a p\u0159edev\u0161\u00edm zcela bezbari\u00e9rov\u00e9 za\u0159\u00edzen\u00ed. D\u00edky tomu jsme mohli p\u0159ijmout nov\u00e9 u\u017eivatele, kte\u0159\u00ed na tuto mo\u017enost \u010dekali mnoho let. Dal\u0161\u00ed moj\u00ed radost\u00ed je slu\u017eba osobn\u00ed asistence, kterou jsme zde zalo\u017eili a o kterou je st\u00e1le v\u011bt\u0161\u00ed z\u00e1jem. U\u017e mnoha lidem pomohla k tomu, aby mohli z\u016fstat doma, i kdy\u017e maj\u00ed n\u011bjak\u00e9 omezen\u00ed. Ale ur\u010dit\u011b nejv\u011bt\u0161\u00ed radost\u00ed mi je spokojenost a pokroky na\u0161ich u\u017eivatel\u016f. Nap\u0159\u00edklad to, \u017ee se n\u011bkter\u00fd u\u017eivatel nau\u010dil s\u00e1m naj\u00edst, jin\u00fd se nau\u010dil s\u00e1m si nakoupit, i kdy\u017e neum\u00ed \u010d\u00edst ani po\u010d\u00edtat, a jin\u00fd zvl\u00e1dl poprv\u00e9 v \u017eivot\u011b t\u00fddenn\u00ed pobyt mimo domov. N\u011bkte\u0159\u00ed na\u0161i u\u017eivatel\u00e9 n\u00e1m sice nikdy ne\u0159eknou, \u017ee k n\u00e1m chod\u00ed r\u00e1di, ale jejich sm\u00edch v okam\u017eiku, kdy\u017e p\u0159ijedeme pro n\u011b dom\u016f, je pro n\u00e1s nejv\u011bt\u0161\u00edm ocen\u011bn\u00edm. P\u0159i p\u0159ijet\u00ed jedn\u00e9 u\u017eivatelky n\u00e1m tat\u00ednek vzhledem k jej\u00edmu posti\u017een\u00ed \u0159ekl: &#8222;D\u00e1v\u00e1m v\u00e1m \u010dtrn\u00e1ct dn\u00ed.&#8220; Tato sle\u010dna je u n\u00e1s ji\u017e t\u0159et\u00edm rokem, je velmi spokojen\u00e1 a d\u011bl\u00e1 velk\u00e9 pokroky. Ur\u010dit\u011b na tom maj\u00ed z\u00e1sluhu moji kolegov\u00e9, kte\u0159\u00ed poskytuj\u00ed slu\u017ebu s nesm\u00edrnou trp\u011blivost\u00ed, a dovol\u00edm si \u0159\u00edct, \u017ee i s l\u00e1skou, kter\u00e1 je pro tuto pr\u00e1ci nezbytn\u00e1.<\/p>\n","protected":false},"excerpt":{"rendered":"<div class=\"mh-excerpt\"><p>Denn\u00ed stacion\u00e1\u0159 Nesa ve Velk\u00e9m Mezi\u0159\u00ed\u010d\u00ed pro\u0161el v roce 2010 rozs\u00e1hlou rekonstrukc\u00ed. Voln\u00e1 m\u00edsta pro nov\u00e9 u\u017eivatele st\u00e1le je\u0161t\u011b jsou..Rozhovor s vedouc\u00ed stacion\u00e1\u0159e.\u00a0<\/p>\n<\/div>","protected":false},"author":1,"featured_media":4002,"comment_status":"open","ping_status":"open","sticky":false,"template":"","format":"standard","meta":{"footnotes":""},"categories":[12],"tags":[],"class_list":["post-7223","post","type-post","status-publish","format-standard","has-post-thumbnail","hentry","category-rozhovory"],"_links":{"self":[{"href":"https:\/\/www.invarena.cz\/index.php?rest_route=\/wp\/v2\/posts\/7223","targetHints":{"allow":["GET"]}}],"collection":[{"href":"https:\/\/www.invarena.cz\/index.php?rest_route=\/wp\/v2\/posts"}],"about":[{"href":"https:\/\/www.invarena.cz\/index.php?rest_route=\/wp\/v2\/types\/post"}],"author":[{"embeddable":true,"href":"https:\/\/www.invarena.cz\/index.php?rest_route=\/wp\/v2\/users\/1"}],"replies":[{"embeddable":true,"href":"https:\/\/www.invarena.cz\/index.php?rest_route=%2Fwp%2Fv2%2Fcomments&post=7223"}],"version-history":[{"count":0,"href":"https:\/\/www.invarena.cz\/index.php?rest_route=\/wp\/v2\/posts\/7223\/revisions"}],"wp:featuredmedia":[{"embeddable":true,"href":"https:\/\/www.invarena.cz\/index.php?rest_route=\/wp\/v2\/media\/4002"}],"wp:attachment":[{"href":"https:\/\/www.invarena.cz\/index.php?rest_route=%2Fwp%2Fv2%2Fmedia&parent=7223"}],"wp:term":[{"taxonomy":"category","embeddable":true,"href":"https:\/\/www.invarena.cz\/index.php?rest_route=%2Fwp%2Fv2%2Fcategories&post=7223"},{"taxonomy":"post_tag","embeddable":true,"href":"https:\/\/www.invarena.cz\/index.php?rest_route=%2Fwp%2Fv2%2Ftags&post=7223"}],"curies":[{"name":"wp","href":"https:\/\/api.w.org\/{rel}","templated":true}]}}