{"id":7303,"date":"2013-06-28T10:56:10","date_gmt":"2013-06-28T08:56:10","guid":{"rendered":"http:\/\/www.invarena.cz\/?p=7303"},"modified":"2013-06-30T14:01:20","modified_gmt":"2013-06-30T12:01:20","slug":"rusnok-shani-noveho-ministra-prace-a-socialnich-veci","status":"publish","type":"post","link":"https:\/\/www.invarena.cz\/?p=7303","title":{"rendered":"Rusnok sh\u00e1n\u00ed nov\u00e9ho ministra pr\u00e1ce a soci\u00e1ln\u00edch v\u011bc\u00ed"},"content":{"rendered":"<p><strong>Ministryn\u011b pr\u00e1ce a soci\u00e1ln\u00edch v\u011bc\u00ed v demisi Ludmila M\u00fcllerov\u00e1 se ji\u017e p\u0159ipravuje k odchodu. Premi\u00e9r Ji\u0159\u00ed Rusnok, jeho\u017e \u00fakolem je sestavit \u00fa\u0159ednickou vl\u00e1du, hled\u00e1 pro tento resort nov\u00e9ho ministra. Zat\u00edm marn\u011b. Nikdo to m\u00edsto nechce.<br \/>\n<\/strong><\/p>\n<p><!--more--><\/p>\n<p>Rusnokovu nab\u00eddku vr\u00e1tit se do \u010dela resortu n\u011bkdej\u0161\u00ed ministr pr\u00e1ce a soci\u00e1ln\u00edch v\u011bc\u00ed Petr \u0160imerka odm\u00edtl. \u0158ekl to novin\u00e1\u0159\u016fm pot\u00e9, co s nov\u00fdm premi\u00e9rem zhruba hodinu debatoval v Kram\u00e1\u0159ov\u011b vile.<\/p>\n<p>\u0160imerka sv\u00e9 odm\u00edtnut\u00ed vysv\u011btlil rodinn\u00fdmi d\u016fvody. &#8222;Dostal jsem nab\u00eddku ministerstva pr\u00e1ce a soci\u00e1ln\u00edch v\u011bc\u00ed a musel jsem s politov\u00e1n\u00edm nab\u00eddku panu premi\u00e9rovi odm\u00edtnout. A d\u016fvody pro to odm\u00edtnut\u00ed jsou ryze v\u00e1\u017en\u00e9 rodinn\u00e9 d\u016fvody, kter\u00e9 by mi znemo\u017e\u0148ovaly, abych tu funkci vykon\u00e1val tak, jak bych si p\u0159edstavoval,&#8220; uvedl \u0160imerka.<\/p>\n<p>S Rusnokem podle sv\u00fdch slov debatoval o stavu resortu, probl\u00e9mech, kter\u00e9 je t\u0159eba vy\u0159e\u0161it i v r\u00e1mci legislativy.<\/p>\n<p>K nejaktu\u00e1ln\u011bj\u0161\u00edm pat\u0159ila ot\u00e1zka budoucnosti sKaret. O tom, zda by Rusnokov\u011b vl\u00e1d\u011b pom\u00e1hal alespo\u0148 extern\u011b jako poradce, s premi\u00e9rem nemluvil, ani o mo\u017en\u00fdch dal\u0161\u00edch n\u00e1stupc\u00edch Ludmily M\u00fcllerov\u00e9 (TOP 09).<\/p>\n<p>\u0160imerka byl na ministerstvu dlouh\u00e1 l\u00e9ta n\u00e1m\u011bstek, ministerstvo vedl za \u00fa\u0159ednick\u00e9 vl\u00e1dy Jana Fischera v letech 2009 a 2010. Te\u010f je n\u00e1m\u011bstek ministryn\u011b pr\u00e1ce pro legislativu.<\/p>\n<p>Odborov\u00fd p\u0159ed\u00e1k Jaroslav Zavadil ale na ot\u00e1zku, kdo bude nov\u00fdm ministrem pr\u00e1ce a soci\u00e1ln\u00edch v\u011bc\u00ed, s n\u00edm\u017e budou odbory jednat, odpov\u011bd\u011bl, \u017ee to tu\u0161\u00ed. S\u00e1m nab\u00eddku dostal tak\u00e9, ale\u00a0 post ministra pr\u00e1ce a soci\u00e1ln\u00edch v\u011bc\u00ed rovn\u011b\u017e odm\u00edtl.<\/p>\n<p>\u00bbMluvili jsme o r\u016fzn\u00fdch lidech. Pan premi\u00e9r m\u00e1 zhruba jasno, jak by vl\u00e1da m\u011bla vypadat,\u00ab uvedl Zavadil po sch\u016fzce s Rusnokem.<\/p>\n<p>Podle n\u011bj se Rusnok ptal i na lidi z odbor\u016f, jejich \u00fa\u010dast v nov\u00e9 vl\u00e1d\u011b by ale Zavadil nedoporu\u010doval. Mezi ekonomick\u00e9 odborn\u00edky \u010cMKOS pat\u0159\u00ed nap\u0159\u00edklad makroekonom Jaroslav Ungerman, o kter\u00e9m se hovo\u0159\u00ed jako hork\u00e9m kandid\u00e1tu na pozici ministra pr\u00e1ce a soci\u00e1ln\u00edch v\u011bc\u00ed.<\/p>\n<p>invArena<\/p>\n","protected":false},"excerpt":{"rendered":"<div class=\"mh-excerpt\"><p>Ministryn\u011b pr\u00e1ce a soci\u00e1ln\u00edch v\u011bc\u00ed v demisi Ludmila M\u00fcllerov\u00e1 se ji\u017e p\u0159ipravuje k odchodu. Premi\u00e9r Ji\u0159\u00ed Rusnok, jeho\u017e \u00fakolem je sestavit \u00fa\u0159ednickou vl\u00e1du, hled\u00e1 pro <a class=\"mh-excerpt-more\" href=\"https:\/\/www.invarena.cz\/?p=7303\" title=\"Rusnok sh\u00e1n\u00ed nov\u00e9ho ministra pr\u00e1ce a soci\u00e1ln\u00edch v\u011bc\u00ed\">[&#8230;]<\/a><\/p>\n<\/div>","protected":false},"author":1,"featured_media":7306,"comment_status":"open","ping_status":"open","sticky":false,"template":"","format":"standard","meta":{"footnotes":""},"categories":[6],"tags":[],"class_list":["post-7303","post","type-post","status-publish","format-standard","has-post-thumbnail","hentry","category-politika"],"_links":{"self":[{"href":"https:\/\/www.invarena.cz\/index.php?rest_route=\/wp\/v2\/posts\/7303","targetHints":{"allow":["GET"]}}],"collection":[{"href":"https:\/\/www.invarena.cz\/index.php?rest_route=\/wp\/v2\/posts"}],"about":[{"href":"https:\/\/www.invarena.cz\/index.php?rest_route=\/wp\/v2\/types\/post"}],"author":[{"embeddable":true,"href":"https:\/\/www.invarena.cz\/index.php?rest_route=\/wp\/v2\/users\/1"}],"replies":[{"embeddable":true,"href":"https:\/\/www.invarena.cz\/index.php?rest_route=%2Fwp%2Fv2%2Fcomments&post=7303"}],"version-history":[{"count":0,"href":"https:\/\/www.invarena.cz\/index.php?rest_route=\/wp\/v2\/posts\/7303\/revisions"}],"wp:featuredmedia":[{"embeddable":true,"href":"https:\/\/www.invarena.cz\/index.php?rest_route=\/wp\/v2\/media\/7306"}],"wp:attachment":[{"href":"https:\/\/www.invarena.cz\/index.php?rest_route=%2Fwp%2Fv2%2Fmedia&parent=7303"}],"wp:term":[{"taxonomy":"category","embeddable":true,"href":"https:\/\/www.invarena.cz\/index.php?rest_route=%2Fwp%2Fv2%2Fcategories&post=7303"},{"taxonomy":"post_tag","embeddable":true,"href":"https:\/\/www.invarena.cz\/index.php?rest_route=%2Fwp%2Fv2%2Ftags&post=7303"}],"curies":[{"name":"wp","href":"https:\/\/api.w.org\/{rel}","templated":true}]}}