{"id":7304,"date":"2013-06-28T10:55:19","date_gmt":"2013-06-28T08:55:19","guid":{"rendered":"http:\/\/www.invarena.cz\/?p=7304"},"modified":"2013-06-30T14:02:05","modified_gmt":"2013-06-30T12:02:05","slug":"zruseni-skaret-v-nedohlednu","status":"publish","type":"post","link":"https:\/\/www.invarena.cz\/?p=7304","title":{"rendered":"Zru\u0161en\u00ed sKaret? V nedohlednu"},"content":{"rendered":"<p><strong>Je\u0161t\u011b p\u0159ed m\u011bs\u00edcem to vypadalo, \u017ee u\u017e sta\u010d\u00ed zatlouct pouh\u00fd mal\u00fd h\u0159eb\u00ed\u010dek do rakve na sKarty. Z mal\u00e9ho h\u0159eb\u00ed\u010dku se ale p\u00e1dem vl\u00e1dy a dal\u0161\u00edch poslaneck\u00fdch ro\u0161\u00e1d stal po\u0159\u00e1dn\u00fd h\u0159eb.<\/strong><br \/>\n<!--more--><br \/>\nB\u00fdval\u00fd premi\u00e9r Petr Ne\u010das doporu\u010dil ministryni Ludmile M\u00fcllerov\u00e9, aby p\u0159ipravila n\u00e1vrh na zru\u0161en\u00ed cel\u00e9ho spackan\u00e9ho projektu. Ta se z po\u010d\u00e1tku za siln\u00e9 podpory sv\u00e9 domovsk\u00e9 strany (TOP 09) br\u00e1nila, ale nakonec Poslaneck\u00e1 sn\u011bmovna p\u0159istoupila ke kroku, kdy v prvn\u00edm \u010dten\u00ed schv\u00e1lila n\u00e1vrh Sen\u00e1tu na zru\u0161en\u00ed sKaret.<\/p>\n<p>N\u00e1sledn\u011b v\u0161ak vyplula na povrch kauza, po kter\u00e9 musel Petr Ne\u010das v\u010detn\u011b cel\u00e9 vl\u00e1dy odstoupit. A v t\u00e9 dob\u011b za\u010daly ji\u017e zmi\u0148ovan\u00e9 ro\u0161\u00e1dy poslanc\u016f ODS Zby\u0148ka Stanjury a Lenky Kohoutov\u00e9. Zvl\u00e1\u0161t\u011b ona byla pro okam\u017eit\u00e9 zru\u0161en\u00ed sKaret. Z ni\u010deho nic ale p\u0159i\u0161la s pozm\u011b\u0148ovac\u00edm n\u00e1vrhem, kter\u00fd by m\u011bl zachovat zvl\u00e1\u0161tn\u00ed \u00fa\u010dty na zas\u00edl\u00e1n\u00ed soci\u00e1ln\u00edch d\u00e1vek. Nedo\u0161lo by tak k \u00fapln\u00e9mu zru\u0161en\u00ed sKaret.<\/p>\n<p>P\u0159edseda N\u00e1rodn\u00ed rady osob se zdravotn\u00edm posti\u017een\u00edm V\u00e1clav Kr\u00e1sa o kroku poslanc\u016f \u0159ekl: &#8222;jedn\u00e1 se ve skute\u010dnosti o o\u017eiven\u00ed sKaret. Je p\u0159eci z\u0159ejm\u00e9, \u017ee k takov\u00e9mu \u00fa\u010dtu by musela b\u00fdt n\u011bjak\u00e1 zvl\u00e1\u0161tn\u00ed karta, kterou by se ob\u010dan prokazoval. N\u00e1vrh poslanc\u016f Stanjury a Kohoutov\u00e9 p\u0159itom v\u016fbec ne\u0159e\u0161\u00ed nakl\u00e1d\u00e1n\u00ed s chr\u00e1n\u011bn\u00fdmi osobn\u00edmi \u00fadaji.&#8220;<\/p>\n<p>T\u00edmto v\u00fdrokem se V\u00e1clav Kr\u00e1sa dostal s Lenkou Kohoutovou do ostr\u00e9ho sporu. Vz\u00e1jemn\u011b si dokonce vym\u011bnili otev\u0159en\u00e9 dopisy. V jednom z nich Lenka Kohoutov\u00e1 vysv\u011btluje sv\u016fj pozm\u011b\u0148ovac\u00ed n\u00e1vrh: &#8222;ka\u017ed\u00e1 banka bude m\u00edt mo\u017enost z\u0159\u00eddit chr\u00e1n\u011bn\u00fd \u00fa\u010det a ka\u017ed\u00fd \u010dlov\u011bk, kter\u00fd bude cht\u00edt, si bude moci na takov\u00fd \u00fa\u010det nechat pos\u00edlat sv\u00e9 soci\u00e1ln\u00ed d\u00e1vky. Kter\u00e9 budou chr\u00e1n\u011bny p\u0159ed exekucemi. Tedy jedin\u00e9, co jsem na tomto dosavadn\u00edm syst\u00e9mu kvitovala. Samoz\u0159ejm\u011b jsme si v\u011bdomi, \u017ee exekutor m\u016f\u017ee n\u011bkter\u00e9 d\u00e1vky rovnou exekuovat a na \u00fa\u010det jsou zas\u00edl\u00e1ny d\u00e1vky ji\u017e exekuc\u00ed ode\u010dteny, z\u00e1kladem je, \u017ee tento \u00fa\u010det nelze exekutorem zablokovat. Nejde o nic jin\u00e9ho, ne\u017e o to, co navrhovali r\u016fzn\u00ed poslanci od po\u010d\u00e1tku, ud\u011blejme mo\u017enou ochranu ur\u010dit\u00e9ho typu \u00fa\u010dtu u v\u0161ech bank. Tedy libovoln\u00e1 banka si m\u016f\u017ee takov\u00fd typ \u00fa\u010dt\u016f smluvn\u011b zajistit a ka\u017ed\u00fd ob\u010dan, pokud bere soci\u00e1ln\u00ed d\u00e1vky se m\u016f\u017ee svobodn\u011b rozhodnout, zda je pro n\u011bho takov\u00fd produkt zaj\u00edmav\u00fd.&#8220;<\/p>\n<p>Lenka Kohoutov\u00e1 d\u00e1le dodala, \u017ee co se t\u00fdk\u00e1 osobn\u00edch \u00fadaj\u016f, nenastal by \u017e\u00e1dn\u00fd probl\u00e9m, proto\u017ee by se jednalo o \u010dist\u011b soukrom\u00fd vztah mezi klientem a bankou. Handicapovan\u00fd by pozm\u011b\u0148ovac\u00edm n\u00e1vrhem jednodu\u0161e mohl z\u00edskat u ka\u017ed\u00e9 banky \u00fa\u010det, kter\u00fd by nepodl\u00e9hal exekuci, co\u017e jist\u011b nezn\u00ed \u0161patn\u011b, ot\u00e1zkou v\u0161ak z\u016fst\u00e1v\u00e1, zda by nebylo lep\u0161\u00ed sKarty definitivn\u011b zru\u0161it a teprve pot\u00e9 takov\u00fd z\u00e1kon \u0159\u00e1dn\u011b p\u0159ipravit, aby se v\u016fbec v\u011bd\u011blo, jestli by mezi bankami o z\u00e1kon byl z\u00e1jem.<\/p>\n<p>Faktem v\u0161ak z\u016fst\u00e1v\u00e1, \u017ee na rozhodnut\u00ed Poslaneck\u00e9 sn\u011bmovny si budeme muset minim\u00e1ln\u011b p\u00e1r t\u00fddn\u016f po\u010dkat, proto\u017ee poslanci ukon\u010dili svou \u010dervnovou \u010dinnost, ani\u017e by o sKart\u00e1ch hlasovali.<\/p>\n<p>&#8222;Vznik\u00e1 velmi zvl\u00e1\u0161tn\u00ed a nep\u0159\u00edjemn\u00e1 situace. MPSV \u010cR na\u0161t\u011bst\u00ed zastavilo distribuci sKaret, ale podle pr\u00e1va jsme v situaci, kdy sKarty jsou sou\u010d\u00e1st\u00ed soci\u00e1ln\u00edho syst\u00e9mu. NRZP \u010cR nem\u016f\u017ee nyn\u00ed v t\u00e9to v\u011bci nic d\u011blat. Mus\u00edme po\u010dkat, zda Poslaneck\u00e1 sn\u011bmovna bude je\u0161t\u011b funk\u010dn\u00ed,&#8220; vysv\u011btluje V\u00e1clav Kr\u00e1sa.<\/p>\n<p>Ji\u0159\u00ed Marek<br \/>\ninvArena<\/p>\n","protected":false},"excerpt":{"rendered":"<div class=\"mh-excerpt\"><p>Je\u0161t\u011b p\u0159ed m\u011bs\u00edcem to vypadalo, \u017ee u\u017e sta\u010d\u00ed zatlouct pouh\u00fd mal\u00fd h\u0159eb\u00ed\u010dek do rakve na sKarty. Z mal\u00e9ho h\u0159eb\u00ed\u010dku se ale p\u00e1dem vl\u00e1dy a dal\u0161\u00edch <a class=\"mh-excerpt-more\" href=\"https:\/\/www.invarena.cz\/?p=7304\" title=\"Zru\u0161en\u00ed sKaret? V nedohlednu\">[&#8230;]<\/a><\/p>\n<\/div>","protected":false},"author":3,"featured_media":2393,"comment_status":"open","ping_status":"open","sticky":false,"template":"","format":"standard","meta":{"footnotes":""},"categories":[6],"tags":[],"class_list":["post-7304","post","type-post","status-publish","format-standard","has-post-thumbnail","hentry","category-politika"],"_links":{"self":[{"href":"https:\/\/www.invarena.cz\/index.php?rest_route=\/wp\/v2\/posts\/7304","targetHints":{"allow":["GET"]}}],"collection":[{"href":"https:\/\/www.invarena.cz\/index.php?rest_route=\/wp\/v2\/posts"}],"about":[{"href":"https:\/\/www.invarena.cz\/index.php?rest_route=\/wp\/v2\/types\/post"}],"author":[{"embeddable":true,"href":"https:\/\/www.invarena.cz\/index.php?rest_route=\/wp\/v2\/users\/3"}],"replies":[{"embeddable":true,"href":"https:\/\/www.invarena.cz\/index.php?rest_route=%2Fwp%2Fv2%2Fcomments&post=7304"}],"version-history":[{"count":0,"href":"https:\/\/www.invarena.cz\/index.php?rest_route=\/wp\/v2\/posts\/7304\/revisions"}],"wp:featuredmedia":[{"embeddable":true,"href":"https:\/\/www.invarena.cz\/index.php?rest_route=\/wp\/v2\/media\/2393"}],"wp:attachment":[{"href":"https:\/\/www.invarena.cz\/index.php?rest_route=%2Fwp%2Fv2%2Fmedia&parent=7304"}],"wp:term":[{"taxonomy":"category","embeddable":true,"href":"https:\/\/www.invarena.cz\/index.php?rest_route=%2Fwp%2Fv2%2Fcategories&post=7304"},{"taxonomy":"post_tag","embeddable":true,"href":"https:\/\/www.invarena.cz\/index.php?rest_route=%2Fwp%2Fv2%2Ftags&post=7304"}],"curies":[{"name":"wp","href":"https:\/\/api.w.org\/{rel}","templated":true}]}}