{"id":7328,"date":"2013-06-29T16:48:08","date_gmt":"2013-06-29T14:48:08","guid":{"rendered":"http:\/\/www.invarena.cz\/?p=7328"},"modified":"2013-06-29T16:48:08","modified_gmt":"2013-06-29T14:48:08","slug":"nelecena-tupozrakost-zvysuje-riziko-oslepnuti","status":"publish","type":"post","link":"https:\/\/www.invarena.cz\/?p=7328","title":{"rendered":"Nel\u00e9\u010den\u00e1 tupozrakost zvy\u0161uje riziko oslepnut\u00ed"},"content":{"rendered":"<p><strong>Nel\u00e9\u010den\u00e1 tupozrakost zvy\u0161uje a\u017e o 50 procent riziko oslepnut\u00ed. Proto je t\u0159eba u d\u00edt\u011bte\u00a0 zah\u00e1jit l\u00e9\u010dbu v\u010das, nejl\u00e9pe mezi t\u0159et\u00edm a p\u00e1t\u00fdm rokem v\u011bku.\u00a0<\/strong><\/p>\n<p><!--more--><\/p>\n<p>V \u010cR se rod\u00ed s rizikem vzniku tupozrakosti \u010dty\u0159i procenta d\u011bt\u00ed.<\/p>\n<p>Tupozrakost je sn\u00ed\u017een\u00e1 schopnost vid\u011bn\u00ed, oko je v po\u0159\u00e1dku, ale nejsou dob\u0159e vyvinuty optick\u00e9 dr\u00e1hy, kter\u00e9 p\u0159en\u00e1\u0161ej\u00ed podn\u011bty z oka do mozku.<\/p>\n<p>&#8222;Kdy\u017e se l\u00e9\u010dba zah\u00e1j\u00ed v\u010das, nejl\u00e9pe mezi t\u0159et\u00edm a p\u00e1t\u00fdm rokem \u017eivota, d\u00e1 se tupozrakost vyl\u00e9\u010dit. Po 12. roku v\u011bku, kdy je v\u00fdvoj mozku ukon\u010den, u\u017e to mo\u017en\u00e9 nen\u00ed,&#8220; \u0159ekla o\u010dn\u00ed l\u00e9ka\u0159ka Eva Jerhotov\u00e1.<\/p>\n<p>Podle statistik m\u00e1 nezji\u0161t\u011bnou o\u010dn\u00ed vadu ka\u017ed\u00e9 dvan\u00e1ct\u00e9 d\u00edt\u011b ve v\u011bku \u010dty\u0159 let. Jednou z nej\u010dast\u011bj\u0161\u00edch p\u0159\u00ed\u010din tupozrakosti je \u0161ilh\u00e1n\u00ed, trp\u00ed j\u00edm a\u017e osm procent d\u011bt\u00ed a dosp\u00edvaj\u00edc\u00edch. K dal\u0161\u00edm p\u0159\u00ed\u010din\u00e1m pat\u0159\u00ed vy\u0161\u0161\u00ed dioptrie u jednoho oka, \u0161ed\u00fd z\u00e1kal a \u00faraz oka.<\/p>\n<p>&#8222;Ka\u017ed\u00e9 d\u00edt\u011b, kter\u00e9 m\u00e1 o\u010dn\u00ed vadu, nebo k n\u00ed zd\u011bdilo vlohy, by m\u011blo b\u00fdt odborn\u011b vy\u0161et\u0159eno, nejl\u00e9pe u\u017e v p\u016fl roce v\u011bku. Rodi\u010de by m\u011bli pozorovat jeho chov\u00e1n\u00ed, pokud \u010dasto nar\u00e1\u017e\u00ed do v\u011bc\u00ed, zakop\u00e1v\u00e1, mne si o\u010di nebo nat\u00e1\u010d\u00ed hlavu na stranu, m\u016f\u017ee to b\u00fdt projev tupozrakosti,&#8220; upozornila l\u00e9ka\u0159ka.<\/p>\n<p>Tupozrakost se obvykle objev\u00ed jen u jednoho oka. Podn\u011bty z toho slab\u0161\u00edho mozek potla\u010duje a nakonec je \u00fapln\u011b vy\u0159ad\u00ed. Pokud se tupozrak\u00e9 oko necvi\u010d\u00ed, dobr\u00e9 vid\u011bn\u00ed se u\u017e ned\u00e1 obnovit. Pot\u00ed\u017e je celo\u017eivotn\u00ed, nenaprav\u00ed ji br\u00fdle, kontaktn\u00ed \u010do\u010dky ani laserov\u00e1 operace.<\/p>\n<p>Tupozrak\u00fd \u010dlov\u011bk m\u00edv\u00e1 probl\u00e9my s 3D vid\u011bn\u00edm, je omezen p\u0159i \u0159\u00edzen\u00ed auta, pr\u00e1ci s po\u010d\u00edta\u010dem, sportu i studiu, volb\u011b povol\u00e1n\u00ed i p\u0159i pr\u00e1ci ve v\u00fd\u0161k\u00e1ch.<\/p>\n<p>D\u011bti se l\u00e9\u010d\u00ed u odborn\u00edk\u016f, kte\u0159\u00ed nejprve odstran\u00ed vadu, kter\u00e1 tupozrakost zp\u016fsobila.<\/p>\n<p>Pot\u00e9 je t\u0159eba donutit mozek, aby znovu spolupracoval s posti\u017een\u00fdm okem. Doc\u00edl\u00ed se toho tak, \u017ee se zdrav\u00e9 oko p\u0159elep\u00ed n\u00e1plast\u00ed, nebo p\u0159ekryje tzv. okluzorem. Zdrav\u00e9 oko se zakr\u00fdv\u00e1 na n\u011bkolik hodin denn\u011b, aby oslaben\u00e9 oko muselo pracovat.<\/p>\n<p>D\u016fle\u017eit\u00e9 je tak\u00e9 cvi\u010den\u00ed, kdy je posti\u017een\u00e9 oko co nejv\u00edce zat\u011b\u017eov\u00e1no prac\u00ed na bl\u00edzko.<\/p>\n<p>&nbsp;<\/p>\n","protected":false},"excerpt":{"rendered":"<div class=\"mh-excerpt\"><p>Nel\u00e9\u010den\u00e1 tupozrakost zvy\u0161uje a\u017e o 50 procent riziko oslepnut\u00ed. Proto je t\u0159eba u d\u00edt\u011bte\u00a0 zah\u00e1jit l\u00e9\u010dbu v\u010das, nejl\u00e9pe mezi t\u0159et\u00edm a p\u00e1t\u00fdm rokem v\u011bku.\u00a0<\/p>\n<\/div>","protected":false},"author":1,"featured_media":0,"comment_status":"open","ping_status":"open","sticky":false,"template":"","format":"standard","meta":{"footnotes":""},"categories":[11],"tags":[],"class_list":["post-7328","post","type-post","status-publish","format-standard","hentry","category-zdravi"],"_links":{"self":[{"href":"https:\/\/www.invarena.cz\/index.php?rest_route=\/wp\/v2\/posts\/7328","targetHints":{"allow":["GET"]}}],"collection":[{"href":"https:\/\/www.invarena.cz\/index.php?rest_route=\/wp\/v2\/posts"}],"about":[{"href":"https:\/\/www.invarena.cz\/index.php?rest_route=\/wp\/v2\/types\/post"}],"author":[{"embeddable":true,"href":"https:\/\/www.invarena.cz\/index.php?rest_route=\/wp\/v2\/users\/1"}],"replies":[{"embeddable":true,"href":"https:\/\/www.invarena.cz\/index.php?rest_route=%2Fwp%2Fv2%2Fcomments&post=7328"}],"version-history":[{"count":0,"href":"https:\/\/www.invarena.cz\/index.php?rest_route=\/wp\/v2\/posts\/7328\/revisions"}],"wp:attachment":[{"href":"https:\/\/www.invarena.cz\/index.php?rest_route=%2Fwp%2Fv2%2Fmedia&parent=7328"}],"wp:term":[{"taxonomy":"category","embeddable":true,"href":"https:\/\/www.invarena.cz\/index.php?rest_route=%2Fwp%2Fv2%2Fcategories&post=7328"},{"taxonomy":"post_tag","embeddable":true,"href":"https:\/\/www.invarena.cz\/index.php?rest_route=%2Fwp%2Fv2%2Ftags&post=7328"}],"curies":[{"name":"wp","href":"https:\/\/api.w.org\/{rel}","templated":true}]}}