{"id":7411,"date":"2013-07-02T08:34:47","date_gmt":"2013-07-02T06:34:47","guid":{"rendered":"http:\/\/www.invarena.cz\/?p=7411"},"modified":"2014-10-20T20:11:11","modified_gmt":"2014-10-20T18:11:11","slug":"konicek-mrtvy-kun","status":"publish","type":"post","link":"https:\/\/www.invarena.cz\/?p=7411","title":{"rendered":"Kon\u00ed\u010dek &#8211; &#8222;mrtv\u00fd k\u016f\u0148&#8220;"},"content":{"rendered":"<p><strong>&#8222;Cel\u00fd sv\u016fj \u017eivot jsem v mana\u017eersk\u00fdch funkc\u00edch a jsem zvykl\u00fd \u0159e\u0161it situace, kter\u00e9 jsou krizov\u00e9,&#8220; zd\u016fvodnil v\u010dera sv\u00e9 ano Kon\u00ed\u010dek (foto). Post \u0159editele Les\u016f \u010cR v\u0161ak uprost\u0159ed jedn\u00e9 z nejv\u011bt\u0161\u00ed kriz\u00ed opustil. Ve funkci byl p\u0159itom jen p\u00e1r m\u011bs\u00edc\u016f.<\/strong><\/p>\n<p><!--more--><\/p>\n<p>Premi\u00e9r Ji\u0159\u00ed Rusnok je nucen hledat kandid\u00e1ty na post ministr\u016f ve vzd\u00e1len\u00fdch regionech nebo mezi t\u011bmi, kte\u0159\u00ed se z ve\u0159ejn\u00fdch funkc\u00ed u\u017e p\u0159ed dlouhou dobou st\u00e1hli.<\/p>\n<p>Po odm\u00edtnut\u00ed Petra \u0160imerky, n\u011bkdej\u0161\u00edho ministra pr\u00e1ce a soci\u00e1ln\u00edch v\u011bc\u00ed v \u00fa\u0159ednick\u00e9 vl\u00e1d\u011b Jana Fischera, se mu v\u010dera na zm\u00edn\u011bn\u00fd post poda\u0159ilo zlana\u0159it Franti\u0161ka Kon\u00ed\u010dka (\u010cSSD).<\/p>\n<p>N\u011bkdej\u0161\u00ed poslanec, n\u00e1m\u011bstek ministra pr\u00e1ce Zde\u0148ka \u0160kromacha a \u0159editel Les\u016f \u010cR ode\u0161el z ve\u0159ejn\u00fdch funkc\u00ed p\u0159itom u\u017e p\u0159ed \u0161esti lety.<\/p>\n<p>&#8222;Cel\u00fd sv\u016fj \u017eivot jsem v mana\u017eersk\u00fdch funkc\u00edch a jsem zvykl\u00fd \u0159e\u0161it situace, kter\u00e9 jsou krizov\u00e9,&#8220; zd\u016fvodnil v\u010dera sv\u00e9 ano Kon\u00ed\u010dek. V roce 2007 v\u0161ak post \u0159editele Les\u016f \u010cR uprost\u0159ed jedn\u00e9 z nejv\u011bt\u0161\u00ed kriz\u00ed st\u00e1tn\u00edho podniku po ork\u00e1nu Kyrill opustil. Ve funkci byl p\u0159itom v t\u00e9 dob\u011b jen p\u00e1r m\u011bs\u00edc\u016f.<\/p>\n<p>Kon\u00ed\u010dkovo jm\u00e9no v t\u00e9to souvislosti zazn\u00edv\u00e1 v odposle\u0161\u00edch pra\u017esk\u00e9ho prim\u00e1tora Pavla B\u00e9ma a lobbisty Romana Janou\u0161ka, kter\u00e9 zve\u0159ejnila MF DNES. Janou\u0161ek s B\u00e9mem na nich nejasn\u011b mluv\u00ed o &#8222;mrtv\u00e9m koni&#8220; a &#8222;kauze pa\u0159ez&#8220;.<\/p>\n<p>Mrtv\u00fdm kon\u011bm je podle n\u011bkter\u00fdch informac\u00ed m\u00edn\u011bn pr\u00e1v\u011b Kon\u00ed\u010dek. Ten toti\u017e podal svou rezignaci pouh\u00fd den po telefon\u00e1tu. Kon\u00ed\u010dek souvislost sv\u00e9ho odchodu s telefon\u00e1tem odm\u00edt\u00e1.<\/p>\n<p>&#8222;Ty odposlechy v\u016fbec nezn\u00e1m a ani m\u011b nezaj\u00edmaj\u00ed. Odchod spo\u010d\u00edval ve v\u011bcn\u00e9m nesouladu s t\u00edm, jak si politici p\u0159edstavuj\u00ed \u0159\u00edzen\u00ed Les\u016f \u010cR,&#8220; \u0159\u00edk\u00e1 dnes Kon\u00ed\u010dek.<\/p>\n<p>Mezi \u0159adou kr\u00e1tkodob\u00fdch \u0159editel\u016f st\u00e1tn\u00edho podniku, po kter\u00fdch v\u011bt\u0161inou z\u016fstala jen \u0159ada kontroverzn\u00edch zak\u00e1zek, je p\u0159itom Kon\u00ed\u010dkovo p\u016fsoben\u00ed hodnoceno kladn\u011b a jeho mana\u017eersk\u00e9 schopnosti chv\u00e1l\u00ed i politi\u010dt\u00ed oponenti.<\/p>\n<p>&#8222;Lesnickou odbornost sice nem\u011bl, ale m\u011bl dostatek soudnosti, \u017ee si odborn\u00edky postavil kolem sebe,&#8220; \u0159\u00edk\u00e1 Ji\u0159\u00ed Oliva (TOP 09), m\u00edstop\u0159edseda Sn\u011bmovny a posledn\u00ed \u0159editel Les\u016f \u010cR, kter\u00fd se ve funkci udr\u017eel relativn\u011b dlouhou dobu.<\/p>\n<p>V posledn\u00edch letech se Kon\u00ed\u010dek v\u011bnoval podnik\u00e1n\u00ed. P\u016fsob\u00ed na r\u016fzn\u00fdch pozic\u00edch v n\u011bkolika firm\u00e1ch. Se svou rodinou pak vlastn\u00ed spole\u010dnost Karl\u0161tejnsk\u00e1, kter\u00e1 se zab\u00fdv\u00e1 obchodem s um\u011bn\u00edm, a s\u00e1m obrazy tak\u00e9 sb\u00edr\u00e1.<\/p>\n<p>Kon\u00ed\u010dek v minulosti p\u016fsobil jako n\u00e1m\u011bstek ministra pr\u00e1ce a soci\u00e1ln\u00edch v\u011bc\u00ed Zde\u0148ka \u0160kromacha. Dnes je zastupitelem \u010cSSD ve st\u0159edo\u010desk\u00fdch Jino\u010danech.<\/p>\n<p>Mlad\u00e1 fronta Dnes<\/p>\n<p>Jan Bro\u017e<\/p>\n","protected":false},"excerpt":{"rendered":"<div class=\"mh-excerpt\"><p>&#8222;Cel\u00fd sv\u016fj \u017eivot jsem v mana\u017eersk\u00fdch funkc\u00edch a jsem zvykl\u00fd \u0159e\u0161it situace, kter\u00e9 jsou krizov\u00e9,&#8220; zd\u016fvodnil v\u010dera sv\u00e9 ano Kon\u00ed\u010dek (foto). Post \u0159editele Les\u016f \u010cR <a class=\"mh-excerpt-more\" href=\"https:\/\/www.invarena.cz\/?p=7411\" title=\"Kon\u00ed\u010dek &#8211; &#8222;mrtv\u00fd k\u016f\u0148&#8220;\">[&#8230;]<\/a><\/p>\n<\/div>","protected":false},"author":1,"featured_media":7391,"comment_status":"open","ping_status":"open","sticky":false,"template":"","format":"standard","meta":{"footnotes":""},"categories":[6],"tags":[],"class_list":["post-7411","post","type-post","status-publish","format-standard","has-post-thumbnail","hentry","category-politika"],"_links":{"self":[{"href":"https:\/\/www.invarena.cz\/index.php?rest_route=\/wp\/v2\/posts\/7411","targetHints":{"allow":["GET"]}}],"collection":[{"href":"https:\/\/www.invarena.cz\/index.php?rest_route=\/wp\/v2\/posts"}],"about":[{"href":"https:\/\/www.invarena.cz\/index.php?rest_route=\/wp\/v2\/types\/post"}],"author":[{"embeddable":true,"href":"https:\/\/www.invarena.cz\/index.php?rest_route=\/wp\/v2\/users\/1"}],"replies":[{"embeddable":true,"href":"https:\/\/www.invarena.cz\/index.php?rest_route=%2Fwp%2Fv2%2Fcomments&post=7411"}],"version-history":[{"count":0,"href":"https:\/\/www.invarena.cz\/index.php?rest_route=\/wp\/v2\/posts\/7411\/revisions"}],"wp:featuredmedia":[{"embeddable":true,"href":"https:\/\/www.invarena.cz\/index.php?rest_route=\/wp\/v2\/media\/7391"}],"wp:attachment":[{"href":"https:\/\/www.invarena.cz\/index.php?rest_route=%2Fwp%2Fv2%2Fmedia&parent=7411"}],"wp:term":[{"taxonomy":"category","embeddable":true,"href":"https:\/\/www.invarena.cz\/index.php?rest_route=%2Fwp%2Fv2%2Fcategories&post=7411"},{"taxonomy":"post_tag","embeddable":true,"href":"https:\/\/www.invarena.cz\/index.php?rest_route=%2Fwp%2Fv2%2Ftags&post=7411"}],"curies":[{"name":"wp","href":"https:\/\/api.w.org\/{rel}","templated":true}]}}