{"id":7475,"date":"2013-07-04T14:30:28","date_gmt":"2013-07-04T12:30:28","guid":{"rendered":"http:\/\/www.invarena.cz\/?p=7475"},"modified":"2014-10-20T20:11:11","modified_gmt":"2014-10-20T18:11:11","slug":"slezska-univerzita-zpristupnuje-vyuku-take-handicapovanym","status":"publish","type":"post","link":"https:\/\/www.invarena.cz\/?p=7475","title":{"rendered":"Slezsk\u00e1 univerzita zp\u0159\u00edstup\u0148uje v\u00fduku tak\u00e9 handicapovan\u00fdm"},"content":{"rendered":"<p><strong>Videoz\u00e1znamy p\u0159edn\u00e1\u0161ek, tisk\u00e1rna na Braillovo slepeck\u00e9 p\u00edsmo, digitalizace knihovny, workshopy. Slezsk\u00e1 univerzita chce zp\u0159\u00edstupnit studium i posti\u017een\u00fdm. Projekt m\u00e1 za sebou prvn\u00ed t\u0159etinu. T\u011b\u0161\u00ed se ne\u010dekan\u00e9mu z\u00e1jmu.<\/strong><br \/>\n<!--more--><br \/>\n&#8222;Projekt potrv\u00e1 do roku 2015. U\u017e v prvn\u00edm roce jej ze strany handicapovan\u00fdch student\u016f vyu\u017eila polovina z pl\u00e1novan\u00e9ho po\u010dtu zhruba dvou stovek z\u00e1jemc\u016f. Projektov\u00e9 aktivity ale sm\u011b\u0159uj\u00ed i k jejich pedagog\u016fm. T\u011bch se u\u017e zapojilo t\u00e9m\u011b\u0159 90 procent z p\u0159edem pl\u00e1novan\u00e9ho po\u010dtu,&#8220; informoval Martin K\u016fs z odd\u011blen\u00ed pro vn\u011bj\u0161\u00ed vztahy univerzity.<\/p>\n<p><strong>Student\u016fm pomohou stovky videoz\u00e1znam\u016f z v\u00fduky<\/strong><\/p>\n<p>Hotovy jsou nap\u0159\u00edklad bezm\u00e1la \u010dty\u0159i stovky videoz\u00e1znam\u016f z v\u00fduky. Za posledn\u00ed p\u016flrok se poda\u0159ilo takto zpracovat patn\u00e1ct p\u0159edm\u011bt\u016f sedmi obor\u016f.<\/p>\n<p>&#8222;Jednotliv\u00e9 p\u0159edn\u00e1\u0161ky dokumentujeme jak obrazov\u011b v\u010detn\u011b prezentace, tak zvukov\u011b. P\u0159i zpracov\u00e1v\u00e1n\u00ed p\u0159id\u00e1v\u00e1me je\u0161t\u011b titulky, aby byl materi\u00e1l srozumiteln\u00fd i pro nesly\u0161\u00edc\u00ed,&#8220; popisuje hlavn\u00ed \u0159e\u0161itel projektu Petr Korviny.<\/p>\n<p>Pr\u00e1v\u011b te\u010f se univerzita chyst\u00e1 koupit speci\u00e1ln\u00ed tisk\u00e1rnu na slepeck\u00e9 p\u00edsmo. Do provozu se p\u0159ipravuj\u00ed i v\u00fdkonn\u00e9 po\u010d\u00edta\u010dov\u00e9 sady ur\u010den\u00e9 pro knihovny. Ty umo\u017e\u0148uj\u00ed instalaci speci\u00e1ln\u00edch program\u016f pro poslucha\u010de se specifick\u00fdmi vadami. Chyst\u00e1 se tak\u00e9 digitalizace knihovny.<\/p>\n<p>&#8222;Zpracovali jsme seznam knih, \u010dasopis\u016f a odborn\u00fdch materi\u00e1l\u016f, kter\u00e9 jsou p\u0159ipraven\u00e9 k digitalizaci. Jde asi o dv\u011b st\u011b titul\u016f,&#8220; dod\u00e1v\u00e1 Korviny. Pokud se tato praxe osv\u011bd\u010d\u00ed, po\u010det digitalizovan\u00fdch knih se d\u00e1le roz\u0161\u00ed\u0159\u00ed.<\/p>\n<p>Pracuje se tak\u00e9 na bezbari\u00e9rovosti jednotliv\u00fdch budov Slezsk\u00e9 univerzity. Vznik\u00e1 virtu\u00e1ln\u00ed vzd\u011bl\u00e1vac\u00ed knihovna, nakupuj\u00ed se i didaktick\u00e9 pom\u016fcky pro handicapovan\u00e9 studenty.<\/p>\n<p>Mlad\u00e1 fronta DNES<\/p>\n","protected":false},"excerpt":{"rendered":"<div class=\"mh-excerpt\"><p>Videoz\u00e1znamy p\u0159edn\u00e1\u0161ek, tisk\u00e1rna na Braillovo slepeck\u00e9 p\u00edsmo, digitalizace knihovny, workshopy. Slezsk\u00e1 univerzita chce zp\u0159\u00edstupnit studium i posti\u017een\u00fdm. Projekt m\u00e1 za sebou prvn\u00ed t\u0159etinu. T\u011b\u0161\u00ed se <a class=\"mh-excerpt-more\" href=\"https:\/\/www.invarena.cz\/?p=7475\" title=\"Slezsk\u00e1 univerzita zp\u0159\u00edstup\u0148uje v\u00fduku tak\u00e9 handicapovan\u00fdm\">[&#8230;]<\/a><\/p>\n<\/div>","protected":false},"author":1,"featured_media":1410,"comment_status":"open","ping_status":"open","sticky":false,"template":"","format":"standard","meta":{"footnotes":""},"categories":[7],"tags":[],"class_list":["post-7475","post","type-post","status-publish","format-standard","has-post-thumbnail","hentry","category-spolecnost"],"_links":{"self":[{"href":"https:\/\/www.invarena.cz\/index.php?rest_route=\/wp\/v2\/posts\/7475","targetHints":{"allow":["GET"]}}],"collection":[{"href":"https:\/\/www.invarena.cz\/index.php?rest_route=\/wp\/v2\/posts"}],"about":[{"href":"https:\/\/www.invarena.cz\/index.php?rest_route=\/wp\/v2\/types\/post"}],"author":[{"embeddable":true,"href":"https:\/\/www.invarena.cz\/index.php?rest_route=\/wp\/v2\/users\/1"}],"replies":[{"embeddable":true,"href":"https:\/\/www.invarena.cz\/index.php?rest_route=%2Fwp%2Fv2%2Fcomments&post=7475"}],"version-history":[{"count":0,"href":"https:\/\/www.invarena.cz\/index.php?rest_route=\/wp\/v2\/posts\/7475\/revisions"}],"wp:featuredmedia":[{"embeddable":true,"href":"https:\/\/www.invarena.cz\/index.php?rest_route=\/wp\/v2\/media\/1410"}],"wp:attachment":[{"href":"https:\/\/www.invarena.cz\/index.php?rest_route=%2Fwp%2Fv2%2Fmedia&parent=7475"}],"wp:term":[{"taxonomy":"category","embeddable":true,"href":"https:\/\/www.invarena.cz\/index.php?rest_route=%2Fwp%2Fv2%2Fcategories&post=7475"},{"taxonomy":"post_tag","embeddable":true,"href":"https:\/\/www.invarena.cz\/index.php?rest_route=%2Fwp%2Fv2%2Ftags&post=7475"}],"curies":[{"name":"wp","href":"https:\/\/api.w.org\/{rel}","templated":true}]}}