{"id":758,"date":"2013-02-04T13:13:08","date_gmt":"2013-02-04T12:13:08","guid":{"rendered":"http:\/\/www.invarena.cz\/?p=758"},"modified":"2013-02-09T17:40:29","modified_gmt":"2013-02-09T16:40:29","slug":"prispevek-na-bydleni-letos-obdrzi-vice-lidi","status":"publish","type":"post","link":"https:\/\/www.invarena.cz\/?p=758","title":{"rendered":"P\u0159\u00edsp\u011bvek na bydlen\u00ed letos obdr\u017e\u00ed v\u00edce lid\u00ed"},"content":{"rendered":"<p>Pro mnoh\u00e9 zdravotn\u011b posti\u017een\u00e9 a nejen je m\u00e1 Ministerstvo pr\u00e1ce a soci\u00e1ln\u00edch v\u011bc\u00ed dobrou zpr\u00e1vu. Letos vyplat\u00ed na p\u0159\u00edsp\u011bvc\u00edch na bydlen\u00ed v\u00edce.<br \/>\n<!--more--><br \/>\nV dob\u011b, kdy se ni\u017e\u0161\u00ed p\u0159\u00edjmov\u00e9 vrstv\u011b lid\u00ed a mnoh\u00fdm zdravotn\u011b posti\u017een\u00fdm p\u0159\u00edjmy sp\u00ed\u0161e sni\u017euj\u00ed, pod\u00e1 Ministerstvo pr\u00e1ce a soci\u00e1ln\u00edch v\u011bc\u00ed pomocnou ruku. P\u0159\u00edsp\u011bvek na bydlen\u00ed m\u016f\u017ee z\u00edskat ka\u017ed\u00fd \u010desk\u00fd ob\u010dan, kter\u00e9mu nesta\u010d\u00ed p\u0159\u00edjmy v\u0161ech lid\u00ed trvale bydl\u00edc\u00edch v jednom \u010d\u00edsle popisn\u00e9m na 30%, v Praze na 35% v\u00fddaj\u016f na bydlen\u00ed.<\/p>\n<p>Loni st\u00e1t podle p\u0159edb\u011b\u017en\u00fdch \u00fadaj\u016f p\u0159isp\u011bl 163 tis\u00edc\u016fm rodin \u010di jednotlivc\u016f, celkem pak vyplatil 5,7 miliardy korun.<\/p>\n<p>\u017dadatel\u00e9 loni dost\u00e1vali prost\u0159ednictv\u00edm t\u00e9to d\u00e1vky st\u00e1tn\u00ed soci\u00e1ln\u00ed podpory v pr\u016fm\u011bru 2 930 K\u010d m\u011bs\u00ed\u010dn\u011b. &#8222;Po\u010det lid\u00ed bez pr\u00e1ce roste a j\u00e1 pova\u017euji za nezbytn\u00e9 pr\u00e1v\u011b t\u011bmto ob\u010dan\u016fm pomoci. I p\u0159esto, \u017ee to bude znamenat v\u011bt\u0161\u00ed v\u00fddaje pro na\u0161e ministerstvo,&#8220; \u0159ekla ministryn\u011b pr\u00e1ce a soci\u00e1ln\u00edch v\u011bc\u00ed Ludmila M\u00fcllerov\u00e1. Odhaduje se, \u017ee resort vyplat\u00ed na d\u00e1vky t\u00e9to pomoci o 405 milion\u016f K\u010d v\u00edce ne\u017e v lo\u0148sk\u00e9m roce.<\/p>\n<p>Za\u017e\u00e1dat si o p\u0159\u00edsp\u011bvek je mo\u017en\u00e9 na \u00da\u0159adu pr\u00e1ce \u010cR, podle trval\u00e9ho bydli\u0161t\u011b. D\u00e1vku mohou lid\u00e9 pob\u00edrat po dobu 84 m\u011bs\u00edc\u016f.<\/p>\n<p>&nbsp;<\/p>\n<p>Ka\u017ed\u00fd si m\u016f\u017ee pom\u011brn\u011b snadno spo\u010d\u00edtat, zda m\u00e1 n\u00e1rok na p\u0159\u00edsp\u011bvek, p\u0159\u00edpadn\u011b mu m\u016f\u017ee pomoci speci\u00e1ln\u00ed kalkula\u010dka soci\u00e1ln\u00edch d\u00e1vek na webu MPSV:<br \/>\n<a href=\"http:\/\/portal.mpsv.cz\/soc\/poradce\">Soci\u00e1ln\u00ed poradce MPSV<\/a><\/p>\n<p>&lt;P<br \/>\nP\u0159\u00edklad:<br \/>\nMlad\u00ed bezd\u011btn\u00ed man\u017eel\u00e9 bydl\u00ed v n\u00e1jemn\u00edm byt\u011b v Kladn\u011b. Se\u010dtou-li v\u0161echny sv\u00e9 \u010dist\u00e9 p\u0159\u00edjmy, vyjde jim 20 000 K\u010d. Za n\u00e1klady na bydlen\u00ed (tj. n\u00e1jem, energie a poplatky) plat\u00ed 12 000 K\u010d. V\u0161e se d\u00e1 vypo\u010d\u00edtat t\u00edmto zp\u016fsobem:<\/p>\n<p>20 000 K\u010d kr\u00e1t 0,30 (t\u0159icet procent) = 6 000 K\u010d. V\u00fdsledek znamen\u00e1, \u017ee t\u0159icet procent p\u0159\u00edjm\u016f man\u017eel\u016f (tedy 6 000 K\u010d) nesta\u010d\u00ed na pokryt\u00ed jejich n\u00e1klad\u016f na bydlen\u00ed. Z\u00e1kon v tabulce stanov\u00ed, \u017ee tzv. normativn\u00ed n\u00e1klady na bydlen\u00ed ve m\u011bst\u011b velikosti Kladna jsou pro dva lidi 8 284 K\u010d. Man\u017eel\u00e9 dostanou rozd\u00edl mezi tabulkov\u00fdmi normativn\u00edmi n\u00e1klady a t\u0159iceti procenty sv\u00e9ho p\u0159\u00edjmu (nikoli cel\u00fd rozd\u00edl mezi celkov\u00fdmi n\u00e1klady na bydlen\u00ed a t\u0159iceti procenty sv\u00e9ho p\u0159\u00edjmu). Maj\u00ed proto n\u00e1rok na p\u0159\u00edsp\u011bvek na bydlen\u00ed ve v\u00fd\u0161i: 8 284 K\u010d \u2013 6 000 K\u010d = 2 284 K\u010d.<br \/>\nJi\u0159\u00ed Marek<br \/>\ninvArena<\/p>\n","protected":false},"excerpt":{"rendered":"<div class=\"mh-excerpt\"><p>Pro mnoh\u00e9 zdravotn\u011b posti\u017een\u00e9 a nejen je m\u00e1 Ministerstvo pr\u00e1ce a soci\u00e1ln\u00edch v\u011bc\u00ed dobrou zpr\u00e1vu. Letos vyplat\u00ed na p\u0159\u00edsp\u011bvc\u00edch na bydlen\u00ed v\u00edce.<\/p>\n<\/div>","protected":false},"author":3,"featured_media":0,"comment_status":"open","ping_status":"open","sticky":false,"template":"","format":"standard","meta":{"footnotes":""},"categories":[1],"tags":[],"class_list":["post-758","post","type-post","status-publish","format-standard","hentry","category-nezarazene"],"_links":{"self":[{"href":"https:\/\/www.invarena.cz\/index.php?rest_route=\/wp\/v2\/posts\/758","targetHints":{"allow":["GET"]}}],"collection":[{"href":"https:\/\/www.invarena.cz\/index.php?rest_route=\/wp\/v2\/posts"}],"about":[{"href":"https:\/\/www.invarena.cz\/index.php?rest_route=\/wp\/v2\/types\/post"}],"author":[{"embeddable":true,"href":"https:\/\/www.invarena.cz\/index.php?rest_route=\/wp\/v2\/users\/3"}],"replies":[{"embeddable":true,"href":"https:\/\/www.invarena.cz\/index.php?rest_route=%2Fwp%2Fv2%2Fcomments&post=758"}],"version-history":[{"count":0,"href":"https:\/\/www.invarena.cz\/index.php?rest_route=\/wp\/v2\/posts\/758\/revisions"}],"wp:attachment":[{"href":"https:\/\/www.invarena.cz\/index.php?rest_route=%2Fwp%2Fv2%2Fmedia&parent=758"}],"wp:term":[{"taxonomy":"category","embeddable":true,"href":"https:\/\/www.invarena.cz\/index.php?rest_route=%2Fwp%2Fv2%2Fcategories&post=758"},{"taxonomy":"post_tag","embeddable":true,"href":"https:\/\/www.invarena.cz\/index.php?rest_route=%2Fwp%2Fv2%2Ftags&post=758"}],"curies":[{"name":"wp","href":"https:\/\/api.w.org\/{rel}","templated":true}]}}