{"id":7583,"date":"2013-07-05T16:02:01","date_gmt":"2013-07-05T14:02:01","guid":{"rendered":"http:\/\/www.invarena.cz\/?p=7583"},"modified":"2013-07-05T16:18:00","modified_gmt":"2013-07-05T14:18:00","slug":"bazilika-navstiveni-panny-marie","status":"publish","type":"post","link":"https:\/\/www.invarena.cz\/?p=7583","title":{"rendered":"Nav\u0161tivte \u010desk\u00fd Mariazell s v\u00fdznamn\u00fdm poutn\u00edm m\u00edstem"},"content":{"rendered":"<p><strong>Hejnick\u00e9 slavnosti navazuj\u00ed na tradi\u010dn\u00ed Hejnickou pou\u0165, kter\u00e1 se slav\u00ed u p\u0159\u00edle\u017eitosti vysv\u011bcen\u00ed Baziliky Nav\u0161t\u00edven\u00ed Panny Marie (foto). Na kulturn\u00ed akce o tomto v\u00edkendu budou m\u00edt d<strong>r\u017eitel\u00e9 pr\u016fkazu ZTP\/P vstup zdarma.<\/strong><br \/>\n<\/strong><\/p>\n<p><!--more--><\/p>\n<p>&nbsp;<\/p>\n<p><strong>I letos se o v\u00edkendu 6.-7.7.2013 uskute\u010dn\u00ed velik\u00e1 kulturn\u00ed akce spojen\u00e1 s nabit\u00fdm kulturn\u00edm programem v centr\u00e1ln\u00ed \u010d\u00e1sti p\u0159ed are\u00e1lem Baziliky a MCDO (b\u00fdval\u00fdm hotelem Perun), velik\u00fdm oh\u0148ostrojem,\u00a0koloto\u010d\u00e1\u0159sk\u00fdmi atrakcemi a st\u00e1nkov\u00fdm prodejem v ulic\u00edch, dopln\u011bn\u00e1 o \u0159emesln\u00fd jarmark p\u0159ed kostelem. <\/strong><\/p>\n<p>Chceme op\u011bt p\u0159ipravit n\u00e1v\u0161t\u011bvn\u00edk\u016fm r\u016fzn\u00e9 nab\u00eddky, kter\u00e9 by je mohly oslovit a nechat je pro\u017e\u00edt tak v Hejnic\u00edch kr\u00e1sn\u00e9 chv\u00edle, d\u00edky kter\u00fdm se sem budou i nad\u00e1le vracet.<strong> <\/strong><\/p>\n<p><strong>Postupem jednotliv\u00fdch ro\u010dn\u00edk\u016f se tato akce zm\u011bnila v m\u011bstsk\u00e9 pou\u0165ov\u00e9 slavnosti spojen\u00e9 s hudebn\u00edm festivalem, kter\u00fd v tomto malebn\u00e9m podh\u016f\u0159\u00ed Jizersk\u00fdch hor m\u00e1 jist\u011b neopakovatelnou atmosf\u00e9ru.<\/strong><\/p>\n<p>Na centr\u00e1ln\u00edm m\u00edst\u011b p\u0159ed bazilikou vznikne znovu velik\u00e9\u00a0kulturn\u00ed centrum, kter\u00e9 mimo velik\u00e9ho p\u00f3dia nab\u00eddne pro pohodl\u00ed n\u00e1v\u0161t\u011bvn\u00edk\u016f velkokapacitn\u00ed stany, sezen\u00ed se stoly a hlavn\u011b spoustu druh\u016f ob\u010derstven\u00ed. Hang\u00e1rov\u00e9 stany poskytnou p\u0159\u00edst\u0159e\u0161\u00ed p\u0159ed p\u0159\u00edpadn\u00fdm horouc\u00edm sluncem a nebo dot\u011brn\u00fdmi kapkami de\u0161t\u011b.<\/p>\n<p>Na p\u00f3diu se v pr\u016fb\u011bhu obou v\u00edkendov\u00fdch dn\u016f vyst\u0159\u00edd\u00e1 cel\u00e1 plej\u00e1da zn\u00e1m\u00fdch i m\u00e9n\u011b zn\u00e1m\u00fdch um\u011blc\u016f, kte\u0159\u00ed p\u0159ijedou pobavit n\u00e1v\u0161t\u011bvn\u00edky Hejnick\u00fdch slavnost\u00ed. Jako nejv\u011bt\u0161\u00ed hv\u011bzda vystoup\u00ed v sobotu leto\u0161n\u00ed navr\u00e1tilci na koncertn\u00ed p\u00f3dia, kapela KRY\u0160TOF. V ned\u011bli zazp\u00edv\u00e1 V\u00e1clav Neck\u00e1\u0159.<\/p>\n<p><strong>Dr\u017eitel\u00e9 pr\u016fkazu ZTP\/P maj\u00ed do kulturn\u00edho centra vstup zdarma, jejich jeden doprovod m\u00e1 vstupn\u00e9 za\u00a0100,- K\u010d.<\/strong><\/p>\n<p>Vstupenka plat\u00ed na cel\u00fd den.<\/p>\n<h6><strong>Na koloto\u010de, ke st\u00e1nk\u016fm, do \u0159emesln\u00e9ho jarmarku se \u017e\u00e1dn\u00e9 vstupn\u00e9 nevyb\u00edr\u00e1.<\/strong><\/h6>\n<hr \/>\n<h4>Hejnick\u00e9 slavnosti pomohou zasa\u017een\u00fdm povodn\u00ed&#8230;<\/h4>\n<div>\n<p>Jeliko\u017e si je\u0161t\u011b moc dob\u0159e pamatujeme jak zas\u00e1hly katastrofick\u00e9 povodn\u011b Hejnice v roce 2010, rozhodli jsme se, \u017ee mimo p\u0159\u00edmou pomoc M\u011bsta Hejnice, pomohou i samotn\u00e9 Hejnick\u00e9 slavnosti 2013.<\/p>\n<p><strong>Z ka\u017ed\u00e9 prodan\u00e9 vstupenky v\u011bnujeme 10 korun na odstra\u0148ov\u00e1n\u00ed \u0161kod po sou\u010dasn\u00e9 povodni\u00a0obci Vojkovice u Kralup v posti\u017een\u00e9 oblasti.<br \/>\n<\/strong><\/p>\n<p>Mimo jin\u00e9 tak\u00e9 na slavnostech um\u00edst\u00edme pokladni\u010dku na dobrovoln\u00e9 p\u0159\u00edsp\u011bvky pro z\u00e1jemce, kte\u0159\u00ed budou cht\u00edt p\u0159isp\u011bt a\u010d t\u0159eba nebudou kupovat vstupenky.<br \/>\nD\u011bkujeme za va\u0161e p\u0159\u00edpadn\u00e9 p\u0159\u00edsp\u011bvky.<\/p>\n<p><strong>M\u011bsto Hejnice<\/strong><\/p>\n<p>Pohrani\u010dn\u00ed m\u011bsto\u00a0 Hejnice (d\u0159\u00edve <i>Haindorf<\/i>) s v\u00fdznamn\u00fdm poutn\u00edm m\u00edstem je naz\u00fdv\u00e1no \u010desk\u00fd Mariazell. Rozlehl\u00e9mu barokn\u00edmu are\u00e1lu v\u00e9vod\u00ed <strong>chr\u00e1m Nav\u0161t\u00edven\u00ed Panny Marie,<\/strong> jeho\u017e nejcenn\u011bj\u0161\u00edm vybaven\u00edm je <strong>d\u0159ev\u011bn\u00e1 gotick\u00e1 plastika \u010cern\u00e9 Madony <\/strong>z roku 1380.<\/p>\n<p>V chr\u00e1mu je rovn\u011b\u017e <strong>hejnick\u00fd betl\u00e9m z 18. stolet\u00ed<\/strong>, kter\u00fd zachycuje v\u00fdjevy ze \u017eivota franti\u0161k\u00e1n\u016f a zobrazuje okol\u00ed Hejnic. V p\u0159ilehl\u00e9m franti\u0161k\u00e1nsk\u00e9m kl\u00e1\u0161te\u0159e s\u00eddl\u00ed Mezin\u00e1rodn\u00ed centrum duchovn\u00ed obnovy.<\/p>\n<p>Chr\u00e1m a jeho okol\u00ed p\u016fsob\u00ed docela impozantn\u011b, hlavn\u011b se zalesn\u011bn\u00fdmi kopci za z\u00e1dy, interi\u00e9r barokn\u00ed, bohat\u00fd. Stoj\u00ed za to Hejnice nav\u0161t\u00edvit a stref\u00edte-li se do prvn\u00edho v\u00edkendu v \u010dervenci, <a href=\"http:\/\/www.mestohejnice.cz\/cs\/kultura\/hejnicka-pout\/hejnicka-pout.html\">pou\u0165 <\/a>bude pro v\u00e1s obohacen\u00edm pobytu, i kdy\u017e pravda, spiritualita v ty dny trochu \u00fap\u00ed \u2026 <img decoding=\"async\" alt=\":)\" src=\"http:\/\/rozvedena.blokuje.cz\/wp-includes\/images\/smilies\/icon_smile.gif\" \/><\/p>\n<p>invArena<\/p>\n<\/div>\n","protected":false},"excerpt":{"rendered":"<div class=\"mh-excerpt\"><p>Hejnick\u00e9 slavnosti navazuj\u00ed na tradi\u010dn\u00ed Hejnickou pou\u0165, kter\u00e1 se slav\u00ed u p\u0159\u00edle\u017eitosti vysv\u011bcen\u00ed Baziliky Nav\u0161t\u00edven\u00ed Panny Marie (foto). Na kulturn\u00ed akce o tomto v\u00edkendu budou <a class=\"mh-excerpt-more\" href=\"https:\/\/www.invarena.cz\/?p=7583\" title=\"Nav\u0161tivte \u010desk\u00fd Mariazell s v\u00fdznamn\u00fdm poutn\u00edm m\u00edstem\">[&#8230;]<\/a><\/p>\n<\/div>","protected":false},"author":1,"featured_media":7584,"comment_status":"open","ping_status":"open","sticky":false,"template":"","format":"standard","meta":{"footnotes":""},"categories":[17],"tags":[],"class_list":["post-7583","post","type-post","status-publish","format-standard","has-post-thumbnail","hentry","category-kultura"],"_links":{"self":[{"href":"https:\/\/www.invarena.cz\/index.php?rest_route=\/wp\/v2\/posts\/7583","targetHints":{"allow":["GET"]}}],"collection":[{"href":"https:\/\/www.invarena.cz\/index.php?rest_route=\/wp\/v2\/posts"}],"about":[{"href":"https:\/\/www.invarena.cz\/index.php?rest_route=\/wp\/v2\/types\/post"}],"author":[{"embeddable":true,"href":"https:\/\/www.invarena.cz\/index.php?rest_route=\/wp\/v2\/users\/1"}],"replies":[{"embeddable":true,"href":"https:\/\/www.invarena.cz\/index.php?rest_route=%2Fwp%2Fv2%2Fcomments&post=7583"}],"version-history":[{"count":0,"href":"https:\/\/www.invarena.cz\/index.php?rest_route=\/wp\/v2\/posts\/7583\/revisions"}],"wp:featuredmedia":[{"embeddable":true,"href":"https:\/\/www.invarena.cz\/index.php?rest_route=\/wp\/v2\/media\/7584"}],"wp:attachment":[{"href":"https:\/\/www.invarena.cz\/index.php?rest_route=%2Fwp%2Fv2%2Fmedia&parent=7583"}],"wp:term":[{"taxonomy":"category","embeddable":true,"href":"https:\/\/www.invarena.cz\/index.php?rest_route=%2Fwp%2Fv2%2Fcategories&post=7583"},{"taxonomy":"post_tag","embeddable":true,"href":"https:\/\/www.invarena.cz\/index.php?rest_route=%2Fwp%2Fv2%2Ftags&post=7583"}],"curies":[{"name":"wp","href":"https:\/\/api.w.org\/{rel}","templated":true}]}}