{"id":7615,"date":"2013-07-08T09:35:32","date_gmt":"2013-07-08T07:35:32","guid":{"rendered":"http:\/\/www.invarena.cz\/?p=7615"},"modified":"2013-07-08T09:53:31","modified_gmt":"2013-07-08T07:53:31","slug":"tisic-korun-od-vzp-na-letni-tabor","status":"publish","type":"post","link":"https:\/\/www.invarena.cz\/?p=7615","title":{"rendered":"Tis\u00edc korun od VZP na letn\u00ed t\u00e1bor"},"content":{"rendered":"<p><strong>Tis\u00edcikorunov\u00fd p\u0159\u00edsp\u011bvek na pr\u00e1zdninov\u00fd letn\u00ed t\u00e1bor s\u00a0c\u00edlen\u00fdmi pohybov\u00fdmi aktivitami m\u00e1 podpo\u0159it ty rodi\u010de, kte\u0159\u00ed vedou d\u011bti k\u00a0pohybu.<\/strong><\/p>\n<p><!--more--><\/p>\n<p>Pen\u00edze mohou b\u00fdt vyplaceny i na p\u0159\u00edm\u011bstsk\u00fd letn\u00ed t\u00e1bor, kde d\u011bti str\u00e1v\u00ed minim\u00e1ln\u011b \u010dty\u0159i dny (nemus\u00ed b\u00fdt po sob\u011b jdouc\u00ed). P\u0159\u00edsp\u011bvek se t\u00fdk\u00e1 d\u011bt\u00ed star\u0161\u00edch \u0161esti let, kter\u00fdm je\u0161t\u011b nebylo patn\u00e1ct.<\/p>\n<p>&nbsp;<\/p>\n<p><b>A\u017e tis\u00edcovku mohou u\u0161et\u0159it rodi\u010de d\u011bt\u00ed, kter\u00e9 jsou poji\u0161t\u011bn\u00e9 u VZP a o pr\u00e1zdnin\u00e1ch se chystaj\u00ed na t\u00e1bor, kde budou m\u00edt dostatek pohybu. Nab\u00eddka se p\u0159itom t\u00fdk\u00e1 i t\u011bch rodi\u010d\u016f, kte\u0159\u00ed u\u017e za\u00a0t\u00e1bor zaplatili kdykoliv od za\u010d\u00e1tku leto\u0161n\u00edho roku. VZP t\u00edm chce podpo\u0159it d\u011bti ve zdrav\u00e9m \u017eivotn\u00edm stylu, ke kter\u00e9mu pravideln\u00fd pohyb bezpochyby pat\u0159\u00ed.<\/b><\/p>\n<p>&nbsp;<\/p>\n<p>Ned\u00e1vn\u00fd pr\u016fzkum VZP uk\u00e1zal, \u017ee 57\u00a0% d\u011bt\u00ed sportuje alespo\u0148 t\u0159ikr\u00e1t t\u00fddn\u011b. Naopak jen 14\u00a0% d\u011bt\u00ed nesportuje v\u016fbec nebo jen p\u0159i \u0161koln\u00edm t\u011blocviku (viz graf). Oproti roku 2008 klesl na m\u00e9n\u011b ne\u017e polovinu po\u010det d\u011bt\u00ed, kter\u00e9 tr\u00e1v\u00ed u po\u010d\u00edta\u010de v\u00edce ne\u017e dv\u011b hodiny denn\u011b (v roce 2008 to bylo 64\u00a0%, v\u00a0roce 2012 u\u017e jen 27\u00a0%).<br \/>\n<a href=\"https:\/\/www.invarena.cz\/wp-content\/uploads\/Graf-D\u011bti-se-v\u00edce-h\u00fdbou.jpg\"><img loading=\"lazy\" decoding=\"async\" class=\"alignleft size-full wp-image-7616\" alt=\"Graf D\u011bti se v\u00edce h\u00fdbou\" src=\"https:\/\/www.invarena.cz\/wp-content\/uploads\/Graf-D\u011bti-se-v\u00edce-h\u00fdbou.jpg\" width=\"450\" height=\"298\" srcset=\"https:\/\/www.invarena.cz\/wp-content\/uploads\/Graf-D\u011bti-se-v\u00edce-h\u00fdbou.jpg 450w, https:\/\/www.invarena.cz\/wp-content\/uploads\/Graf-D\u011bti-se-v\u00edce-h\u00fdbou-400x265.jpg 400w, https:\/\/www.invarena.cz\/wp-content\/uploads\/Graf-D\u011bti-se-v\u00edce-h\u00fdbou-200x132.jpg 200w\" sizes=\"auto, (max-width: 450px) 100vw, 450px\" \/><\/a><\/p>\n<p>&nbsp;<\/p>\n<p>Rodi\u010d nebo z\u00e1konn\u00fd z\u00e1stupce m\u016f\u017ee o pen\u00edze \u017e\u00e1dat v\u00a0p\u0159\u00edpad\u011b, \u017ee t\u00e1bor zaplatil kdykoliv od 1.\u00a01. 2013 do 31.\u00a07. 2013 a d\u00edt\u011b se ho z\u00fa\u010dastnilo do 31.\u00a08. 2013.<\/p>\n<p>\u017d\u00e1dost o p\u0159\u00edsp\u011bvek je mo\u017en\u00e9 podat do 10.\u00a09. 2013 a lze ji vy\u0159\u00eddit na kter\u00e9koliv pobo\u010dce VZP.<\/p>\n<p>Je t\u0159eba k\u00a0n\u00ed p\u0159ilo\u017eit origin\u00e1l platebn\u00edho dokladu.<\/p>\n<p>P\u0159\u00edsp\u011bvek se\u00a0vypl\u00e1c\u00ed v\u00a0hotovosti nebo na bankovn\u00ed \u00fa\u010det \u017eadatele (z\u00e1konn\u00e9ho z\u00e1stupce). O p\u0159\u00edsp\u011bvek v\u00a0maxim\u00e1ln\u00ed v\u00fd\u0161i 1\u00a0000 K\u010d je mo\u017eno \u017e\u00e1dat jen jednou. VZP si vyhrazuje pr\u00e1vo ukon\u010dit poskytov\u00e1n\u00ed p\u0159\u00edsp\u011bvk\u016f po vy\u010derp\u00e1n\u00ed finan\u010dn\u00edho limitu.<b><br \/>\n<\/b><\/p>\n<p><b>Mgr. Old\u0159ich Tich\u00fd<\/b><\/p>\n<p>vedouc\u00ed tiskov\u00e9ho odd\u011blen\u00ed a tiskov\u00fd mluv\u010d\u00ed<\/p>\n","protected":false},"excerpt":{"rendered":"<div class=\"mh-excerpt\"><p>Tis\u00edcikorunov\u00fd p\u0159\u00edsp\u011bvek na pr\u00e1zdninov\u00fd letn\u00ed t\u00e1bor s\u00a0c\u00edlen\u00fdmi pohybov\u00fdmi aktivitami m\u00e1 podpo\u0159it ty rodi\u010de, kte\u0159\u00ed vedou d\u011bti k\u00a0pohybu.<\/p>\n<\/div>","protected":false},"author":1,"featured_media":3460,"comment_status":"open","ping_status":"open","sticky":false,"template":"","format":"standard","meta":{"footnotes":""},"categories":[1],"tags":[],"class_list":["post-7615","post","type-post","status-publish","format-standard","has-post-thumbnail","hentry","category-nezarazene"],"_links":{"self":[{"href":"https:\/\/www.invarena.cz\/index.php?rest_route=\/wp\/v2\/posts\/7615","targetHints":{"allow":["GET"]}}],"collection":[{"href":"https:\/\/www.invarena.cz\/index.php?rest_route=\/wp\/v2\/posts"}],"about":[{"href":"https:\/\/www.invarena.cz\/index.php?rest_route=\/wp\/v2\/types\/post"}],"author":[{"embeddable":true,"href":"https:\/\/www.invarena.cz\/index.php?rest_route=\/wp\/v2\/users\/1"}],"replies":[{"embeddable":true,"href":"https:\/\/www.invarena.cz\/index.php?rest_route=%2Fwp%2Fv2%2Fcomments&post=7615"}],"version-history":[{"count":0,"href":"https:\/\/www.invarena.cz\/index.php?rest_route=\/wp\/v2\/posts\/7615\/revisions"}],"wp:featuredmedia":[{"embeddable":true,"href":"https:\/\/www.invarena.cz\/index.php?rest_route=\/wp\/v2\/media\/3460"}],"wp:attachment":[{"href":"https:\/\/www.invarena.cz\/index.php?rest_route=%2Fwp%2Fv2%2Fmedia&parent=7615"}],"wp:term":[{"taxonomy":"category","embeddable":true,"href":"https:\/\/www.invarena.cz\/index.php?rest_route=%2Fwp%2Fv2%2Fcategories&post=7615"},{"taxonomy":"post_tag","embeddable":true,"href":"https:\/\/www.invarena.cz\/index.php?rest_route=%2Fwp%2Fv2%2Ftags&post=7615"}],"curies":[{"name":"wp","href":"https:\/\/api.w.org\/{rel}","templated":true}]}}