{"id":7635,"date":"2013-07-08T14:03:20","date_gmt":"2013-07-08T12:03:20","guid":{"rendered":"http:\/\/www.invarena.cz\/?p=7635"},"modified":"2013-07-08T14:03:20","modified_gmt":"2013-07-08T12:03:20","slug":"nejdrazsi-ceska-slova","status":"publish","type":"post","link":"https:\/\/www.invarena.cz\/?p=7635","title":{"rendered":"Nejdra\u017e\u0161\u00ed \u010desk\u00e1 slova"},"content":{"rendered":"<p><strong>Exministr pr\u00e1ce Jarom\u00edr Dr\u00e1bek z TOP 09 m\u00e1 na dohled dal\u0161\u00ed probl\u00e9m. Po obvin\u011bn\u00ed jeho n\u00e1m\u011bstka Vladim\u00edra \u0160i\u0161ky p\u0159i podpl\u00e1cen\u00ed p\u0159i zad\u00e1v\u00e1n\u00ed IT zak\u00e1zky na v\u00fdplatu soci\u00e1ln\u00edch d\u00e1vek se objevuj\u00ed dal\u0161\u00ed podivn\u011b utracen\u00e9 miliony.<\/strong><\/p>\n<p><!--more--><\/p>\n<p>Kam milony z Ministerstva pr\u00e1ce a soci\u00e1ln\u00edch v\u011bc\u00ed plynuly a co je na nich podez\u0159el\u00e9ho?\u00a0 To se dov\u011bd\u011bl redaktor \u010dasopisu T\u00ddDEN Tom\u00e1\u0161 Menschik, kter\u00fd kauzu rozkl\u00ed\u010doval a hovo\u0159il o n\u00ed v report\u00e1\u017ei TV Barrandov.<\/p>\n<p>&#8222;Ministerstvo pr\u00e1ce utratilo za vznik N\u00e1rodn\u00ed soustavy povol\u00e1n\u00ed 150 milion\u016f korun. Projekt se skl\u00e1d\u00e1 z kr\u00e1tk\u00fdch popis\u016f profes\u00ed. Nap\u0159\u00edklad o popel\u00e1\u0159i se v \u00fa\u0159edn\u00ed \u0159e\u010di p\u00ed\u0161e jako o \u00faklidov\u00e9m pracovn\u00edkovi pro obsluhu odpadn\u00edch n\u00e1dob. Ten text je stru\u010dn\u00fd, m\u00e1 jen 127 slov a ministerstvo za n\u011bj zaplatilo 22 tis\u00edc korun. Stejnou \u010d\u00e1stku vydalo i za dva tis\u00edce dal\u0161\u00edch polo\u017eek.<\/p>\n<p>&#8222;To je docela s\u00edla, projekt N\u00e1rodn\u00ed soustava povol\u00e1n\u00ed m\u00e1 ale pom\u00e1hat hledat pr\u00e1ci nezam\u011bstnan\u00fdm, co tedy bylo \u0161patn\u011b?,&#8220; zeptal se moder\u00e1tor TV Barrandov.<\/p>\n<p>&#8222;Podle zji\u0161t\u011bn\u00ed nejvy\u0161\u0161\u00edho kontroln\u00edho \u00fa\u0159adu se ministerstvo dopustilo chyb u\u017e p\u0159i vyps\u00e1n\u00ed v\u00fdb\u011brov\u00e9ho \u0159\u00edzen\u00ed. Kv\u016fli tomu hroz\u00ed, \u017ee vl\u00e1da bude pen\u00edze z dotace vracet zp\u011bt do Bruselu. Kontrolo\u0159i vyt\u00fdkali ministerstvu cenu a vlastn\u011b i smysl projektu. V t\u011bchto dnech zva\u017euj\u00ed, zda policii po\u0161lou trestn\u00ed ozn\u00e1men\u00ed,&#8220; uvedl Meschik.<\/p>\n<p>U\u010ditel vzd\u011bl\u00e1v\u00e1, popel\u00e1\u0159 vysyp\u00e1v\u00e1 odpadov\u00e9 n\u00e1doby. Za stru\u010dn\u00fd popis ka\u017ed\u00e9 z profes\u00ed zaplatilo ministerstvo pr\u00e1ce 22 tis\u00edc korun. Celkem za webov\u00fd projekt N\u00e1rodn\u00ed soustavy povol\u00e1n\u00ed utratilo 150 milion\u016f korun z evropsk\u00fdch pen\u011bz. P\u0159\u00edpadem se z\u0159ejm\u011b bude zab\u00fdvat policie. Jde o dal\u0161\u00ed pr\u016f\u0161vih b\u00fdval\u00e9ho ministra Jarom\u00edra Dr\u00e1bka (TOP 09).<\/p>\n<p>podle report\u00e1\u017ee TV Barrandov zaznamenala invArena<\/p>\n<p><strong>Podle \u0160kromacha byl projekt zbyte\u010dn\u00fd <\/strong><\/p>\n<p>Kdo si snad nen\u00ed jist, co obn\u00e1\u0161\u00ed pr\u00e1ce popel\u00e1\u0159e, m\u016f\u017ee se pou\u010dit na str\u00e1nk\u00e1ch nsp.cz, provozovan\u00fdch Ministerstvem pr\u00e1ce a soci\u00e1ln\u00edch v\u011bc\u00ed \u010cR.\u00a0 O &#8222;\u00faklidov\u00e9m pracovn\u00edkovi pro obsluhu odpadov\u00fdch n\u00e1dob&#8220; se prav\u00ed, \u017ee m\u00e1 na starosti vysyp\u00e1v\u00e1n\u00ed n\u00e1dob na t\u0159\u00edd\u011bn\u00fd odpad, p\u0159\u00edpadn\u011b vysyp\u00e1v\u00e1n\u00ed a dezinfekci ko\u0161\u016f. K tomu je pot\u0159ebn\u00fd bu\u010f v\u00fdu\u010dn\u00ed list, nebo &#8222;z\u00e1kladn\u00ed vzd\u011bl\u00e1n\u00ed v oboru z\u00e1kladn\u00ed \u0161kola&#8220;, ale podle ministerstva posta\u010d\u00ed i nedokon\u010den\u00e9 z\u00e1kladn\u00ed vzd\u011bl\u00e1n\u00ed. Popis povol\u00e1n\u00ed m\u00e1 127 slov (rozsah tohoto \u010dl\u00e1nku bez titulku a\u017e sem).<\/p>\n<p>Za tento jedin\u00fd text utratilo ministerstvo 22 tis\u00edc korun.<\/p>\n<p>Stejnou pr\u016fm\u011brnou \u010d\u00e1stku st\u00e1ly i dal\u0161\u00ed zhruba dva tis\u00edce polo\u017eek v takzvan\u00e9 N\u00e1rodn\u00ed soustav\u011b povol\u00e1n\u00ed (NSP).<\/p>\n<p>Kdyby takov\u00fd honor\u00e1\u0159 dost\u00e1vali novin\u00e1\u0159i, musel by vydavatel za standardn\u00ed \u010dl\u00e1nky platit des\u00edtky a statis\u00edce korun.<\/p>\n<p>Celkem st\u00e1l projekt 150 milion\u016f korun a do jeho p\u0159\u00edpravy se zapojilo na dva tis\u00edce lid\u00ed.<\/p>\n<p>V\u00fdsledek m\u00e1 pomoci nezam\u011bstnan\u00fdm, aby se zorientovali na trhu pr\u00e1ce. Zam\u011bstnavatel\u016fm d\u00e1 p\u0159ehled o kvalifikaci pot\u0159ebn\u00e9 pro ur\u010ditou pozici.<\/p>\n<p>Tak\u00e9 m\u00e1 umo\u017enit, aby z\u00e1jemce o novou kvalifikaci mohl z\u00edskat certifik\u00e1t, ani\u017e by l\u00e9ta chodil do \u0161koly. Sta\u010d\u00ed u zkou\u0161ky prok\u00e1zat znalosti a schopnosti popsan\u00e9 v NSP.<\/p>\n<p>Zak\u00e1zku odsouhlasil ministr \u00fa\u0159ednick\u00e9 vl\u00e1dy Petr \u0160imerka u\u017e v dob\u011b, kdy byl po volb\u00e1ch v roce 2010 v demisi.<\/p>\n<p>Pen\u00edze se ale utr\u00e1cely po dva roky vl\u00e1dnut\u00ed ministra Jarom\u00edra Dr\u00e1bka (TOP 09), kter\u00fd musel odstoupit kv\u016fli skand\u00e1lu s dotacemi na po\u010d\u00edta\u010dov\u00fd syst\u00e9m pro v\u00fdplatu soci\u00e1ln\u00edch d\u00e1vek.<\/p>\n<p>Dr\u00e1bek se k p\u0159edra\u017een\u00fdm popis\u016fm profes\u00ed nemohl vyj\u00e1d\u0159it. Redakci \u010dasopisu T\u00ddDEN poslal SMS, v n\u00ed\u017e vyj\u00e1d\u0159en\u00ed p\u0159isl\u00edbil po n\u00e1vratu z dovolen\u00e9.<\/p>\n<p>Projekt u\u017e podle Bohumila Mu\u017e\u00edka ze Svazu pr\u016fmyslu a dopravy \u010cR p\u0159inesl prvn\u00ed v\u00fdsledky. D\u00edky n\u011bmu pro\u0161lo zkou\u0161kami a zm\u011bnilo si kvalifikaci 70 tis\u00edc lid\u00ed. &#8222;Je to poprv\u00e9 od dob Marie Terezie, kdy po p\u0159ezkou\u0161en\u00ed dostane \u010dlov\u011bk potvrzen\u00ed, \u017ee m\u00e1 n\u011bjakou kvalifikaci,&#8220; chv\u00e1l\u00ed Mu\u017e\u00edk N\u00e1rodn\u00ed soustavu povol\u00e1n\u00ed.<\/p>\n<p>Najde se ale mnoho lid\u00ed z oboru, kte\u0159\u00ed o projektu pochybuj\u00ed. &#8222;Na trhu pr\u00e1ce si p\u0159ece ka\u017ed\u00fd zam\u011bstnavatel stanovuje vlastn\u00ed po\u017eadavky na lidi, kter\u00e9 p\u0159ijme. Pochybuji, \u017ee se n\u011bco takov\u00e9ho ujme,&#8220; \u0159ekl b\u00fdval\u00fd ministr pr\u00e1ce Zden\u011bk \u0160kromach. &#8222;Za p\u016fsoben\u00ed Jarom\u00edra Dr\u00e1bka a jeho n\u00e1m\u011bstka Vladim\u00edra \u0160i\u0161ky vznikalo asi v\u00edce projekt\u016f, u nich\u017e se pen\u00edze neutr\u00e1cely \u00fapln\u011b \u00fa\u010deln\u011b,&#8220; dodal \u0160kromach.<\/p>\n<p>redak\u010dn\u011b kr\u00e1ceno<br \/>\ncel\u00fd \u010dl\u00e1nek si m\u016f\u017eete p\u0159e\u010d\u00edst v aktu\u00e1ln\u00edm vyd\u00e1n\u00ed \u010dasopisu <strong>T\u00ddDEN<\/strong><\/p>\n","protected":false},"excerpt":{"rendered":"<div class=\"mh-excerpt\"><p>Exministr pr\u00e1ce Jarom\u00edr Dr\u00e1bek z TOP 09 m\u00e1 na dohled dal\u0161\u00ed probl\u00e9m. Po obvin\u011bn\u00ed jeho n\u00e1m\u011bstka Vladim\u00edra \u0160i\u0161ky p\u0159i podpl\u00e1cen\u00ed p\u0159i zad\u00e1v\u00e1n\u00ed IT zak\u00e1zky na <a class=\"mh-excerpt-more\" href=\"https:\/\/www.invarena.cz\/?p=7635\" title=\"Nejdra\u017e\u0161\u00ed \u010desk\u00e1 slova\">[&#8230;]<\/a><\/p>\n<\/div>","protected":false},"author":1,"featured_media":2249,"comment_status":"open","ping_status":"open","sticky":false,"template":"","format":"standard","meta":{"footnotes":""},"categories":[1],"tags":[],"class_list":["post-7635","post","type-post","status-publish","format-standard","has-post-thumbnail","hentry","category-nezarazene"],"_links":{"self":[{"href":"https:\/\/www.invarena.cz\/index.php?rest_route=\/wp\/v2\/posts\/7635","targetHints":{"allow":["GET"]}}],"collection":[{"href":"https:\/\/www.invarena.cz\/index.php?rest_route=\/wp\/v2\/posts"}],"about":[{"href":"https:\/\/www.invarena.cz\/index.php?rest_route=\/wp\/v2\/types\/post"}],"author":[{"embeddable":true,"href":"https:\/\/www.invarena.cz\/index.php?rest_route=\/wp\/v2\/users\/1"}],"replies":[{"embeddable":true,"href":"https:\/\/www.invarena.cz\/index.php?rest_route=%2Fwp%2Fv2%2Fcomments&post=7635"}],"version-history":[{"count":0,"href":"https:\/\/www.invarena.cz\/index.php?rest_route=\/wp\/v2\/posts\/7635\/revisions"}],"wp:featuredmedia":[{"embeddable":true,"href":"https:\/\/www.invarena.cz\/index.php?rest_route=\/wp\/v2\/media\/2249"}],"wp:attachment":[{"href":"https:\/\/www.invarena.cz\/index.php?rest_route=%2Fwp%2Fv2%2Fmedia&parent=7635"}],"wp:term":[{"taxonomy":"category","embeddable":true,"href":"https:\/\/www.invarena.cz\/index.php?rest_route=%2Fwp%2Fv2%2Fcategories&post=7635"},{"taxonomy":"post_tag","embeddable":true,"href":"https:\/\/www.invarena.cz\/index.php?rest_route=%2Fwp%2Fv2%2Ftags&post=7635"}],"curies":[{"name":"wp","href":"https:\/\/api.w.org\/{rel}","templated":true}]}}