{"id":7678,"date":"2013-07-11T10:33:44","date_gmt":"2013-07-11T08:33:44","guid":{"rendered":"http:\/\/www.invarena.cz\/?p=7678"},"modified":"2013-07-11T10:33:44","modified_gmt":"2013-07-11T08:33:44","slug":"spatny-nebo-zadny-sluch-praci-nebrani","status":"publish","type":"post","link":"https:\/\/www.invarena.cz\/?p=7678","title":{"rendered":"\u0160patn\u00fd nebo \u017e\u00e1dn\u00fd sluch pr\u00e1ci nebr\u00e1n\u00ed"},"content":{"rendered":"<p><strong>Sluchov\u011b posti\u017een\u00e9 jejich handicap d\u0159\u00edv p\u0159edur\u010doval k profes\u00edm instalat\u00e9r\u016f \u010di \u0161vadlen, kde moc \u0159e\u010d\u00ed nen\u00ed t\u0159eba. Jejich uplatn\u011bn\u00ed je nyn\u00ed ale t\u00e9m\u011b\u0159 neomezen\u00e9. P\u0159esto se n\u011bkte\u0159\u00ed zam\u011bstnavatel\u00e9 ob\u00e1vaj\u00ed je zam\u011bstn\u00e1vat.\u00a0<\/strong><\/p>\n<p><!--more--><\/p>\n<p>&#8222;V z\u00e1sad\u011b mohou vykon\u00e1vat v\u0161echny profese, ke kter\u00fdm maj\u00ed kvalifikaci. Nem\u011bli by pracovat ve v\u00fd\u0161k\u00e1ch, problematick\u00e1 by mohla b\u00fdt i profese osobn\u00edho asistenta, kde je d\u016fle\u017eit\u00e1 komunikace p\u0159es telefony,&#8220; \u0159\u00edk\u00e1 Jaroslav Paur ze Svazu nesly\u0161\u00edc\u00edch a nedosl\u00fdchav\u00fdch.<\/p>\n<p>Podle n\u011bj v\u011bt\u0161\u00edmu uplatn\u011bn\u00ed sluchov\u011b posti\u017een\u00fdch br\u00e1n\u00ed p\u0159edsudky zam\u011bstnavatel\u016f. Ty d\u011bs\u00ed zt\u00ed\u017een\u00e1 komunikace s nimi, a boj\u00ed se tak pr\u00e1ce nav\u00edc.<\/p>\n<p>Metro<\/p>\n","protected":false},"excerpt":{"rendered":"<div class=\"mh-excerpt\"><p>Sluchov\u011b posti\u017een\u00e9 jejich handicap d\u0159\u00edv p\u0159edur\u010doval k profes\u00edm instalat\u00e9r\u016f \u010di \u0161vadlen, kde moc \u0159e\u010d\u00ed nen\u00ed t\u0159eba. Jejich uplatn\u011bn\u00ed je nyn\u00ed ale t\u00e9m\u011b\u0159 neomezen\u00e9. P\u0159esto se <a class=\"mh-excerpt-more\" href=\"https:\/\/www.invarena.cz\/?p=7678\" title=\"\u0160patn\u00fd nebo \u017e\u00e1dn\u00fd sluch pr\u00e1ci nebr\u00e1n\u00ed\">[&#8230;]<\/a><\/p>\n<\/div>","protected":false},"author":1,"featured_media":6438,"comment_status":"open","ping_status":"open","sticky":false,"template":"","format":"standard","meta":{"footnotes":""},"categories":[7],"tags":[],"class_list":["post-7678","post","type-post","status-publish","format-standard","has-post-thumbnail","hentry","category-spolecnost"],"_links":{"self":[{"href":"https:\/\/www.invarena.cz\/index.php?rest_route=\/wp\/v2\/posts\/7678","targetHints":{"allow":["GET"]}}],"collection":[{"href":"https:\/\/www.invarena.cz\/index.php?rest_route=\/wp\/v2\/posts"}],"about":[{"href":"https:\/\/www.invarena.cz\/index.php?rest_route=\/wp\/v2\/types\/post"}],"author":[{"embeddable":true,"href":"https:\/\/www.invarena.cz\/index.php?rest_route=\/wp\/v2\/users\/1"}],"replies":[{"embeddable":true,"href":"https:\/\/www.invarena.cz\/index.php?rest_route=%2Fwp%2Fv2%2Fcomments&post=7678"}],"version-history":[{"count":0,"href":"https:\/\/www.invarena.cz\/index.php?rest_route=\/wp\/v2\/posts\/7678\/revisions"}],"wp:featuredmedia":[{"embeddable":true,"href":"https:\/\/www.invarena.cz\/index.php?rest_route=\/wp\/v2\/media\/6438"}],"wp:attachment":[{"href":"https:\/\/www.invarena.cz\/index.php?rest_route=%2Fwp%2Fv2%2Fmedia&parent=7678"}],"wp:term":[{"taxonomy":"category","embeddable":true,"href":"https:\/\/www.invarena.cz\/index.php?rest_route=%2Fwp%2Fv2%2Fcategories&post=7678"},{"taxonomy":"post_tag","embeddable":true,"href":"https:\/\/www.invarena.cz\/index.php?rest_route=%2Fwp%2Fv2%2Ftags&post=7678"}],"curies":[{"name":"wp","href":"https:\/\/api.w.org\/{rel}","templated":true}]}}