{"id":7687,"date":"2013-07-11T10:24:16","date_gmt":"2013-07-11T08:24:16","guid":{"rendered":"http:\/\/www.invarena.cz\/?p=7687"},"modified":"2013-07-11T10:25:11","modified_gmt":"2013-07-11T08:25:11","slug":"modry-slon-letos-basniku-kucharovi","status":"publish","type":"post","link":"https:\/\/www.invarena.cz\/?p=7687","title":{"rendered":"Modr\u00fd slon letos b\u00e1sn\u00edku Kucha\u0159ovi"},"content":{"rendered":"<p><strong>Olomouck\u00fd spisovatel a b\u00e1sn\u00edk Rostislav Kucha\u0159 z\u00edskal presti\u017en\u00ed cenu Modr\u00e9ho slona v celost\u00e1tn\u00ed sout\u011b\u017ei, kterou pro osoby se zdravotn\u00edm posti\u017een\u00edm v oblasti kultury organizuje Centrum pro zdravotn\u011b posti\u017een\u00e9 Libereck\u00e9ho kraje.<\/strong><\/p>\n<p><!--more--><\/p>\n<p>Spoluorganiz\u00e1torem je sdru\u017een\u00ed Artefaktum. cz. v r\u00e1mci projektu nazvan\u00e9ho Tvo\u0159\u00edme du\u0161\u00ed.<\/p>\n<p>V liter\u00e1rn\u00ed \u010d\u00e1sti sout\u011b\u017ee usp\u011bl v konkurenci t\u0159\u00ed set autor\u016f se svou novou kn\u00ed\u017ekou Ukl\u00edze\u010d a \u0159editel, kterou napsal spole\u010dn\u011b s novin\u00e1\u0159kou Zitou Chalupovou. Krom\u011b n\u00ed je i autorem knihy Pap\u00edry na hlavu a mal\u00e9 sb\u00edrky b\u00e1sn\u00ed R\u00e1na do hlavy.<\/p>\n<p>&#8222;Ocen\u011bn\u00ed m\u011b velmi pot\u011b\u0161ilo, je\u0161t\u011b v\u00edce m\u011b v\u0161ak t\u011b\u0161\u00ed, kdy\u017e m\u011b lid\u00e9, kte\u0159\u00ed si mou posledn\u00ed kn\u00ed\u017eku zakoupili, zastavuj\u00ed na ulici a \u0159\u00edkaj\u00ed, \u017ee je jej\u00ed \u010dten\u00ed pot\u011b\u0161ilo a pohladilo na du\u0161i,&#8220; sv\u011b\u0159il se Pr\u00e1vu Kucha\u0159, jeho\u017e \u017eivot do jist\u00e9 m\u00edry poznamenal t\u011b\u017ek\u00fd pracovn\u00ed \u00faraz v \u00fatl\u00e9m ml\u00e1d\u00ed.<\/p>\n<p>Kniha Ukl\u00edze\u010d a \u0159editel je stejn\u011b jako p\u0159edchoz\u00ed Pap\u00edry na hlavu jak\u00fdmsi autobiografick\u00fdm ohl\u00e9dnut\u00edm autora. Vzpom\u00edn\u00e1 v n\u00ed na p\u0159\u00edhody, kter\u00e9 v minul\u00fdch desetilet\u00edch pro\u017eil ve sv\u00fdch zam\u011bstn\u00e1n\u00edch, p\u0159i r\u016fzn\u00fdch akc\u00edch, setk\u00e1n\u00edch \u010di na cest\u00e1ch do zahrani\u010d\u00ed, nesch\u00e1z\u00ed p\u0159itom d\u00e1vka ironie, kter\u00e1 je v\u0161ak laskav\u00e1.<\/p>\n<p>&#8222;To je to, co lid\u00e9 nejv\u00edce oce\u0148uj\u00ed. V dne\u0161n\u00ed spole\u010dnosti v\u0161ude p\u0159\u00edtomn\u00e9 politiky pln\u00e9 skand\u00e1l\u016f chyb\u00ed h\u0159ejiv\u00fd, laskav\u00fd, by\u0165 t\u0159eba i tak trochu \u010dern\u00fd humor a to je chyba,&#8220; tvrd\u00ed Kucha\u0159, kter\u00fd si nikdy nebral serv\u00edtky, kdy\u017e se mu nel\u00edbila nadutost mocn\u00fdch \u010di se setkal s n\u011bjakou nespravedlnost\u00ed, aroganc\u00ed a k\u0159iv\u00e1ctv\u00edm.<\/p>\n<p>&#8222;P\u0159\u00edb\u011bhy jsme se Zitou sepsali, abychom uk\u00e1zali, \u017ee i s probl\u00e9my se d\u00e1 \u017e\u00edt, a snad pomohli dob\u00edt baterky t\u011bm, kte\u0159\u00ed si st\u011b\u017euj\u00ed na sv\u016fj osud,&#8220; dodal autor. N\u011bkter\u00e9 p\u0159\u00edb\u011bhy se zdaj\u00ed b\u00fdt a\u017e neskute\u010dn\u00e9, ale kdo Kucha\u0159e del\u0161\u00ed dobu zn\u00e1, ten v\u00ed, \u017ee si je nevymyslel.<\/p>\n<p>Knihu Ukl\u00edze\u010d a \u0159editel vydalo nakladatelstv\u00ed Burian a Tich\u00e1k. Jej\u00ed vyd\u00e1n\u00ed finan\u010dn\u011b podpo\u0159ily mj. i olomouck\u00fd magistr\u00e1t a krajsk\u00fd \u00fa\u0159ad. I p\u0159esto, \u017ee se t\u011bm, kte\u0159\u00ed si ji p\u0159e\u010detli, l\u00edb\u00ed, knihkupectv\u00ed o ni z\u00e1jem nemaj\u00ed. Koupit se tak d\u00e1 jen v prodejn\u011b filatelie na Kate\u0159insk\u00e9 ulici v Olomouci.<\/p>\n<p>&#8222;Jinak ji p\u0159\u00edle\u017eitostn\u011b prod\u00e1v\u00e1m, kde se d\u00e1. P\u0159\u00ed j\u00edzd\u011b ve vlaku, v autobusu \u010di p\u0159i r\u016fzn\u00fdch akc\u00edch,&#8220; dodal Kucha\u0159.<\/p>\n<p>&nbsp;<\/p>\n","protected":false},"excerpt":{"rendered":"<div class=\"mh-excerpt\"><p>Olomouck\u00fd spisovatel a b\u00e1sn\u00edk Rostislav Kucha\u0159 z\u00edskal presti\u017en\u00ed cenu Modr\u00e9ho slona v celost\u00e1tn\u00ed sout\u011b\u017ei, kterou pro osoby se zdravotn\u00edm posti\u017een\u00edm v oblasti kultury organizuje Centrum <a class=\"mh-excerpt-more\" href=\"https:\/\/www.invarena.cz\/?p=7687\" title=\"Modr\u00fd slon letos b\u00e1sn\u00edku Kucha\u0159ovi\">[&#8230;]<\/a><\/p>\n<\/div>","protected":false},"author":1,"featured_media":7762,"comment_status":"open","ping_status":"open","sticky":false,"template":"","format":"standard","meta":{"footnotes":""},"categories":[17],"tags":[],"class_list":["post-7687","post","type-post","status-publish","format-standard","has-post-thumbnail","hentry","category-kultura"],"_links":{"self":[{"href":"https:\/\/www.invarena.cz\/index.php?rest_route=\/wp\/v2\/posts\/7687","targetHints":{"allow":["GET"]}}],"collection":[{"href":"https:\/\/www.invarena.cz\/index.php?rest_route=\/wp\/v2\/posts"}],"about":[{"href":"https:\/\/www.invarena.cz\/index.php?rest_route=\/wp\/v2\/types\/post"}],"author":[{"embeddable":true,"href":"https:\/\/www.invarena.cz\/index.php?rest_route=\/wp\/v2\/users\/1"}],"replies":[{"embeddable":true,"href":"https:\/\/www.invarena.cz\/index.php?rest_route=%2Fwp%2Fv2%2Fcomments&post=7687"}],"version-history":[{"count":0,"href":"https:\/\/www.invarena.cz\/index.php?rest_route=\/wp\/v2\/posts\/7687\/revisions"}],"wp:featuredmedia":[{"embeddable":true,"href":"https:\/\/www.invarena.cz\/index.php?rest_route=\/wp\/v2\/media\/7762"}],"wp:attachment":[{"href":"https:\/\/www.invarena.cz\/index.php?rest_route=%2Fwp%2Fv2%2Fmedia&parent=7687"}],"wp:term":[{"taxonomy":"category","embeddable":true,"href":"https:\/\/www.invarena.cz\/index.php?rest_route=%2Fwp%2Fv2%2Fcategories&post=7687"},{"taxonomy":"post_tag","embeddable":true,"href":"https:\/\/www.invarena.cz\/index.php?rest_route=%2Fwp%2Fv2%2Ftags&post=7687"}],"curies":[{"name":"wp","href":"https:\/\/api.w.org\/{rel}","templated":true}]}}