{"id":7727,"date":"2013-07-11T10:14:28","date_gmt":"2013-07-11T08:14:28","guid":{"rendered":"http:\/\/www.invarena.cz\/?p=7727"},"modified":"2013-07-11T10:14:28","modified_gmt":"2013-07-11T08:14:28","slug":"zamestnavat-zdravotne-postizene-se-vyplaci","status":"publish","type":"post","link":"https:\/\/www.invarena.cz\/?p=7727","title":{"rendered":"Zam\u011bstn\u00e1vat zdravotn\u011b posti\u017een\u00e9 se vypl\u00e1c\u00ed"},"content":{"rendered":"<p><strong>&#8222;N\u011bkte\u0159\u00ed zam\u011bstnavatel\u00e9 bohu\u017eel st\u00e1le trp\u00ed p\u0159edsudky, \u017ee lid\u00e9 se zdravotn\u00edm posti\u017een\u00edm by v\u016fbec nem\u011bli pracovat, proto\u017ee jsou nemocn\u00ed,&#8220; st\u011b\u017euje si ministryn\u011b pr\u00e1ce a soci\u00e1ln\u00edch v\u011bc\u00ed Ludmila M\u00fcllerov\u00e1.<\/strong><\/p>\n<p><!--more--><\/p>\n<p>P\u0159ekonat limity a vytvo\u0159it speci\u00e1ln\u00ed podm\u00ednky pro ob\u010dany se zdravotn\u00edm posti\u017een\u00edm pom\u00e1haj\u00ed projekty financovan\u00e9 z Evropsk\u00e9ho soci\u00e1ln\u00edho fondu prost\u0159ednictv\u00edm Opera\u010dn\u00edho programu Lidsk\u00e9 zdroje a zam\u011bstnanost (OP LZZ).<\/p>\n<p>&#8222;N\u011bkte\u0159\u00ed zam\u011bstnavatel\u00e9 bohu\u017eel st\u00e1le trp\u00ed p\u0159edsudky, \u017ee lid\u00e9 se zdravotn\u00edm posti\u017een\u00edm by v\u016fbec nem\u011bli pracovat, proto\u017ee jsou nemocn\u00ed. To ale nen\u00ed pravda, maj\u00ed jen ur\u010dit\u00e1 omezen\u00ed. A ta mohou p\u0159ekonat t\u0159eba speci\u00e1ln\u00ed \u00fapravou pracovi\u0161t\u011b nebo volbou vhodn\u00e9 pr\u00e1ce,&#8220; \u0159\u00edk\u00e1 ministryn\u011b pr\u00e1ce a soci\u00e1ln\u00edch v\u011bc\u00ed Ludmila M\u00fcllerov\u00e1.<\/p>\n<p>Zku\u0161enosti s t\u00edm m\u00e1 i dev\u011btat\u0159icetilet\u00e1 Laura Bob\u016frkov\u00e1, kter\u00e1 vystudovala d\u011bjiny um\u011bn\u00ed na Karlov\u011b univerzit\u011b, ale kv\u016fli zdravotn\u00edmu posti\u017een\u00ed j\u00ed chyb\u00ed jemn\u00e1 motorika, a nem\u016f\u017ee proto ovl\u00e1dat po\u010d\u00edta\u010d rukama.<\/p>\n<p>\u017divot j\u00ed z\u00e1sadn\u011b zm\u011bnila mo\u017enost pracovat s technikou pomoc\u00ed hlasu. S nov\u00fdm softwarem se nau\u010dila pracovat v projektu M\u016fj hlas \u2013 moje pr\u00e1ce, kter\u00fd realizuje ob\u010dansk\u00e9 sdru\u017een\u00ed Polovina nebe.<\/p>\n<p>Laura d\u00edky tomuto projektu z\u00edskala pr\u00e1ci na m\u011bstsk\u00e9m \u00fa\u0159ad\u011b a splnil se j\u00ed tak sen chodit do pr\u00e1ce mezi ostatn\u00ed lidi.<\/p>\n<p>&#8222;Pokud zdravotn\u011b posti\u017een\u00fd \u010dlov\u011bk sv\u016fj hendikep otev\u0159en\u011b p\u0159izn\u00e1, osv\u00edcen\u00e9 firmy v\u011bd\u00ed, \u017ee d\u00edky takov\u00e9mu \u010dlov\u011bku mohou ro\u010dn\u011b u\u0161et\u0159it des\u00edtky a\u017e stovky tis\u00edc korun,&#8220; \u0159\u00edk\u00e1 Hana Potm\u011b\u0161ilov\u00e1 z Nada\u010dn\u00edho fondu pro podporu zam\u011bstn\u00e1v\u00e1n\u00ed osob se zdravotn\u00edm posti\u017een\u00edm.<\/p>\n<p>Spole\u010dnosti s v\u00edce ne\u017e 25 zam\u011bstnanci maj\u00ed toti\u017e povinnost zam\u011bstnat ve sv\u00e9 firm\u011b ur\u010dit\u00fd po\u010det osob se zdravotn\u00edm posti\u017een\u00edm. Neu\u010din\u00ed-li tak, mus\u00ed zaplatit za ka\u017edou osobu, kter\u00e9 nenab\u00eddnou pr\u00e1ci, pokutu 60 000 korun nebo odebrat zbo\u017e\u00ed vyroben\u00e9 lidmi s posti\u017een\u00edm v hodnot\u011b 166 000 korun bez DPH.<\/p>\n<p>Pokud naopak firma d\u00e1 \u0161anci zdravotn\u011b posti\u017een\u00e9mu \u010dlov\u011bku, m\u016f\u017ee od \u00da\u0159adu pr\u00e1ce \u010cR z\u00edskat ro\u010dn\u00ed dotaci ve v\u00fd\u0161i 48 000 korun. Nav\u00edc m\u00e1 tak\u00e9 n\u00e1rok na slevu na dani z p\u0159\u00edjmu ve v\u00fd\u0161i a\u017e 60 000 korun.<\/p>\n<p>&#8222;Mnoh\u00fdm zdravotn\u011b posti\u017een\u00fdm chyb\u00ed pot\u0159ebn\u00e9 sebev\u011bdom\u00ed a schopnost prosadit sv\u00e1 z\u00e1konn\u00e1 pr\u00e1va,&#8220; \u0159\u00edk\u00e1 Martin Stol\u00edn ze spole\u010dnosti Sant\u00e9 Institut. Ta se sna\u017e\u00ed zdravotn\u011b posti\u017een\u00fdm pomoci prost\u0159ednictv\u00edm projektu D\u016fstojn\u00e9 zam\u011bstn\u00e1v\u00e1n\u00ed pro osoby zdravotn\u011b posti\u017een\u00e9, podpo\u0159en\u00fdm z Evropsk\u00e9ho soci\u00e1ln\u00edho fondu. Hendikepovan\u00fdm rad\u00ed, jak usp\u011bt na otev\u0159en\u00e9m trhu pr\u00e1ce a pom\u00e1h\u00e1 jim zam\u011bstn\u00e1n\u00ed naj\u00edt.<\/p>\n<p>&nbsp;<\/p>\n","protected":false},"excerpt":{"rendered":"<div class=\"mh-excerpt\"><p>&#8222;N\u011bkte\u0159\u00ed zam\u011bstnavatel\u00e9 bohu\u017eel st\u00e1le trp\u00ed p\u0159edsudky, \u017ee lid\u00e9 se zdravotn\u00edm posti\u017een\u00edm by v\u016fbec nem\u011bli pracovat, proto\u017ee jsou nemocn\u00ed,&#8220; st\u011b\u017euje si ministryn\u011b pr\u00e1ce a soci\u00e1ln\u00edch v\u011bc\u00ed <a class=\"mh-excerpt-more\" href=\"https:\/\/www.invarena.cz\/?p=7727\" title=\"Zam\u011bstn\u00e1vat zdravotn\u011b posti\u017een\u00e9 se vypl\u00e1c\u00ed\">[&#8230;]<\/a><\/p>\n<\/div>","protected":false},"author":1,"featured_media":5045,"comment_status":"open","ping_status":"open","sticky":false,"template":"","format":"standard","meta":{"footnotes":""},"categories":[7],"tags":[],"class_list":["post-7727","post","type-post","status-publish","format-standard","has-post-thumbnail","hentry","category-spolecnost"],"_links":{"self":[{"href":"https:\/\/www.invarena.cz\/index.php?rest_route=\/wp\/v2\/posts\/7727","targetHints":{"allow":["GET"]}}],"collection":[{"href":"https:\/\/www.invarena.cz\/index.php?rest_route=\/wp\/v2\/posts"}],"about":[{"href":"https:\/\/www.invarena.cz\/index.php?rest_route=\/wp\/v2\/types\/post"}],"author":[{"embeddable":true,"href":"https:\/\/www.invarena.cz\/index.php?rest_route=\/wp\/v2\/users\/1"}],"replies":[{"embeddable":true,"href":"https:\/\/www.invarena.cz\/index.php?rest_route=%2Fwp%2Fv2%2Fcomments&post=7727"}],"version-history":[{"count":0,"href":"https:\/\/www.invarena.cz\/index.php?rest_route=\/wp\/v2\/posts\/7727\/revisions"}],"wp:featuredmedia":[{"embeddable":true,"href":"https:\/\/www.invarena.cz\/index.php?rest_route=\/wp\/v2\/media\/5045"}],"wp:attachment":[{"href":"https:\/\/www.invarena.cz\/index.php?rest_route=%2Fwp%2Fv2%2Fmedia&parent=7727"}],"wp:term":[{"taxonomy":"category","embeddable":true,"href":"https:\/\/www.invarena.cz\/index.php?rest_route=%2Fwp%2Fv2%2Fcategories&post=7727"},{"taxonomy":"post_tag","embeddable":true,"href":"https:\/\/www.invarena.cz\/index.php?rest_route=%2Fwp%2Fv2%2Ftags&post=7727"}],"curies":[{"name":"wp","href":"https:\/\/api.w.org\/{rel}","templated":true}]}}