{"id":7732,"date":"2013-07-10T00:39:10","date_gmt":"2013-07-09T22:39:10","guid":{"rendered":"http:\/\/www.invarena.cz\/?p=7732"},"modified":"2013-07-10T10:57:16","modified_gmt":"2013-07-10T08:57:16","slug":"interview-s-ministryni-prace-a-socialnich-veci-v-demisi-ludmilou-mullerovou","status":"publish","type":"post","link":"https:\/\/www.invarena.cz\/?p=7732","title":{"rendered":"Interview s ministryn\u00ed pr\u00e1ce a soci\u00e1ln\u00edch v\u011bc\u00ed v demisi Ludmilou M\u00fcllerovou"},"content":{"rendered":"<p><strong>Kon\u010d\u00edc\u00ed ministryn\u011b pr\u00e1ce a soci\u00e1ln\u00edch v\u011bc\u00ed Ludmila M\u00fcllerov\u00e1 z TOP 09 byla v\u010dera naposledy v pr\u00e1ci, dnes za\u010dnou minist\u0159i sv\u00e9 \u00fa\u0159ady p\u0159ed\u00e1vat lidem z Rusnokovy vl\u00e1dy.\u00a0 M\u00fcllerov\u00e1 na Interview \u010cT24 hovo\u0159ila i o tom, jak o jej\u00ed vyd\u00e1n\u00ed rovn\u011b\u017e policist\u00e9 usilovali.<\/strong><\/p>\n<p><!--more--><\/p>\n<p>&#8222;Budu p\u0159ed\u00e1vat \u00fa\u0159ad, to znamen\u00e1 nepochybn\u011b agendu, kterou jsem se zab\u00fdvala posledn\u00edch 7 m\u011bs\u00edc\u016f, kter\u00e9 jsem tr\u00e1vila ve funkci ministryn\u011b. Budu p\u0159ed\u00e1vat informace. P\u0159edpokl\u00e1d\u00e1m, \u017ee to budou informace, kter\u00e9 budou p\u0159ed\u00e1v\u00e1ny \u00fastn\u011b, proto\u017ee minist\u0159i v\u011bt\u0161inou si nep\u0159ed\u00e1vaj\u00ed pap\u00edry, jak tomu b\u00fdv\u00e1 b\u011b\u017en\u011b u \u00fa\u0159edn\u00edk\u016f. Tak\u017ee bude to moje prvn\u00ed p\u0159ed\u00e1v\u00e1n\u00ed \u00fa\u0159adu a j\u00e1 douf\u00e1m, \u017ee i posledn\u00ed,&#8220; \u0159ekla \u00favodem v po\u0159adu \u010cT24ministryn\u011b pr\u00e1ce a soci\u00e1ln\u00edch v\u011bc\u00ed v demisi Ludmila M\u00fcllerov\u00e1.<\/p>\n<p><strong>Mn\u011b \u0161lo pr\u00e1v\u011b o ty dokumenty, jestli n\u011bco nov\u00e9mu ministrovi Kon\u00ed\u010dkovi budete d\u00e1vat do ruky?<\/strong><\/p>\n<p>Tak v m\u00e9m p\u0159\u00edpad\u011b to bude tro\u0161ku jin\u00e9, proto\u017ee nov\u00fd ministr pr\u00e1ce a soci\u00e1ln\u00edch v\u011bc\u00ed se v \u00fa\u0159ad\u011b um\u00ed naprosto velmi dob\u0159e pohybovat a orientovat. On vykon\u00e1val funkci n\u00e1m\u011bstka ministra v letech, tu\u0161\u00edm, 2004, mo\u017en\u00e1 je\u0161t\u011b&#8230;<\/p>\n<p><strong>U Zde\u0148ka \u0160kromacha.<\/strong><\/p>\n<p>Ano, u Zde\u0148ka \u0160kromacha. A my jsme tedy ur\u010ditou dobu byli kolegov\u00e9. Tak\u017ee jednak se zn\u00e1me osobn\u011b a jednak on zn\u00e1 to pracovn\u00ed prost\u0159ed\u00ed. Tak\u017ee tam se moc v\u011bc\u00ed nezm\u011bnilo, no, a co se t\u00fd\u010de t\u00e9 agendy, tak v\u011bt\u0161inou ministr neschov\u00e1v\u00e1 po sk\u0159\u00edn\u00edch dokumenty, dneska jsou za prv\u00e9 v\u011bt\u0161inou v elektronick\u00e9 podob\u011b a za druh\u00e9 ta v\u011bcn\u00e1 agenda, konkr\u00e9tn\u011b ty pap\u00edry a refer\u00e1tn\u00edky a to v\u0161echno ostatn\u00ed, tak to je u p\u0159\u00edslu\u0161n\u00fdch n\u00e1m\u011bstk\u016f.<\/p>\n<p><strong>Tak\u017ee se kancel\u00e1\u0159e nevykl\u00edz\u00ed, nel\u00e9taj\u00ed pap\u00edry, nep\u0159emis\u0165uj\u00ed se nikam?<\/strong><\/p>\n<p>J\u00e1 jsem opravdu nem\u011bla pot\u0159ebu jedin\u00fd pap\u00edr skartovat, tak jak se \u0159\u00edk\u00e1, \u017ee se skartova\u010dky nezastav\u00ed, tak v na\u0161em p\u0159\u00edpad\u011b tomu tak ur\u010dit\u011b nebylo. A ur\u010dit\u011b budu r\u00e1d, \u017ee ho sezn\u00e1m\u00edm tedy s nov\u00fdmi n\u00e1m\u011bstky nebo s n\u00e1m\u011bstky, kte\u0159\u00ed jsou pro n\u011bho nov\u00ed.<\/p>\n<p><strong> Pro\u010d jste v\u010dera nebyla na ve\u010de\u0159i s prezidentem Milo\u0161em Zemanem?<\/strong><\/p>\n<p>No, abych \u0159ekla pravdu, nebyla jsem ze dvou d\u016fvod\u016f. Jednak jsme pozv\u00e1n\u00ed dostali teprve minul\u00fd t\u00fdden, tu\u0161\u00edm ve st\u0159edu, ve \u010dtvrtek. A faktem je, \u017ee j\u00e1 jsem m\u011bla dlouhodob\u011b napl\u00e1novanou pracovn\u00ed akci, kde bylo mnoho lid\u00ed, kte\u0159\u00ed se na to t\u011b\u0161ili. A j\u00e1 up\u0159\u00edmn\u011b tak\u00e9, proto\u017ee to byla jak\u00e1si z\u00e1v\u011bre\u010dn\u00e1 akce. Ale&#8230;<\/p>\n<p><strong>Co to bylo, promi\u0148te, n\u011bjak\u00e1 rozlu\u010dka na ministerstvu?<\/strong><\/p>\n<p>Ne, ne, ne, nebyla na ministerstvu. J\u00e1 jsem ji m\u011bla ve v\u00fdchodn\u00edch \u010cech\u00e1ch s b\u00fdval\u00fdmi starosty, s lidmi, se kter\u00fdmi jsem byla zvykl\u00e1 spolupracovat i jako sen\u00e1torka. Tak\u017ee to bylo takov\u00e9 sp\u00ed\u0161e i polopracovn\u00ed, poloosobn\u00ed setk\u00e1n\u00ed. Ale&#8230;<\/p>\n<p><strong>Tak\u017ee jste byla mimo Prahu?<\/strong><\/p>\n<p>Byla jsem mimo Prahu, samoz\u0159ejm\u011b. A mus\u00edm \u0159\u00edci, \u017ee ale samoz\u0159ejm\u011b mn\u011b i do ur\u010dit\u00e9 m\u00edry p\u0159ekvapilo to, jak\u00fdm zp\u016fsobem pan prezident se rozhodl jmenovat novou vl\u00e1du, jak pop\u0159el ony mnoha zmi\u0148ovan\u00e9 \u00fastavn\u00ed zvyklosti a podobn\u011b. Tak\u017ee to byl tak\u00e9 d\u016fvod vlastn\u011b, pro\u010d jsem se rozhodla p\u0159ehodnotit, respektive nep\u0159ehodnotit sv\u016fj program a na tu ve\u010de\u0159i s panem prezidentem nej\u00edt.<\/p>\n<p><strong>Jinak \u0159e\u010deno, pokud byste ten program mimo Prahu nem\u011bla a byla v Praze, tak tam stejn\u011b nep\u016fjdete z t\u011bch d\u016fvod\u016f, kter\u00e9 uv\u00e1d\u00edte? Stejn\u011b jako va\u0161i kolegov\u00e9 z TOP 09 nikdo ne\u0161el.<\/strong><\/p>\n<p>Nikdo ne\u0161el, ano. A j\u00e1 se domn\u00edv\u00e1m, \u017ee bych na tu ve\u010de\u0159i opravdu ne\u0161la.<\/p>\n<p><strong>A bylo to n\u011bjak\u00e9 stranick\u00e9 rozhodnut\u00ed? Proto\u017ee Alena Han\u00e1kov\u00e1 se pak nakonec omluvila docela sp\u011b\u0161n\u011b, nebyl tam ani Karel Schwarzenberg, ani pan Kalousek, kter\u00fd k tomu \u0159ekl: bylo tam &#8222;potvr\u010fte, nebo se omluvte&#8220;, ud\u011blal jsem to druh\u00e9.<\/strong><\/p>\n<p>Ano. J\u00e1 jsem tak\u00e9 vzhledem k t\u00e9 akci, kterou jsem m\u011bla, vzhledem k d\u016fvodu, kter\u00fd jsem uvedla, tak jsem se omluvila, samoz\u0159ejm\u011b jsem to se sv\u00fdmi kolegy nesta\u010dila prob\u00edrat, proto\u017ee jsme to pozv\u00e1n\u00ed dostali skute\u010dn\u011b velmi kr\u00e1tce dop\u0159edu a v\u011bt\u0161inou jedn\u00e1n\u00ed na\u0161eho p\u0159edsednictva b\u00fdv\u00e1 v \u00fater\u00fd, rozhodn\u011b jsme nem\u011bli \u010das na to, abychom si sd\u011blovali n\u011bjak\u00e9 d\u016fvody.<\/p>\n<p><strong>Va\u0161\u00edm n\u00e1stupcem, jak u\u017e jsme \u0159\u00edkaly, bude Franti\u0161ek Kon\u00ed\u010dek, on byl taky \u0159editelem Les\u016f \u010cesk\u00e9 republiky. Vy jste zmi\u0148ovala to dvoulet\u00e9 anga\u017em\u00e1 coby n\u00e1m\u011bstka ministra pr\u00e1ce a soci\u00e1ln\u00edch v\u011bc\u00ed, ale on se taky dost zab\u00fdval podnik\u00e1n\u00edm. Zaj\u00edm\u00e1 m\u011b, jestli si mysl\u00edte, \u017ee tedy byznysmen t\u0159eba m\u016f\u017ee b\u00fdt dobr\u00fdm ministrem pr\u00e1ce a soci\u00e1ln\u00edch v\u011bc\u00ed?<\/strong><\/p>\n<p>J\u00e1 se domn\u00edv\u00e1m, \u017ee m\u016f\u017ee. M\u016f\u017ee, proto\u017ee tihle lid\u00e9 zven\u010d\u00ed, kte\u0159\u00ed nejsou v zajet\u00ed pouze \u00fa\u0159adu, tak\u017ee dok\u00e1\u017eou si naj\u00edt i nov\u00e9 zp\u016fsoby \u0159e\u0161en\u00ed problematiky, kter\u00e1 ur\u010dit\u011b nen\u00ed jednoduch\u00e1, kter\u00e1 se t\u00fdk\u00e1 mnoha lid\u00ed a on je velmi zku\u0161en\u00fd mana\u017eer a j\u00e1 si mysl\u00edm, \u017ee ta jeho zku\u0161enost z t\u00e9 podnikatelsk\u00e9 sf\u00e9ry, \u017ee m\u016f\u017ee b\u00fdt v n\u011bkter\u00fdch p\u0159\u00edpadech p\u0159\u00ednosn\u00e1.<\/p>\n<p><strong>V\u00e1\u017en\u011b? V\u017edy\u0165 p\u0159ece takov\u00fd ministr pr\u00e1ce a soci\u00e1ln\u00edch v\u011bc\u00ed mus\u00ed rozum\u011bt senior\u016fm, mus\u00ed rozum\u011bt mamink\u00e1m, mus\u00ed rozum\u011bt lidem, kte\u0159\u00ed \u017eij\u00ed t\u0159eba na hranici chudoby. Mn\u011b jde o ten lidsk\u00fd rozm\u011br, jestli pr\u00e1v\u011b proto, co je to za resort, nen\u00ed pot\u0159eba, aby ten \u010dlov\u011bk jenom nep\u0159em\u00fd\u0161lel v t\u011bch kategori\u00edch, aby bylo v\u0161echno efektivn\u00ed, aby se u\u0161et\u0159ilo, aby m\u011bl dobr\u00e1 mana\u017eersk\u00e1 rozhodnut\u00ed. Jestli t\u0159eba na Jarom\u00edru Dr\u00e1bkovi se neuk\u00e1zalo, \u017ee byla chyba, \u017ee \u0161el on pr\u00e1v\u011b na tohle ministerstvo?<\/strong><\/p>\n<p>J\u00e1 se domn\u00edv\u00e1m, \u017ee Jarom\u00edr Dr\u00e1bek n\u011bkter\u00e9 v\u011bci podcenil, mo\u017en\u00e1 nedocenil. Mo\u017en\u00e1 a\u017e p\u0159\u00edli\u0161 naslouchal \u010dlov\u011bku, kter\u00fd vykon\u00e1val funkci prvn\u00edho n\u00e1m\u011bstka, \u010dili panu n\u00e1m\u011bstku \u0160i\u0161kovi, kter\u00fd opravdu v\u0161echno v\u011bt\u0161inou m\u011b\u0159il jenom t\u00edm ekonomick\u00fdm pohledem podnikatele.<\/p>\n<p><strong>Ale vy jste byla bl\u00ed\u017e k Jarom\u00edru Dr\u00e1bkovi. Vy jste ho nep\u0159esv\u011bd\u010dila?<\/strong><\/p>\n<p>Ne, ur\u010dit\u011b ne.<\/p>\n<p><strong>O t\u00e9 lid\u0161t\u011bj\u0161\u00ed linii?<\/strong><\/p>\n<p>Ur\u010dit\u011b, ur\u010dit\u011b ne. J\u00e1 jsem pak po sv\u00e9m p\u0159\u00edchodu na ministerstvo pr\u00e1ce a soci\u00e1ln\u00edch v\u011bc\u00ed, tak jsem se samoz\u0159ejm\u011b tou logickou str\u00e1nkou v\u011bc\u00ed velmi intenzivn\u011b zab\u00fdvala. Mohu \u0159\u00edci, \u017ee jsem tak\u00e9 m\u011bnila \u0159adu p\u0159\u00edstup\u016f, a\u0165 to bylo k lidem samotn\u00fdm, anebo tedy k z\u00e1kon\u016fm, kter\u00e9 ovliv\u0148uj\u00ed \u017eivot mnoha lid\u00ed. Rozhodn\u011b si uv\u011bdomuju, \u017ee \u017eivot nen\u00ed jenom po\u010d\u00edt\u00e1n\u00ed m\u00e1 d\u00e1ti &#8211; dal.<\/p>\n<p><strong>Tak to Jarom\u00edr Dr\u00e1bek neum\u011bl tedy?<\/strong><\/p>\n<p>Tak j\u00e1 si mysl\u00edm, \u017ee to lid\u00e9 um\u00ed zhodnotit, jak dalece m\u011bl lidsk\u00fd p\u0159\u00edstup a zda tedy opravdu se zab\u00fdval jenom t\u00edm, jestli je nutn\u00e9 spo\u0159it. Anebo jestli tak\u00e9 je nutn\u00e9 posoudit to, v jak\u00e9 situaci se lid\u00e9 nach\u00e1zej\u00ed i t\u00e9 lidsk\u00e9 a podobn\u011b. Ale j\u00e1 se domn\u00edv\u00e1m, \u017ee \u0159adu rozhodnut\u00ed, kter\u00e9 ud\u011blal jako ministr pr\u00e1ce a soci\u00e1ln\u00edch v\u011bc\u00ed, byly my\u0161leny i v t\u00e9 lidsk\u00e9 podob\u011b.<\/p>\n<p><strong>Mluvila jste te\u010f o lidsk\u00e9m rozm\u011bru, o ch\u00e1p\u00e1n\u00ed lid\u00ed, jak si mysl\u00edte, \u017ee se te\u010f c\u00edt\u00ed odch\u00e1zej\u00edc\u00ed premi\u00e9r Petr Ne\u010das, kter\u00e9ho chce st\u00e1tn\u00ed z\u00e1stupce k vyd\u00e1n\u00ed?<\/strong><\/p>\n<p>No, pokud jsme hovo\u0159ily v t\u00e9 lidsk\u00e9 \u00farovni, v t\u00e9 rovin\u011b lidsk\u00fdch pocit\u016f, tak si mysl\u00edm, \u017ee se mus\u00ed c\u00edtit nesm\u00edrn\u011b b\u00eddn\u011b, \u0161patn\u011b a \u017ee rozhodn\u011b nem\u00e1 pocit, \u017ee je dobr\u00fd p\u0159edseda vl\u00e1dy, premi\u00e9r, ministr. To mu nep\u0159id\u00e1 na klidu.<\/p>\n<p><strong>V\u00edte, pro\u010d to \u0159\u00edk\u00e1m? S dovolen\u00edm p\u0159ipomenu, \u017ee vy jste v t\u00e9 situaci taky byla, coby poslankyn\u011b jste \u010delila rozhodov\u00e1n\u00ed Poslaneck\u00e9 sn\u011bmovny o vyd\u00e1n\u00ed nebo nevyd\u00e1n\u00ed ve va\u0161em p\u0159\u00edpad\u011b, jste se \u00fadajn\u011b pokusila zkr\u00e1tit da\u0148 a p\u0159ipravit tak st\u00e1t o necel\u00e9ho p\u016fl milionu korun. Tenkr\u00e1t v\u00e1s sn\u011bmovna nevydala, i kdy\u017e jste o to po\u017e\u00e1dala. Tak\u017ee ty pocity m\u016f\u017ee ten&#8230;<\/strong><\/p>\n<p>J\u00e1 jsem samoz\u0159ejm\u011b ty pocity za\u017e\u00edvala, nebylo to v\u016fbec nic p\u0159\u00edjemn\u00e9ho a mus\u00edm \u0159\u00edci, \u017ee v m\u00e9m p\u0159\u00edpad\u011b se sn\u011bmovna rozhodla pro nevyd\u00e1n\u00ed, proto\u017ee skute\u010dn\u011b jednozna\u010dn\u011b chyb\u011bl dostatek d\u016fkaz\u016f pro to, aby sn\u011bmovna vydala. A j\u00e1 jsem p\u0159esv\u011bd\u010dena, \u017ee&#8230;<\/p>\n<p><strong>To rozhodla sn\u011bmovna, jestli chyb\u011bl dostatek d\u016fkaz\u016f?<\/strong><\/p>\n<p>Tak jestli\u017ee n\u011bkdo bude tvrdit, \u017ee j\u00e1 jsem se o n\u011bco pokou\u0161ela, j\u00e1 jsem p\u0159itom byla zam\u011bstnanec firmy a majitel firmy byl \u00fapln\u011b n\u011bkdo jin\u00fd, ten, kdo rozhodoval o tom, jak\u00fdm zp\u016fsobem budou p\u0159ipraveny dan\u011b, tak to skute\u010dn\u011b nebyla z\u00e1le\u017eitost zam\u011bstnance, ale majitele firmy.<\/p>\n<p><strong>Mn\u011b sp\u00ed\u0161 jde o to, jestli zkr\u00e1tka \u010desk\u00e9 demokracii by neprosp\u011blo, kdyby i ve va\u0161em p\u0159\u00edpad\u011b rozhodl nez\u00e1visl\u00fd soud. Takhle se m\u016f\u017ee vlastn\u011b \u0159\u00edct, \u017ee my nikdy nebudeme v\u011bd\u011bt, jestli jste to, pan\u00ed M\u00fcllerov\u00e1, ud\u011blala, nebo neud\u011blala.<\/strong><\/p>\n<p>Pod\u00edvejte se, \u0159\u00edk\u00e1te: my nikdy nebudeme v\u011bd\u011bt. Tento p\u0159\u00edpad se t\u00fdkal firmy, kter\u00e1 samoz\u0159ejm\u011b jejich majitel byl n\u00e1sledn\u011b pozv\u00e1n k soudu a dopadlo to&#8230;<\/p>\n<p><strong>.. sp\u00ed\u0161 mi jde o to, jestli v\u0161echno by nem\u011blo b\u00fdt \u0159e\u0161eno tak, \u017ee budou politici vyd\u00e1ni, a\u0165 se s t\u00edm popasuje nez\u00e1visl\u00fd soud.<\/strong><\/p>\n<p>Ale j\u00e1 si t\u0159eba mysl\u00edm, \u017ee v p\u0159\u00edpad\u011b zrovna pana premi\u00e9ra Ne\u010dase, \u017ee ta situace je zcela odli\u0161n\u00e1, \u017ee se m\u016f\u017eeme domn\u00edvat, \u017ee tady byly ur\u010dit\u00e9 politick\u00e9 vlivy, \u017ee tady z m\u00e9ho pohledu bylo nestandardn\u00ed nebo nebylo zcela standardn\u00ed chov\u00e1n\u00ed policie p\u0159i tom z\u00e1kroku na \u00fa\u0159ad vl\u00e1dy a podobn\u011b. \u010cili j\u00e1 bych v tomto p\u0159\u00edpad\u011b ten institut, kter\u00fd je k dispozici, to znamen\u00e1 ta imunita, tak j\u00e1 si mysl\u00edm, \u017ee je na m\u00edst\u011b a v p\u0159\u00edpad\u011b pana premi\u00e9ra Ne\u010dase si mysl\u00edm, \u017ee pokud tam bude rozhodovat soud, tak to m\u016f\u017ee b\u00fdt do jist\u00e9 m\u00edry prost\u011b probl\u00e9m.<\/p>\n<p><strong>V \u010dem?<\/strong><\/p>\n<p>Pr\u00e1v\u011b proto, \u017ee ta cel\u00e1 akce mohla b\u00fdt p\u0159ipraven\u00e1, n\u011bjak\u00fdm zp\u016fsobem mohl b\u00fdt diskreditov\u00e1n nejenom premi\u00e9r vl\u00e1dy, ale my jak vid\u00edte, tak n\u00e1sledn\u011b cel\u00e1 vl\u00e1da.<\/p>\n<p><strong>Te\u010f v\u00e1m nerozum\u00edm, \u017ee by, \u017ee by se domluvili soudci, policist\u00e9, st\u00e1tn\u00ed z\u00e1stupci a \u0159ekli si, tak p\u016fjdeme svrhnout tuto vl\u00e1du.\u00a0<\/strong><\/p>\n<p>J\u00e1 se domn\u00edv\u00e1m, \u017ee i n\u011bkter\u00e9 situace, kter\u00e9 se v tomto podivn\u00e9m p\u0159\u00edpad\u011b, kde vlastn\u011b m\u011blo j\u00edt p\u0159edev\u0161\u00edm o kmotry a kmot\u0159i dneska nejsou nijak trestn\u011b st\u00edh\u00e1ni, nejsou vzati do vazby, tak ty jsou jaksi mimo to d\u011bn\u00ed a p\u0159edm\u011btem pr\u00e1v\u011b toho st\u00edh\u00e1n\u00ed je pan premi\u00e9r Ne\u010das a to mi p\u0159ijde hodn\u011b zvl\u00e1\u0161tn\u00ed.<\/p>\n<p><strong>A mn\u011b p\u0159ijde zvl\u00e1\u0161tn\u00ed, \u017ee dokonce zmi\u0148ujete soudce. K tomu je\u0161t\u011b \u017e\u00e1dn\u00fd soudce v\u016fbec nic ne\u0159ekl.<\/strong><\/p>\n<p>J\u00e1 se nedomn\u00edv\u00e1m, \u017ee by to byla p\u0159edev\u0161\u00edm z\u00e1le\u017eitost soudc\u016f, ale m\u016f\u017ee to b\u00fdt z\u00e1le\u017eitost policie, st\u00e1tn\u00edch z\u00e1stupc\u016f a podobn\u011b. Tak\u017ee je tady mnoh\u00e9 asi, co zat\u00edm je nezn\u00e1m\u00e9 a uvid\u00edme, co \u010das uk\u00e1\u017ee.<\/p>\n<p><strong>\u0158\u00edkala jsem \u00fapln\u011b na za\u010d\u00e1tku, \u017ee budeme mluvit taky o tom, co tu z\u016fst\u00e1v\u00e1 po vl\u00e1d\u011b Petra Ne\u010dase. Tak do t\u00e9 zdravotnick\u00e9 reformy zas\u00e1hl \u00dastavn\u00ed soud, d\u016fchodov\u00e1 se evidentn\u011b nepovedla, sKarty taky docela dost ne. Kter\u00e9 reformy se povedly, co v\u016fbec se povedlo?<\/strong><\/p>\n<p>Tak j\u00e1 si mysl\u00edm, \u017ee pokud se m\u00e1m d\u00edvat na tu soci\u00e1ln\u00ed oblast, tak skute\u010dn\u011b n\u011bkter\u00e9 v\u011bci byly nastaveny nep\u0159\u00edli\u0161 dob\u0159e. Zmi\u0148ovala jste penzijn\u00ed reformu, kter\u00e1 opravdu nebud\u00ed u lid\u00ed p\u0159\u00edli\u0161 velk\u00fd z\u00e1jem. A rozhodn\u011b i z\u00e1le\u017eitosti t\u00fdkaj\u00edc\u00ed se sKaret. A mo\u017en\u00e1&#8230;<\/p>\n<p><strong>Co se povedlo?\u00a0 m\u00e1te prostor \u0159\u00edct, co se povedlo<\/strong><\/p>\n<p>Ludmila M\u00dcLLEROV\u00c1, ministryn\u011b pr\u00e1ce a soci\u00e1ln\u00edch v\u011bc\u00ed v demisi \/TOP 09\/:<br \/>\nTak ur\u010dit\u011b se povedla zm\u011bna v p\u0159\u00edpad\u011b posuzov\u00e1n\u00ed, nov\u00e9ho posuzov\u00e1n\u00ed zdravotn\u00edho stavu lid\u00ed a s t\u00edm souvisej\u00edc\u00edch z\u00e1le\u017eitost\u00ed. \u010c\u00e1ste\u010dn\u011b se povedla i reforma soci\u00e1ln\u011b pr\u00e1vn\u00ed ochrany d\u011bt\u00ed. To si mysl\u00edm, \u017ee byla dal\u0161\u00ed pozitivn\u00ed v\u011bc. Mysl\u00edm si, \u017ee vl\u00e1d\u011b se v t\u00e9 z\u00e1v\u011bre\u010dn\u00e9 f\u00e1zi, anebo alespo\u0148 se poda\u0159il zcela nepochybn\u011b zlep\u0161it dialog, mo\u017en\u00e1 trialog v r\u00e1mci tripartity, co\u017e tak\u00e9 nebylo zanedbateln\u00e9. Mysl\u00edm si, \u017ee ur\u010dit\u011b d\u016fle\u017eit\u00e9 je, \u017ee jsme otev\u0159eli diskusi na t\u00e9ma minim\u00e1ln\u00ed mzdy. A koneckonc\u016f poda\u0159ilo se n\u00e1m i p\u0159ipravit novelu z\u00e1kona o zam\u011bstnanosti, kter\u00e1 zase posunuje zam\u011bstn\u00e1v\u00e1n\u00ed a\u0165 u\u017e b\u011b\u017en\u00fdch ob\u010dan\u016f \u010di osob se zdravotn\u00edm posti\u017een\u00edm n\u011bkam dop\u0159edu.<\/p>\n<p><strong>A te\u010f se znovu obloukem vr\u00e1t\u00edme s sKart\u00e1m, respektive k t\u00e9 smlouv\u011b s \u010ceskou spo\u0159itelnou. J\u00e1 si vybavuji i ty br\u00edfinky, kde se oznamovalo, \u017ee se do nich s\u00e1hne. Jak moc se do nich s\u00e1hlo, v jak\u00e9m je te\u010f stavu, co se tam zm\u011bnilo, co p\u0159ed\u00e1te sv\u00e9mu n\u00e1stupci za smlouvy?<\/strong><\/p>\n<p>No, tak smlouva samoz\u0159ejm\u011b s \u010ceskou spo\u0159itelnou z\u016fstala v t\u00e9 \u00farovni, v jak\u00e9 byla. To znamen\u00e1&#8230;<\/p>\n<p><strong>Po\u010dkejte, to se v\u016fbec nezm\u011bnilo ani p\u00edsmeno?<\/strong><\/p>\n<p>Ne.<\/p>\n<p><strong>V\u017edy\u0165 jste to s velkou sl\u00e1vou za \u00fa\u010dasti premi\u00e9ra i \u0161\u00e9fa \u010cesk\u00e9 spo\u0159itelny oznamovali, \u017ee tam dojde ke zm\u011bn\u00e1m v t\u00e9 smlouv\u011b. Vy jste ji nezm\u011bnili?<\/strong><\/p>\n<p>Ne, my jsme smlouvu opravdu nezm\u011bnili, proto\u017ee se v \u017e\u00e1dn\u00e9m p\u0159\u00edpad\u011b nepoda\u0159ilo zm\u011bnit legislativu, kter\u00e1 by, kter\u00e1 by upravovala podm\u00ednky pro ty zm\u011bny, kter\u00e9 byly deklarov\u00e1ny. To znamen\u00e1, nedo\u0161lo k tomu, \u017ee by z\u00e1kony, kter\u00e9 plat\u00ed dnes, kter\u00e9 jsou \u00fa\u010dinn\u00e9 dnes, byly zm\u011bn\u011bny. Tak\u017ee nemohla b\u00fdt ani zm\u011bn\u011bna smlouva.<\/p>\n<p><strong>No, ale v\u00e1s k tomu p\u0159ece premi\u00e9r nab\u00e1dal. V\u00edte, co m\u011b zaj\u00edm\u00e1, jak vypadala ta va\u0161e komunikace a konverzace ve chv\u00edli, kdy on \u0159\u00edkal, vy t\u0159eba: bude povinn\u00e1, pak zase nepovinn\u00e1, on \u0159ekl: nebude povinn\u00e1, mus\u00ed se to zm\u011bnit, pan\u00ed ministryn\u011b m\u00e1 \u00fakol, pan\u00ed ministryn\u011b n\u011bco nesplnila. Jak to vypadalo?<\/strong><\/p>\n<p>My jsme s panem premi\u00e9rem komunikovali naprosto standardn\u011b, \u0159ekla bych norm\u00e1ln\u011b. Dok\u00e1zali jsme si v\u011bci vysv\u011btlit a koneckonc\u016f tu dohodu, kterou jsme spolu u\u010dinili hned po m\u00e9m n\u00e1stupu na ministerstvo pr\u00e1ce a soci\u00e1ln\u00edch v\u011bc\u00ed, tak j\u00e1 jsem ji bezesporu a do punt\u00edku naplnila. J\u00e1 jsem pot\u00e9 dvakr\u00e1t opakovan\u011b do vl\u00e1dy p\u0159edlo\u017eila \u00fapravu legislativy tak, aby vyhovovala po\u017eadavk\u016fm, kter\u00e9 m\u011bl \u00da\u0159ad pro ochranu osobn\u00edch \u00fadaj\u016f, co\u017e byl jeden z nejz\u00e1sadn\u011bj\u0161\u00edch po\u017eadavk\u016f.<\/p>\n<p><strong>Taky jste dostali dvou a p\u016flmilionovou pokutu.<\/strong><\/p>\n<p>Ano dostali, ano. No, proto\u017ee ty v\u011bci nebyly v po\u0159\u00e1dku. To znamen\u00e1, to p\u0159ed\u00e1v\u00e1n\u00ed nebylo v souladu s legislativou. \u010cili j\u00e1 jsem se o to pokusila dvakr\u00e1t. Dvakr\u00e1t jsem byla vl\u00e1dou odm\u00edtnuta. Tento n\u00e1vrh vl\u00e1da nep\u0159ijala a pak u\u017e tedy nezb\u00fdvalo nic jin\u00e9ho, ne\u017e \u017ee se pokusit upravit vlastn\u011b o\u010dek\u00e1van\u00fd konec sKarty tak, aby to co nejm\u00e9n\u011b bolelo lidi. \u010cili my jsme byli t\u011bsn\u011b p\u0159ed t\u0159et\u00edm hlasov\u00e1n\u00edm v Poslaneck\u00e9 sn\u011bmovn\u011b. A to, \u017ee se to nepoda\u0159ilo, \u017ee Poslaneck\u00e1 sn\u011bmovna nezru\u0161ila sKartu, to je v\u011bc samoz\u0159ejm\u011b poslanc\u016f.<\/p>\n<p><strong>Tam jsou te\u010f jin\u00e9 n\u00e1vrhy, dokonce i n\u00e1vrh ODS vyu\u017e\u00edt sKarty, respektive takov\u00e9 zvl\u00e1\u0161tn\u00ed nov\u00e9 jin\u00e9 \u00fa\u010dty, takzvan\u00e9 chr\u00e1n\u011bn\u00e9 \u00fa\u010dty. Ale sp\u00ed\u0161 m\u011b te\u010f zaj\u00edm\u00e1, tak jak jste mluvila se z\u00e1stupci \u010cesk\u00e9 spo\u0159itelny, pokud ke zm\u011bn\u011b dojde, pokud ta legislativa n\u011bjak projde, bude to konec sKaret, co ud\u011bl\u00e1 \u010cesk\u00e1 spo\u0159itelna?<\/strong><\/p>\n<p>Tak \u010cesk\u00e1 spo\u0159itelna nepochybn\u011b je p\u0159ipravena \u0159e\u0161it situaci podle toho, jak dalece dojde ke zm\u011bn\u00e1m, jestli bude zcela zru\u0161ena sKarta, jestli k tomu, \u017ee bude zru\u0161ena, p\u0159isp\u011blo, dejme tomu, ministerstvo pr\u00e1ce a soci\u00e1ln\u00edch v\u011bc\u00ed, \u017ee to se zav\u00e1zalo v t\u00e9 smlouv\u011b, \u017ee rozhodn\u011b nebude usilovat o ukon\u010den\u00ed tohoto projektu. Tak\u017ee to bude dal\u0161\u00ed hledisko, kter\u00e9 bude posuzov\u00e1no.<\/p>\n<p><strong>No, ale co to bude, co to bude? Te\u010f tam bude jin\u00fd ministr, sn\u011bmovna mo\u017en\u00e1 bude hlasovat jinak. M\u011b sp\u00ed\u0161 zaj\u00edm\u00e1, jestli tam n\u011bkde mezi \u0159e\u010d\u00ed \u0159ekli: p\u016fjdeme do arbitr\u00e1\u017ee, budeme cht\u00edt po st\u00e1tu \u010cesk\u00e9m n\u011bjak\u00e9 kompenzace p\u0159\u00edpadn\u011b?<\/strong><\/p>\n<p>Tak \u010cesk\u00e1 spo\u0159itelna se z\u00e1sadn\u011b k tomu odm\u00edtala vyjad\u0159ovat. Necht\u011bla hovo\u0159it zejm\u00e9na o jak\u00e9koliv v\u00fd\u0161i kompenzac\u00ed, proto\u017ee pr\u00e1v\u011b z t\u011bch d\u016fvod\u016f, o kter\u00fdch jsem hovo\u0159ila, tak je p\u0159ipravena tu situaci hodnotit a\u017e pot\u00e9, co vejde v platnost n\u011bjak\u00e1 legislativa. To znamen\u00e1, bu\u010f budou zru\u0161eny.<\/p>\n<p><strong>Tak si poj\u010fme \u0159\u00edct, \u017ee sKarty nebudou.<\/strong><\/p>\n<p>Tak jestli sKarty nebudou, tak \u010cesk\u00e1 spo\u0159itelna bude vyhodnocovat tu situaci, jestli lid\u00e9 v\u0161ichni skon\u010d\u00ed u nich veden\u00ed \u00fa\u010dt\u016f, jestli odejdou \u00fapln\u011b n\u011bkam jinam nebo u nich z\u016fstanou.<\/p>\n<p><strong>Ale teoreticky aspo\u0148, bude t\u0159eba se soudit s \u010desk\u00fdm st\u00e1tem?<\/strong><\/p>\n<p>J\u00e1 si mysl\u00edm, \u017ee to vylou\u010den\u00e9 nen\u00ed, ale z\u00e1le\u017e\u00ed tak\u00e9 na tom, jak \u010cesk\u00e1 spo\u0159itelna bude hodnotit svoje postaven\u00ed na trhu, jestli si t\u00edm neu\u0161kod\u00ed, \u017ee bude vym\u00e1hat a \u017ee se bude se st\u00e1tem soudit a podobn\u011b, tady bych asi to nechala, skute\u010dn\u011b nep\u0159edj\u00edmala.<\/p>\n<p><strong>Ale nevylou\u010dila jste to?<\/strong><\/p>\n<p>Ne, nevylou\u010dila.<\/p>\n<p><strong>Kdy\u017e se pod\u00edv\u00e1me na penzijn\u00ed reformu, kterou jste taky zmi\u0148ovala, tak jin\u00e9 &#8222;bankovn\u00ed domy&#8220; penzijn\u00ed fondy o\u010dek\u00e1valy zhruba p\u016fl milionu z\u00e1kazn\u00edk\u016f a klient\u016f. Maj\u00ed jich 75 tis\u00edc. Kdo z va\u0161\u00ed rodiny, jestli se mohu zeptat, vstoupil do druh\u00e9ho pil\u00ed\u0159e?<\/strong><\/p>\n<p>Mohu \u0159\u00edci, \u017ee nevstoupil.<\/p>\n<p><strong>A pro\u010d?<\/strong><\/p>\n<p>J\u00e1 jsem asi nikoho nep\u0159esv\u011bd\u010dila, j\u00e1 sama u\u017e jsem&#8230;<\/p>\n<p><strong>Vy jste ani lidi nep\u0159esv\u011bd\u010dili.<\/strong><\/p>\n<p>M\u00e1te pravdu. J\u00e1 si mysl\u00edm, \u017ee za to ale m\u016f\u017ee zejm\u00e9na ta antikampa\u0148, kterou vedla soci\u00e1ln\u00ed demokracie. Prost\u011b&#8230;<\/p>\n<p><strong>A nen\u00ed to lacin\u00fd argument, pan\u00ed ministryn\u011b? V\u017edy\u0165 lid\u00e9 maj\u00ed sv\u016fj rozum a vy jste nav\u00edc vynalo\u017eili dost pen\u011bz taky na informa\u010dn\u00ed kampa\u0148. Nen\u00ed to sp\u00ed\u0161 v tom nastaven\u00ed, kdy\u017e jste sp\u011b\u0161n\u011b odch\u00e1zej\u00edc\u00ed ministr financ\u00ed najednou to m\u011bn\u00ed a pom\u011brn\u011b dost radik\u00e1ln\u011b?<\/strong><\/p>\n<p>No, tak ono je pravdou, \u017ee tam byly n\u011bkter\u00e9 podm\u00ednky nastaveny tak, \u017ee to lidi odrazovalo. To znamen\u00e1, jestli dneska vstoup\u00edm do toho syst\u00e9mu a nem\u00e1m mo\u017enost nikdy vystoupit, tak si to opravdu velmi pe\u010dliv\u011b rozm\u00fd\u0161l\u00edm. Ale&#8230;<\/p>\n<p><strong>A za to nem\u016f\u017ee p\u0159ece soci\u00e1ln\u00ed demokracie.<\/strong><\/p>\n<p>Ne, za to nem\u016f\u017ee soci\u00e1ln\u00ed demokracie, za to m\u016f\u017ee do ur\u010dit\u00e9 m\u00edry samoz\u0159ejm\u011b i st\u00e1vaj\u00edc\u00ed vl\u00e1dn\u00ed koalice, je\u0161t\u011b st\u00e1vaj\u00edc\u00ed vl\u00e1dn\u00ed koalice. Proto\u017ee si mysl\u00edm, \u017ee tady byl zbyte\u010dn\u00fd sp\u011bch s p\u0159ijet\u00edm toho druh\u00e9ho pil\u00ed\u0159e penzijn\u00ed reformy. Kdyby se hledal konsensus, kdyby do\u0161li k jak\u00e9musi souladu pr\u00e1v\u011b i se soci\u00e1ln\u00ed demokraci\u00ed, tak si mysl\u00edm, \u017ee by do\u0161li t\u0159eba i k tomu, \u017ee bude dobr\u00e9, kdy\u017e ten pil\u00ed\u0159 bude povinn\u00fd a podobn\u011b, kdy\u017e tam nebudou takto nastaven\u00e9 parametry, kter\u00e9 sp\u00ed\u0161e odpuzuj\u00ed ne\u017e tedy p\u0159il\u00e1kavaj\u00ed klienty do toho syst\u00e9mu. Ale znovu&#8230;<\/p>\n<p><strong>Tak to je docela kritika do vlastn\u00edch \u0159ad.<\/strong><\/p>\n<p>Ano, ano.<\/p>\n<p><strong>I do TOP 09.<\/strong><\/p>\n<p>Ano, ano, ale j\u00e1 znovu mus\u00edm konstatovat, \u017ee ministerstvo pr\u00e1ce a soci\u00e1ln\u00edch v\u011bc\u00ed nen\u00ed garantem za tyto z\u00e1kony souvisej\u00edc\u00ed s druh\u00fdm pil\u00ed\u0159em penzijn\u00ed reformy. Je to opravdu ministerstvo financ\u00ed a j\u00e1 nejsem ani poslankyn\u011b, kter\u00e1 m\u011bla mo\u017enost o t\u011bchto v\u011bcech hlasovat a rozhodovat.<\/p>\n<p><strong>Ale mimochodem jste byla m\u00edstop\u0159edsedkyn\u00ed TOP 09. Tak\u017ee ani stranick\u00fd tam nebyl konsensus?<\/strong><\/p>\n<p>Ne, to ur\u010dit\u011b jsem nebyla v dob\u011b, kdy se penzijn\u00ed reforma prosazovala v Poslaneck\u00e9 sn\u011bmovn\u011b.<\/p>\n<p><strong>Jakou a kde budete te\u010f hledat pr\u00e1ci?<\/strong><\/p>\n<p>ak ur\u010dit\u011b se t\u011b\u0161\u00edm na pr\u00e1zdniny, ne\u0159\u00edk\u00e1m na dovolenou, proto\u017ee minist\u0159i nemaj\u00ed dovolenou v prav\u00e9m slova smyslu, tak\u017ee j\u00e1 se t\u011b\u0161\u00edm na pr\u00e1zdniny a ur\u010dit\u011b si pr\u00e1ci budu hledat, proto\u017ee m\u00e1m je\u0161t\u011b n\u011bjak\u00fd \u010das do d\u016fchodu, tak budu se sna\u017eit vyu\u017e\u00edt zku\u0161enost\u00ed, kter\u00e9 jsem z\u00edskala, samoz\u0159ejm\u011b nejenom p\u0159i v\u00fdkonu funkce ministryn\u011b pr\u00e1ce a soci\u00e1ln\u00edch v\u011bc\u00ed, ale i jste tady zmi\u0148ovala v Poslaneck\u00e9 sn\u011bmovn\u011b jako sen\u00e1torka a podobn\u011b. Tak\u017ee&#8230;<\/p>\n<p><strong>Tak\u017ee budete t\u0159eba kandidovat p\u0159\u00ed\u0161t\u00ed rok do Poslaneck\u00e9 sn\u011bmovny?<\/strong><\/p>\n<p>J\u00e1 se domn\u00edv\u00e1m, \u017ee to nen\u00ed cesta, kudy by se m\u00e9 my\u0161len\u00ed ub\u00edralo.<\/p>\n<p><strong>Nebudete kandidovat?<\/strong><\/p>\n<p>Ne.<\/p>\n<p><strong>Jste rozhodnuta, nem\u016f\u017ee se to zm\u011bnit?<\/strong><\/p>\n<p>J\u00e1 si mysl\u00edm, \u017ee \u010dlov\u011bk&#8230;<\/p>\n<p><strong>Jsou taky sen\u00e1tn\u00ed volby, volby do Evropsk\u00e9ho parlamentu a komun\u00e1ln\u00ed p\u0159\u00ed\u0161t\u00ed rok.<\/strong><\/p>\n<p>Ano, je to super volebn\u00ed rok, ale j\u00e1 si mysl\u00edm, \u017ee u\u017e jsem pro\u0161la mnoha volbami a mnoho situac\u00ed jsem odzkou\u0161ela a ur\u010dit\u011b si p\u0159edstavuji, \u017ee budu m\u00edt z\u00e1v\u011br sv\u00e9ho \u017eivota spojen\u00fd nejen s politikou.<\/p>\n<p><strong>Nejen nebo ne, te\u010f jsem nerozum\u011bla.<\/strong><\/p>\n<p>Nejen.<\/p>\n<p><strong>Chcete skon\u010dit v politice, nebo ne?<\/strong><\/p>\n<p>J\u00e1 si nemysl\u00edm, \u017ee by ta politika se d\u011blala pouze jako v poslaneck\u00fdch lavic\u00edch nebo v sen\u00e1torsk\u00fdch, ale n\u011bkter\u00e1 pr\u00e1ce je s politikou spojena. To je bez pochyby.<\/p>\n<p><strong>Ta stranick\u00e1 t\u0159eba.<\/strong><\/p>\n<p>T\u0159eba.<\/p>\n<p><strong>Tak j\u00e1 v\u00e1m d\u011bkuji, \u017ee jste p\u0159i\u0161la, Ludmila M\u00fcllerov\u00e1 odch\u00e1zej\u00edc\u00ed ministryn\u011b pr\u00e1ce a soci\u00e1ln\u00edch v\u011bc\u00ed z TOP 09. M\u011bjte se hezky, na shledanou.<\/strong><\/p>\n<p>podle po\u0159adu \u010cT zsznamenala invArena<\/p>\n","protected":false},"excerpt":{"rendered":"<div class=\"mh-excerpt\"><p>Kon\u010d\u00edc\u00ed ministryn\u011b pr\u00e1ce a soci\u00e1ln\u00edch v\u011bc\u00ed Ludmila M\u00fcllerov\u00e1 z TOP 09 byla v\u010dera naposledy v pr\u00e1ci, dnes za\u010dnou minist\u0159i sv\u00e9 \u00fa\u0159ady p\u0159ed\u00e1vat lidem z Rusnokovy <a class=\"mh-excerpt-more\" href=\"https:\/\/www.invarena.cz\/?p=7732\" title=\"Interview s ministryn\u00ed pr\u00e1ce a soci\u00e1ln\u00edch v\u011bc\u00ed v demisi Ludmilou M\u00fcllerovou\">[&#8230;]<\/a><\/p>\n<\/div>","protected":false},"author":1,"featured_media":361,"comment_status":"open","ping_status":"open","sticky":false,"template":"","format":"standard","meta":{"footnotes":""},"categories":[12],"tags":[],"class_list":["post-7732","post","type-post","status-publish","format-standard","has-post-thumbnail","hentry","category-rozhovory"],"_links":{"self":[{"href":"https:\/\/www.invarena.cz\/index.php?rest_route=\/wp\/v2\/posts\/7732","targetHints":{"allow":["GET"]}}],"collection":[{"href":"https:\/\/www.invarena.cz\/index.php?rest_route=\/wp\/v2\/posts"}],"about":[{"href":"https:\/\/www.invarena.cz\/index.php?rest_route=\/wp\/v2\/types\/post"}],"author":[{"embeddable":true,"href":"https:\/\/www.invarena.cz\/index.php?rest_route=\/wp\/v2\/users\/1"}],"replies":[{"embeddable":true,"href":"https:\/\/www.invarena.cz\/index.php?rest_route=%2Fwp%2Fv2%2Fcomments&post=7732"}],"version-history":[{"count":0,"href":"https:\/\/www.invarena.cz\/index.php?rest_route=\/wp\/v2\/posts\/7732\/revisions"}],"wp:featuredmedia":[{"embeddable":true,"href":"https:\/\/www.invarena.cz\/index.php?rest_route=\/wp\/v2\/media\/361"}],"wp:attachment":[{"href":"https:\/\/www.invarena.cz\/index.php?rest_route=%2Fwp%2Fv2%2Fmedia&parent=7732"}],"wp:term":[{"taxonomy":"category","embeddable":true,"href":"https:\/\/www.invarena.cz\/index.php?rest_route=%2Fwp%2Fv2%2Fcategories&post=7732"},{"taxonomy":"post_tag","embeddable":true,"href":"https:\/\/www.invarena.cz\/index.php?rest_route=%2Fwp%2Fv2%2Ftags&post=7732"}],"curies":[{"name":"wp","href":"https:\/\/api.w.org\/{rel}","templated":true}]}}