{"id":7733,"date":"2013-07-10T09:52:20","date_gmt":"2013-07-10T07:52:20","guid":{"rendered":"http:\/\/www.invarena.cz\/?p=7733"},"modified":"2013-07-10T09:52:20","modified_gmt":"2013-07-10T07:52:20","slug":"muz-ktery-zachranil-novorozene","status":"publish","type":"post","link":"https:\/\/www.invarena.cz\/?p=7733","title":{"rendered":"Mu\u017e, kter\u00fd zachr\u00e1nil novorozen\u011b"},"content":{"rendered":"<p><strong>O tom, \u017ee v Chebu n\u011bkdo hodil do kontejneru na odpadky jen chv\u00edli po porodu \u017eiv\u00e9 d\u00edt\u011b, informovaly v\u0161echny noviny. M\u00e1lokter\u00e9 v\u0161ak dodaly, \u017ee novorozen\u011b zachr\u00e1nil invalidn\u00ed d\u016fchodce.<\/strong><\/p>\n<p><!--more--><\/p>\n<p>Report\u00e9r televize Nova zjistil, \u017ee mali\u010dk\u00e9 d\u00edvence hrozila smrt nejen podchlazen\u00edm, ale tak\u00e9 udu\u0161en\u00edm.<\/p>\n<p>T\u011bl\u00ed\u010dko pr\u00e1v\u011b narozen\u00e9 hol\u010di\u010dky bylo zabalen\u00e9 do igelitov\u00e9 ta\u0161ky. Potvrdil mu to mu\u017e, kter\u00fd miminko v kontejneru na\u0161el a d\u00edt\u011b tak zachr\u00e1nil.<\/p>\n<p>&#8222;J\u00e1 jel na kole a sly\u0161el jsem n\u011bjak\u00fd m\u0148ouk\u00e1n\u00ed. J\u00e1 v prvn\u00ed chv\u00edli myslel, \u017ee tam je kot\u011b v tom,&#8220; \u0159ekl invalidn\u00ed d\u016fchodce Lubo\u0161 Adam.<\/p>\n<p>\u010cty\u0159ia\u010dty\u0159icetilet\u00e9mu invalidn\u00edmu d\u016fchodci dnes v Chebu nikdo ne\u0159ekne jinak ne\u017e &#8222;hrdino&#8220;. Cht\u011bl m\u0148oukaj\u00edc\u00edmu zv\u00ed\u0159eti pomoct a za\u010dal prohled\u00e1vat kontejner. Zvuk vych\u00e1zel z igelitov\u00e9 ta\u0161ky pohozen\u00e9 mezi hnij\u00edc\u00edmi odpadky.<\/p>\n<p>&#8222;Najednou vid\u00edm, jak se ta ta\u0161ka hnula. Jsem vid\u011bl, \u017ee to nen\u00ed kot\u011b, proto\u017ee takov\u00fd t\u011blo kot\u011b nem\u00e1, \u017ee jo, jako miminko,&#8220; \u0159ekl v report\u00e1\u017ei Lubo\u0161 Adam.<\/p>\n<p>Panu Lubo\u0161ovi je hol\u010di\u010dky moc l\u00edto a p\u0159eje si, aby ten, kdo se j\u00ed cht\u011bl takhle zbavit, neunikl spravedliv\u00e9mu trestu.<\/p>\n<p>Nejen lid\u00e9 z Chebu, ale u\u017e i kriminalist\u00e9 se p\u0159ikl\u00e1n\u011bj\u00ed k n\u00e1zoru, \u017ee matkou d\u00edt\u011bte je z\u0159ejm\u011b narkomanka.<\/p>\n<p>Zaj\u00edm\u00e1 to policii, kter\u00e1 si vzorky mo\u010di, krve, dokonce i stolice vzala. Bude p\u00e1trat.<\/p>\n<p>D\u016fle\u017eit\u00e1 stopa vede sem do nedalek\u00fdch Franti\u0161kov\u00fdch L\u00e1zn\u00ed. Pr\u00e1v\u011b tady p\u0159ed prodejnou Lidl se m\u011bla v\u010dera kolem dev\u00e1t\u00e9 hodiny r\u00e1no pohybovat \u017eena, o kter\u00e9 se policist\u00e9 domn\u00edvaj\u00ed, \u017ee by mohla b\u00fdt matkou onoho d\u00edt\u011bte.<\/p>\n<p>Jedn\u00e1 se o dvaceti a\u017e t\u0159icetiletou \u017eenu huben\u00e9 postavy, s \u010dern\u00fdmi vlasy s \u010desan\u00fdmi do cul\u00edku. \u017dena m\u011bla na sob\u011b pestrobarevn\u00e9 oble\u010den\u00ed.<\/p>\n<p>Na prvn\u00ed pohled se m\u016f\u017ee zd\u00e1t, \u017ee jde jednozna\u010dn\u011b o vra\u017eedn\u00fd \u00fatok. Kriminalist\u00e9 jsou ale zdr\u017eenliv\u00ed. Rodi\u010dka mohla jednat v siln\u00e9m \u0161oku nebo psych\u00f3ze. P\u0159itom nejbezpe\u010dn\u011bj\u0161\u00ed m\u00edsto pro necht\u011bn\u00e9 d\u011bti bylo tak bl\u00edzko. Od kontejneru s pohozen\u00fdm novorozen\u011btem je to pouh\u00fdch 5 minut ch\u016fze k tomuto babyboxu u chebsk\u00e9 nemocnice.<\/p>\n<p>podle report\u00e1\u017ee televize Nova zaznamenala invArena<\/p>\n","protected":false},"excerpt":{"rendered":"<div class=\"mh-excerpt\"><p>O tom, \u017ee v Chebu n\u011bkdo hodil do kontejneru na odpadky jen chv\u00edli po porodu \u017eiv\u00e9 d\u00edt\u011b, informovaly v\u0161echny noviny. M\u00e1lokter\u00e9 v\u0161ak dodaly, \u017ee novorozen\u011b <a class=\"mh-excerpt-more\" href=\"https:\/\/www.invarena.cz\/?p=7733\" title=\"Mu\u017e, kter\u00fd zachr\u00e1nil novorozen\u011b\">[&#8230;]<\/a><\/p>\n<\/div>","protected":false},"author":1,"featured_media":7734,"comment_status":"open","ping_status":"open","sticky":false,"template":"","format":"standard","meta":{"footnotes":""},"categories":[7],"tags":[],"class_list":["post-7733","post","type-post","status-publish","format-standard","has-post-thumbnail","hentry","category-spolecnost"],"_links":{"self":[{"href":"https:\/\/www.invarena.cz\/index.php?rest_route=\/wp\/v2\/posts\/7733","targetHints":{"allow":["GET"]}}],"collection":[{"href":"https:\/\/www.invarena.cz\/index.php?rest_route=\/wp\/v2\/posts"}],"about":[{"href":"https:\/\/www.invarena.cz\/index.php?rest_route=\/wp\/v2\/types\/post"}],"author":[{"embeddable":true,"href":"https:\/\/www.invarena.cz\/index.php?rest_route=\/wp\/v2\/users\/1"}],"replies":[{"embeddable":true,"href":"https:\/\/www.invarena.cz\/index.php?rest_route=%2Fwp%2Fv2%2Fcomments&post=7733"}],"version-history":[{"count":0,"href":"https:\/\/www.invarena.cz\/index.php?rest_route=\/wp\/v2\/posts\/7733\/revisions"}],"wp:featuredmedia":[{"embeddable":true,"href":"https:\/\/www.invarena.cz\/index.php?rest_route=\/wp\/v2\/media\/7734"}],"wp:attachment":[{"href":"https:\/\/www.invarena.cz\/index.php?rest_route=%2Fwp%2Fv2%2Fmedia&parent=7733"}],"wp:term":[{"taxonomy":"category","embeddable":true,"href":"https:\/\/www.invarena.cz\/index.php?rest_route=%2Fwp%2Fv2%2Fcategories&post=7733"},{"taxonomy":"post_tag","embeddable":true,"href":"https:\/\/www.invarena.cz\/index.php?rest_route=%2Fwp%2Fv2%2Ftags&post=7733"}],"curies":[{"name":"wp","href":"https:\/\/api.w.org\/{rel}","templated":true}]}}