{"id":7810,"date":"2013-07-17T10:15:18","date_gmt":"2013-07-17T08:15:18","guid":{"rendered":"http:\/\/www.invarena.cz\/?p=7810"},"modified":"2013-07-17T10:32:19","modified_gmt":"2013-07-17T08:32:19","slug":"nejblizsim-festivalem-je-mighty-sounds","status":"publish","type":"post","link":"https:\/\/www.invarena.cz\/?p=7810","title":{"rendered":"Nejbli\u017e\u0161\u00edm festivalem je Mighty Sounds"},"content":{"rendered":"<p><strong>Rockov\u00fd festival Mighty Sounds se tento v\u00edkend kon\u00e1 v T\u00e1bo\u0159e. Organiz\u00e1to\u0159i Mighty Sounds podpo\u0159\u00ed sdru\u017een\u00ed pro lidi s du\u0161evn\u00edm onemocn\u011bn\u00edm Fokus T\u00e1bor a jejich chr\u00e1n\u011bnou kav\u00e1rnu Caf\u00e9 Parn\u00edk!<\/strong><\/p>\n<p><!--more--><\/p>\n<p>&#8222;Festival je unik\u00e1tn\u00ed t\u00edm, \u017ee p\u0159edstavuje to nejlep\u0161\u00ed z \u017e\u00e1nr\u016f, kter\u00e9 na jin\u00fdch festivalech nedostanou tolik prostoru. V\u0161ichni milovn\u00edci punkrocku, punku, ska, reggae nebo rock&#8217;n&#8217;rollu by m\u011bli zam\u00ed\u0159it pr\u00e1v\u011b sem,&#8220; uvedla organiz\u00e1torka festivalu Mark\u00e9ta \u0160t\u011bchov\u00e1.<\/p>\n<p>Zav\u00edt\u00e1 na m\u00edstn\u00ed leti\u0161t\u011b \u010c\u00e1p\u016fv dv\u016fr, aby zde od 19. do 21. \u010dervenci pozval v\u0161echny na kapely jako nap\u0159\u00edklad Suicidal Tendencies, The Subways nebo Sto zv\u00ed\u0159at.<\/p>\n<p>Po Sv\u011btlu pro sv\u011bt a Hv\u011bzdn\u00e9m bazaru jsme se rozhodli podpo\u0159it tentokr\u00e1t m\u00edstn\u00ed dobro\u010dinnou organizaci. Tou je sdru\u017een\u00ed Fokus T\u00e1bor.<\/p>\n<p>Posl\u00e1n\u00edm Sdru\u017een\u00ed je pom\u00e1hat lidem s du\u0161evn\u00edm onemocn\u011bn\u00edm v\u00a0n\u00e1vratu a uplatn\u011bn\u00ed se ve spole\u010dnosti rozv\u00edjen\u00edm r\u016fzn\u00fdch mo\u017enost\u00ed pro jejich pracovn\u00ed a soci\u00e1ln\u00ed rehabilitaci. Za \u00fa\u010delem pracovn\u00ed integrace t\u011bchto osob provozuje chr\u00e1n\u011bn\u00e9 d\u00edlny (chr\u00e1n\u011bn\u00e1 pracovn\u00ed m\u00edsta) a agenturu pr\u00e1ce &#8211; Centrum podporovan\u00e9ho zam\u011bstn\u00e1v\u00e1n\u00ed.<\/p>\n<p><strong>Mighty Sounds zve&#8230;<\/strong><\/p>\n<p>Kdo se budete pohybovat p\u0159\u00edmo ve m\u011bst\u011b T\u00e1bor, r\u00e1di bychom v\u00e1s pozvali do jejich chr\u00e1n\u011bn\u00e9 kav\u00e1rny Caf\u00e9 Parn\u00edk.<\/p>\n<p>Ta nab\u00edz\u00ed p\u0159\u00edjemn\u00e9 vnit\u0159n\u00ed i venkovn\u00ed posezen\u00ed, \u0161irokou nab\u00eddku fair trade k\u00e1vy, zape\u010den\u00e9 panini a sendvi\u010de mnoha p\u0159\u00edchut\u00ed, \u010derstv\u00e9 oblo\u017een\u00e9 bagety. Pr\u00e1v\u011b zde pracujou 4 z t\u011bch, kter\u00e9 toto sdru\u017een\u00ed podporuje!<\/p>\n<p>Necht\u011bli jsme z\u016fstat pouze u slov a tak jsme se rozhodli je tento rok podpo\u0159it i jin\u00fdm zp\u016fsobem. V\u0161ichni kdo pro v\u00e1s u\u017e druh\u00fdm dnem p\u0159ipravuj\u00ed festival, si dnes a z\u00edtra dop\u0159\u00e1vaj\u00ed k sn\u00eddani luxusn\u00ed italsk\u00e9 bagety, kter\u00e9 byly vyrobeny pr\u00e1v\u011b v Caf\u00e9 Parn\u00edk!<\/p>\n<p>invArena<\/p>\n","protected":false},"excerpt":{"rendered":"<div class=\"mh-excerpt\"><p>Rockov\u00fd festival Mighty Sounds se tento v\u00edkend kon\u00e1 v T\u00e1bo\u0159e. Organiz\u00e1to\u0159i Mighty Sounds podpo\u0159\u00ed sdru\u017een\u00ed pro lidi s du\u0161evn\u00edm onemocn\u011bn\u00edm Fokus T\u00e1bor a jejich chr\u00e1n\u011bnou <a class=\"mh-excerpt-more\" href=\"https:\/\/www.invarena.cz\/?p=7810\" title=\"Nejbli\u017e\u0161\u00edm festivalem je Mighty Sounds\">[&#8230;]<\/a><\/p>\n<\/div>","protected":false},"author":1,"featured_media":7488,"comment_status":"open","ping_status":"open","sticky":false,"template":"","format":"standard","meta":{"footnotes":""},"categories":[17],"tags":[],"class_list":["post-7810","post","type-post","status-publish","format-standard","has-post-thumbnail","hentry","category-kultura"],"_links":{"self":[{"href":"https:\/\/www.invarena.cz\/index.php?rest_route=\/wp\/v2\/posts\/7810","targetHints":{"allow":["GET"]}}],"collection":[{"href":"https:\/\/www.invarena.cz\/index.php?rest_route=\/wp\/v2\/posts"}],"about":[{"href":"https:\/\/www.invarena.cz\/index.php?rest_route=\/wp\/v2\/types\/post"}],"author":[{"embeddable":true,"href":"https:\/\/www.invarena.cz\/index.php?rest_route=\/wp\/v2\/users\/1"}],"replies":[{"embeddable":true,"href":"https:\/\/www.invarena.cz\/index.php?rest_route=%2Fwp%2Fv2%2Fcomments&post=7810"}],"version-history":[{"count":0,"href":"https:\/\/www.invarena.cz\/index.php?rest_route=\/wp\/v2\/posts\/7810\/revisions"}],"wp:featuredmedia":[{"embeddable":true,"href":"https:\/\/www.invarena.cz\/index.php?rest_route=\/wp\/v2\/media\/7488"}],"wp:attachment":[{"href":"https:\/\/www.invarena.cz\/index.php?rest_route=%2Fwp%2Fv2%2Fmedia&parent=7810"}],"wp:term":[{"taxonomy":"category","embeddable":true,"href":"https:\/\/www.invarena.cz\/index.php?rest_route=%2Fwp%2Fv2%2Fcategories&post=7810"},{"taxonomy":"post_tag","embeddable":true,"href":"https:\/\/www.invarena.cz\/index.php?rest_route=%2Fwp%2Fv2%2Ftags&post=7810"}],"curies":[{"name":"wp","href":"https:\/\/api.w.org\/{rel}","templated":true}]}}