{"id":7831,"date":"2013-07-13T09:49:48","date_gmt":"2013-07-13T07:49:48","guid":{"rendered":"http:\/\/www.invarena.cz\/?p=7831"},"modified":"2013-07-13T09:49:48","modified_gmt":"2013-07-13T07:49:48","slug":"spor-invalidy-se-strazniky","status":"publish","type":"post","link":"https:\/\/www.invarena.cz\/?p=7831","title":{"rendered":"Spor invalidy se str\u00e1\u017en\u00edky"},"content":{"rendered":"<p><strong>T\u011b\u017ece invalidn\u00ed mu\u017e se sna\u017e\u00ed \u017eivit jako oprav\u00e1\u0159 obuvi, kterou dod\u00e1v\u00e1 i prodejn\u00e1m v centru Brna. Nyn\u00ed v\u0161ak m\u00e1 konflikt se str\u00e1\u017en\u00edky, kte\u0159\u00ed jej pokutuj\u00ed za vjezd bez povolen\u00ed.<\/strong><\/p>\n<p><!--more--><\/p>\n<p>Anton\u00edn Hort z Brna t\u00e9m\u011b\u0159 ohluchl a pak je\u0161t\u011b jeho zdrav\u00ed podlomil meningokok.<\/p>\n<p>P\u0159esto\u017ee je dr\u017eitelem pr\u016fkazu ZTP a bere invalidn\u00ed d\u016fchod, st\u00e1le se sna\u017e\u00ed pracovat, i kdy\u017e kv\u016fli posti\u017een\u00ed to nem\u00e1 jednoduch\u00e9.<\/p>\n<p>Opravuje boty v mal\u00e9 d\u00edln\u011b v Brn\u011b-Bohunic\u00edch a rozv\u00e1\u017e\u00ed je po Brn\u011b do obchod\u016f s obuv\u00ed, kde v\u017edy nafasuje dal\u0161\u00ed pr\u00e1ci.<\/p>\n<p>Jeden z obchod\u016f je ale v centru m\u011bsta, kam je vjezd jen na povolen\u00ed. A to je k\u00e1men \u00farazu.<\/p>\n<p>Hort u\u017e zde m\u011bl n\u011bkolikr\u00e1t probl\u00e9m se str\u00e1\u017en\u00edky, kte\u0159\u00ed ho i p\u0159es to, \u017ee se prok\u00e1zal pr\u016fkazem i paragonem pro obchod, pokutovali, proto\u017ee tam zajel sv\u00fdm autem.<\/p>\n<p>Mu\u017e pokutu odm\u00edtl zaplatit a mus\u00ed tak po\u010d\u00edtat se spr\u00e1vn\u00edm \u0159\u00edzen\u00edm.<\/p>\n<p>&#8222;Bohu\u017eel po prod\u011blan\u00e9 nemoci nemohu nosit \u017e\u00e1dn\u00e9 t\u011b\u017e\u0161\u00ed v\u011bci, nato\u017e pak t\u0159eba na vzd\u00e1lenost n\u011bkolika set metr\u016f. M\u00e1m pr\u016fkaz ZTP, zpr\u00e1vu od l\u00e9ka\u0159e, kde je naps\u00e1no, \u017ee jsem odk\u00e1z\u00e1n na auto. Prodejna obuvi je u M\u011bn\u00ednsk\u00e9 br\u00e1ny v centru Brna, vjel jsem tam autem, za oknem jsem m\u011bl cedulku z\u00e1sobov\u00e1n\u00ed, parkoval jsem sice bl\u00edzko prodejny, ale tak, abych nep\u0159ek\u00e1\u017eel provozu. P\u0159esto jsem byl str\u00e1\u017en\u00edky pokutov\u00e1n,&#8220; \u0159ekl Hort.<\/p>\n<p>Podle sv\u00fdch slov se s dv\u011bma str\u00e1\u017enicemi sna\u017eil \u0159e\u0161it cel\u00fd incident lidsky. &#8222;Podle nich jsem sp\u00e1chal p\u0159estupek, pr\u00fd jsem sv\u00fdm vozem zablokoval silnici, ale jen za dobu na\u0161\u00ed promluvy tudy projela nejm\u00e9n\u011b t\u0159i dal\u0161\u00ed auta. D\u011bl\u00e1m jedinou pr\u00e1ci, kterou m\u016f\u017eu a zvl\u00e1dnu d\u011blat, nerozum\u00edm tomu, pro\u010d m\u011b takhle \u0161ikanuj\u00ed,&#8220; posteskl si Hort.<\/p>\n<p>Podle mluv\u010d\u00edho str\u00e1\u017en\u00edk\u016f Jakuba Ghanema je nutno posuzovat ka\u017ed\u00fd p\u0159\u00edpad individu\u00e1ln\u011b. &#8222;Str\u00e1\u017en\u00edci se sna\u017e\u00ed b\u00fdt tolerantn\u00ed, ale ob\u010das handicapovan\u00ed \u0159idi\u010di zastav\u00ed, kde je napadne, a jejich auto pak zna\u010dn\u011b znep\u0159\u00edjem\u0148uje \u017eivot ostatn\u00edm \u0159idi\u010d\u016fm. Pokud je n\u011bjak\u00e1 alternativa, sna\u017e\u00edme se lidi odk\u00e1zat na p\u0159\u00edslu\u0161n\u00e1 parkovi\u0161t\u011b s vyhrazen\u00fdm st\u00e1n\u00edm. Invalid\u00e9 maj\u00ed opr\u00e1vn\u011bn\u00ed vjet do p\u011b\u0161\u00ed z\u00f3ny nap\u0159\u00edklad k l\u00e9ka\u0159i, ale ur\u010dit\u011b by nem\u011bli tvo\u0159it p\u0159ek\u00e1\u017eku v provozu,&#8220; \u0159ekl Ghanem.<\/p>\n<p>&#8222;Pokud bych m\u011bl v\u017edycky dostat pokutu, kdy\u017e do obchodu povezu opraven\u00e9 boty, tak tam ani nem\u00e1 cenu jezdit. A \u010d\u00edm se m\u00e1m \u017eivit, kdy\u017e je tohle moje jedin\u00e1 pr\u00e1ce?&#8220; dodal Hort.<\/p>\n","protected":false},"excerpt":{"rendered":"<div class=\"mh-excerpt\"><p>T\u011b\u017ece invalidn\u00ed mu\u017e se sna\u017e\u00ed \u017eivit jako oprav\u00e1\u0159 obuvi, kterou dod\u00e1v\u00e1 i prodejn\u00e1m v centru Brna. Nyn\u00ed v\u0161ak m\u00e1 konflikt se str\u00e1\u017en\u00edky, kte\u0159\u00ed jej pokutuj\u00ed <a class=\"mh-excerpt-more\" href=\"https:\/\/www.invarena.cz\/?p=7831\" title=\"Spor invalidy se str\u00e1\u017en\u00edky\">[&#8230;]<\/a><\/p>\n<\/div>","protected":false},"author":1,"featured_media":7832,"comment_status":"open","ping_status":"open","sticky":false,"template":"","format":"standard","meta":{"footnotes":""},"categories":[7],"tags":[],"class_list":["post-7831","post","type-post","status-publish","format-standard","has-post-thumbnail","hentry","category-spolecnost"],"_links":{"self":[{"href":"https:\/\/www.invarena.cz\/index.php?rest_route=\/wp\/v2\/posts\/7831","targetHints":{"allow":["GET"]}}],"collection":[{"href":"https:\/\/www.invarena.cz\/index.php?rest_route=\/wp\/v2\/posts"}],"about":[{"href":"https:\/\/www.invarena.cz\/index.php?rest_route=\/wp\/v2\/types\/post"}],"author":[{"embeddable":true,"href":"https:\/\/www.invarena.cz\/index.php?rest_route=\/wp\/v2\/users\/1"}],"replies":[{"embeddable":true,"href":"https:\/\/www.invarena.cz\/index.php?rest_route=%2Fwp%2Fv2%2Fcomments&post=7831"}],"version-history":[{"count":0,"href":"https:\/\/www.invarena.cz\/index.php?rest_route=\/wp\/v2\/posts\/7831\/revisions"}],"wp:featuredmedia":[{"embeddable":true,"href":"https:\/\/www.invarena.cz\/index.php?rest_route=\/wp\/v2\/media\/7832"}],"wp:attachment":[{"href":"https:\/\/www.invarena.cz\/index.php?rest_route=%2Fwp%2Fv2%2Fmedia&parent=7831"}],"wp:term":[{"taxonomy":"category","embeddable":true,"href":"https:\/\/www.invarena.cz\/index.php?rest_route=%2Fwp%2Fv2%2Fcategories&post=7831"},{"taxonomy":"post_tag","embeddable":true,"href":"https:\/\/www.invarena.cz\/index.php?rest_route=%2Fwp%2Fv2%2Ftags&post=7831"}],"curies":[{"name":"wp","href":"https:\/\/api.w.org\/{rel}","templated":true}]}}