{"id":784,"date":"2013-02-05T14:49:37","date_gmt":"2013-02-05T13:49:37","guid":{"rendered":"http:\/\/www.invarena.cz\/?p=784"},"modified":"2013-02-05T14:50:59","modified_gmt":"2013-02-05T13:50:59","slug":"urady-prace-jsou-pomale-lide-by-driv-umreli-nez-se-dockali-pomoci-rika-krasa","status":"publish","type":"post","link":"https:\/\/www.invarena.cz\/?p=784","title":{"rendered":"\u00da\u0159ady pr\u00e1ce jsou pomal\u00e9. Lid\u00e9 by d\u0159\u00edv um\u0159eli, ne\u017e se do\u010dkali pomoci, \u0159\u00edk\u00e1 Kr\u00e1sa"},"content":{"rendered":"<p>P\u0159edseda N\u00e1rodn\u00ed rady osob se zdravotn\u00edm posti\u017een\u00edm V\u00e1clav Kr\u00e1sa poukazuje na &#8222;rychlost&#8220;, s jakou p\u0159istupuj\u00ed \u00fa\u0159ady pr\u00e1ce k \u017e\u00e1dostem handicapovan\u00fdch spoluob\u010dan\u016f. Ti musej\u00ed \u010dekat na vy\u0159\u00edzen\u00ed pr\u016fkaz\u016f pro posti\u017een\u00e9 \u010di p\u0159izn\u00e1n\u00ed d\u00e1vek dlouh\u00e9 m\u011bs\u00edce. N\u011bkte\u0159\u00ed se pomoci ani nedo\u017eij\u00ed. Informuje o tom server T\u00fdden.cz.<!--more--><\/p>\n<p>&#8222;Ka\u017ed\u00fd den k n\u00e1m doputuje n\u011bkolik st\u00ed\u017enost\u00ed,&#8220; \u0159ekl on-line den\u00edku T\u00ddDEN.CZ p\u0159edseda N\u00e1rodn\u00ed rady osob se zdravotn\u00edm posti\u017een\u00edm V\u00e1clav Kr\u00e1sa. &#8222;M\u011bli jsme i p\u0159\u00edpady, kdy lid\u00e9 zem\u0159eli, ne\u017e se do\u010dkali pomoci,&#8220; dodal. Cel\u00fd probl\u00e9m podle n\u011bj odstartoval po\u010d\u00e1tkem lo\u0148sk\u00e9ho roku, kdy tehdej\u0161\u00ed ministr pr\u00e1ce a soci\u00e1ln\u00edch v\u011bc\u00ed Jarom\u00edr Dr\u00e1bek (TOP 09) spustil \u010d\u00e1st sv\u00e9 soci\u00e1ln\u00ed reformy.<\/p>\n<p><strong>M\u00e1lo lid\u00ed a nespolehliv\u00fd software<\/strong><\/p>\n<p>V jej\u00edm r\u00e1mci za\u010dal v\u0161echny soci\u00e1ln\u00ed d\u00e1vky vypl\u00e1cet \u00da\u0159ad pr\u00e1ce, co\u017e m\u011blo v\u00e9st ke zjednodu\u0161en\u00ed agendy, nov\u00fd model m\u011bl b\u00fdt vst\u0159\u00edcn\u011bj\u0161\u00ed pro ob\u010dany a st\u00e1t m\u011bl u\u0161et\u0159it. N\u011bkte\u0159\u00ed pracovn\u00edci obecn\u00edch \u00fa\u0159ad\u016f, je\u017e p\u016fvodn\u011b vypl\u00e1cely \u010d\u00e1st t\u011bchto d\u00e1vek, zkr\u00e1tka p\u0159i\u0161li o pr\u00e1ci.<\/p>\n<p>&#8222;P\u0159i p\u0159echodu agendy od m\u011bstsk\u00fdch a obecn\u00edch \u00fa\u0159ad\u016f na \u00da\u0159ad pr\u00e1ce m\u011blo p\u0159ej\u00edt zhruba 1800 zam\u011bstnanc\u016f, ve skute\u010dnosti jich v\u0161ak p\u0159e\u0161lo cca 1650,&#8220; konstatoval z\u00e1stupce odbor\u016f \u00da\u0159adu pr\u00e1ce Vlastimil Neuman. N\u011bkolik set lid\u00ed bylo ji\u017e v roce 2011 propu\u0161t\u011bno i z \u00da\u0159adu pr\u00e1ce. Celou situaci na \u00fa\u0159adech nav\u00edc zkomplikovalo zav\u00e1d\u011bn\u00ed nov\u00e9ho softwaru, kter\u00fd se v lednu 2012 uk\u00e1zal jako pom\u011brn\u011b nespolehliv\u00fd.<br \/>\n<strong><br \/>\nMinisterstvo slibuje n\u00e1pravu<\/strong><\/p>\n<p>T\u00ed\u017eivost situace si uv\u011bdomuje i sou\u010dasn\u00e1 ministryn\u011b pr\u00e1ce a soci\u00e1ln\u00edch v\u011bc\u00ed Ludmila M\u00fcllerov\u00e1 (TOP 09). Mluv\u010d\u00ed jej\u00edho resortu ji\u017e ozn\u00e1mila, \u017ee dojde k person\u00e1ln\u00edmu pos\u00edlen\u00ed \u00da\u0159adu pr\u00e1ce. &#8222;A to z d\u016fvod\u016f dlouhodob\u00e9ho n\u00e1r\u016fstu pracovn\u00edch \u010dinnosti,&#8220; uvedla mluv\u010d\u00ed MPSV \u0160t\u011bp\u00e1nka Filipov\u00e1.<\/p>\n<p>N\u00e1roky na \u00fa\u0159edn\u00edky rostou nejen kv\u016fli proveden\u00e9 reform\u011b, ale tak\u00e9 d\u00edky rostouc\u00edmu po\u010dtu nezam\u011bstnan\u00fdch. P\u0159ijet\u00edm nov\u00fdch \u00fa\u0159edn\u00edk\u016f ale z\u0159ejm\u011b padne od\u016fvodn\u011bn\u00ed zm\u011bn, ke kter\u00e9mu se \u010dasto uchyloval Dr\u00e1bek. \u00daspora n\u00e1klad\u016f se rozplyne, kv\u016fli nutnosti vyplatit nov\u00fdm pracovn\u00edk\u016fm mzdy. <\/p>\n<p>ParlamentniListy.cz<\/p>\n","protected":false},"excerpt":{"rendered":"<div class=\"mh-excerpt\"><p>P\u0159edseda N\u00e1rodn\u00ed rady osob se zdravotn\u00edm posti\u017een\u00edm V\u00e1clav Kr\u00e1sa poukazuje na &#8222;rychlost&#8220;, s jakou p\u0159istupuj\u00ed \u00fa\u0159ady pr\u00e1ce k \u017e\u00e1dostem handicapovan\u00fdch spoluob\u010dan\u016f. Ti musej\u00ed \u010dekat na <a class=\"mh-excerpt-more\" href=\"https:\/\/www.invarena.cz\/?p=784\" title=\"\u00da\u0159ady pr\u00e1ce jsou pomal\u00e9. Lid\u00e9 by d\u0159\u00edv um\u0159eli, ne\u017e se do\u010dkali pomoci, \u0159\u00edk\u00e1 Kr\u00e1sa\">[&#8230;]<\/a><\/p>\n<\/div>","protected":false},"author":1,"featured_media":670,"comment_status":"open","ping_status":"open","sticky":false,"template":"","format":"standard","meta":{"footnotes":""},"categories":[7,9],"tags":[],"class_list":["post-784","post","type-post","status-publish","format-standard","has-post-thumbnail","hentry","category-spolecnost","category-zpravy"],"_links":{"self":[{"href":"https:\/\/www.invarena.cz\/index.php?rest_route=\/wp\/v2\/posts\/784","targetHints":{"allow":["GET"]}}],"collection":[{"href":"https:\/\/www.invarena.cz\/index.php?rest_route=\/wp\/v2\/posts"}],"about":[{"href":"https:\/\/www.invarena.cz\/index.php?rest_route=\/wp\/v2\/types\/post"}],"author":[{"embeddable":true,"href":"https:\/\/www.invarena.cz\/index.php?rest_route=\/wp\/v2\/users\/1"}],"replies":[{"embeddable":true,"href":"https:\/\/www.invarena.cz\/index.php?rest_route=%2Fwp%2Fv2%2Fcomments&post=784"}],"version-history":[{"count":0,"href":"https:\/\/www.invarena.cz\/index.php?rest_route=\/wp\/v2\/posts\/784\/revisions"}],"wp:featuredmedia":[{"embeddable":true,"href":"https:\/\/www.invarena.cz\/index.php?rest_route=\/wp\/v2\/media\/670"}],"wp:attachment":[{"href":"https:\/\/www.invarena.cz\/index.php?rest_route=%2Fwp%2Fv2%2Fmedia&parent=784"}],"wp:term":[{"taxonomy":"category","embeddable":true,"href":"https:\/\/www.invarena.cz\/index.php?rest_route=%2Fwp%2Fv2%2Fcategories&post=784"},{"taxonomy":"post_tag","embeddable":true,"href":"https:\/\/www.invarena.cz\/index.php?rest_route=%2Fwp%2Fv2%2Ftags&post=784"}],"curies":[{"name":"wp","href":"https:\/\/api.w.org\/{rel}","templated":true}]}}