{"id":7879,"date":"2013-07-14T05:32:56","date_gmt":"2013-07-14T03:32:56","guid":{"rendered":"http:\/\/www.invarena.cz\/?p=7879"},"modified":"2013-07-14T05:32:56","modified_gmt":"2013-07-14T03:32:56","slug":"neznama-holka-z-charity","status":"publish","type":"post","link":"https:\/\/www.invarena.cz\/?p=7879","title":{"rendered":"Nezn\u00e1m\u00e1 holka z charity"},"content":{"rendered":"<p><strong>Kdo je Lenka Kohoutov\u00e1 (foto), kter\u00e1 byla letos za ODS jmenov\u00e1na odborn\u00fdm garantem pro soci\u00e1ln\u00ed oblast? A jak se do parlamentu dostala tato holka z charity, jak sama sebe naz\u00fdv\u00e1.<\/strong><\/p>\n<p><!--more--><\/p>\n<p>Rad\u011bji o \u010dtvrt hodiny d\u0159\u00edv chodila do Sn\u011bmovny prvn\u00edch p\u00e1r m\u011bs\u00edc\u016f po zvolen\u00ed poslankyn\u011b Lenka Kohoutov\u00e1, aby se v bludi\u0161ti chodeb v\u010das dostala, kam pot\u0159ebovala.<\/p>\n<p>Na rozd\u00edl od n\u011bkter\u00fdch koleg\u016f ale bloudila r\u00e1da, proto\u017ee st\u00e1t se poslankyn\u00ed byl jej\u00ed c\u00edl. Z 29. m\u00edsta na kandid\u00e1tce ODS v Praze to sice vypadalo beznad\u011bjn\u011b, ale op\u011bt zafungovalo protestn\u00ed krou\u017ekov\u00e1n\u00ed, d\u00edky kter\u00e9mu se &#8222;p\u0159edsedkyn\u011b spr\u00e1vn\u00ed rady Nada\u010dn\u00edho fondu pro podporu zam\u011bstn\u00e1v\u00e1n\u00ed osob se zdravotn\u00edm posti\u017een\u00edm&#8220;, jak m\u011bla uvedeno na kandid\u00e1tce, ve Sn\u011bmovn\u011b ocitla.<\/p>\n<p>Ve zdej\u0161\u00edch spletit\u00fdch chodb\u00e1ch se nav\u00edc pohybovala u\u017e d\u0159\u00edve, kdy\u017e s poslanci diskutovala o z\u00e1konech, kter\u00e9 se zam\u011bstn\u00e1v\u00e1n\u00ed posti\u017een\u00fdch t\u00fdkaj\u00ed. Aby m\u011bla v\u011bt\u0161\u00ed \u0161anci svoje n\u00e1vrhy prosadit, rozhodla se vstoupit do ODS a uch\u00e1zet se o kandidaturu do Sn\u011bmovny.<\/p>\n<p>&#8222;\u0158\u00edkala jsem si, \u017ee by bylo fajn dostat ve volb\u00e1ch t\u0159eba tis\u00edc preferen\u010dn\u00edch hlas\u016f, aby si m\u011b n\u011bkdo z politik\u016f v\u0161iml a vzal jako poradkyni,&#8220; d\u00e1vala si zprvu ni\u017e\u0161\u00ed c\u00edle. Po zvolen\u00ed se j\u00ed oto\u010dil sv\u011bt naruby.<\/p>\n<p>&#8222;Mus\u00edte se mimo jin\u00e9 vypo\u0159\u00e1dat s t\u00edm, \u017ee m\u00e1te \u00fapln\u011b jin\u00fd rozvrh a \u017ee pracujete po\u0159\u00e1d, kdy\u017e je pot\u0159eba, a tak\u00e9 se sv\u00fdm soukrom\u00edm, proto\u017ee najednou jdete na proch\u00e1zku a n\u011bkdo si v\u00e1s fot\u00ed, m\u00e1te prapodivn\u00e9 telefon\u00e1ty, dost\u00e1v\u00e1te sprost\u00e9 e-maily,&#8220; p\u0159izn\u00e1v\u00e1 i tuhle zku\u0161enost.<\/p>\n<p>Do Sn\u011bmovny p\u0159esto vstoupila s odhodl\u00e1n\u00edm n\u011bco dok\u00e1zat. Po p\u016fl roce p\u0159i\u0161la skepse a pocit, \u017ee v takov\u00e9m molochu nem\u00e1 jednotlivec \u0161anci nic zm\u011bnit, \u017ee m\u00e1 po\u0159\u00e1d n\u00e1lepku nov\u00e1\u010dka a \u017ee jej\u00ed profesn\u00ed zku\u0161enosti nikoho nezaj\u00edmaj\u00ed.<\/p>\n<p>&#8222;V\u0161echno je na dlouh\u00e9 lokte, v\u0161echno je cestou tvrd\u00e9 dohody, hodn\u011b o politika\u0159en\u00ed, o jak\u00e9msi maz\u00e1ctv\u00ed, proto\u017ee jsem se tu n\u011bkolikr\u00e1t doslechla o principu seniority \u2013 \u010dili star\u0161\u00ed m\u00e1 p\u0159ednost.&#8220;<\/p>\n<p>Zpo\u010d\u00e1tku si myslela, \u017ee p\u016fjde do Sn\u011bmovny m\u011bnit pravidla zam\u011bstn\u00e1v\u00e1n\u00ed lid\u00ed se zdravotn\u00edm posti\u017een\u00edm, ale brzy zjistila, \u017ee nen\u00ed mo\u017en\u00e9 vz\u00edt si jako sv\u016fj \u00fakol jen mal\u00fd v\u00fdsek soci\u00e1ln\u00ed politiky. Zab\u00fdv\u00e1 se proto mimo jin\u00e9 financov\u00e1n\u00edm soci\u00e1ln\u00edch slu\u017eeb nebo problematikou soci\u00e1ln\u00edho bydlen\u00ed a je velkou zast\u00e1nkyn\u00ed neziskov\u00fdch organizac\u00ed. Po t\u0159ech letech m\u00e1 nav\u00edc pocit, \u017ee se ledy kone\u010dn\u011b pohnuly.<\/p>\n<p>&#8222;Letos jsem byla za ODS jmenov\u00e1na odborn\u00fdm garantem v soci\u00e1ln\u00ed oblasti, pom\u00e1hala jsem vytv\u00e1\u0159et i agendu 2014 (hlavn\u00ed programov\u00e9 priority ODS do konce volebn\u00edho obdob\u00ed \u2013 pozn. red.).&#8220;<\/p>\n<p>\u010cas zb\u00fdvaj\u00edc\u00ed do voleb nebere jako d\u016fvod k ohl\u00e9dnut\u00ed, sp\u00ed\u0161 k zamy\u0161len\u00ed nad t\u00edm, co v\u0161echno se je\u0161t\u011b d\u00e1 stihnout.<\/p>\n<p>&#8222;P\u0159ed t\u0159emi lety se za\u010dal ps\u00e1t m\u016fj dlouh\u00fd \u00fa\u010det a jen voli\u010di rozhodnou, co se mnou bude. Jestli si m\u011b n\u011bkdo dok\u00e1zal naj\u00edt na 29. m\u00edst\u011b jako n\u011bjakou nezn\u00e1mou holku z charity, t\u0159eba se to stane i p\u0159\u00ed\u0161t\u011b.&#8220;<\/p>\n<p>Rok je podle n\u00ed pro nov\u00e9ho poslance minim\u00e1ln\u00ed doba pro adaptaci. &#8222;Nem\u016f\u017eete si ale myslet, \u017ee v\u00e1m n\u011bkdo bude pom\u00e1hat. Bu\u010f se v tom s\u00e1m utop\u00edte, nebo se s\u00e1m nau\u010d\u00edte plavat.&#8220;<\/p>\n<p>Podle Jeron\u00fdma Tejce, poslance a p\u0159edsedy poslaneck\u00e9ho klubu \u010cSSD, pot\u0159ebuje nov\u00e1\u010dek a\u017e dva roky na to, aby zjistil, jak funguj\u00ed z\u00e1kladn\u00ed mechanismy, a aby z\u00edskal nezbytn\u00e9 kontakty jak ve sv\u00e9 stran\u011b, tak i v ostatn\u00edch stran\u00e1ch nebo p\u0159\u00edslu\u0161n\u00fdch v\u00fdborech.<\/p>\n<p>&#8222;To je podle m\u011b minim\u00e1ln\u00ed doba na orientaci, kter\u00e1 mu zaru\u010d\u00ed, \u017ee je v\u016fbec schopen p\u0159ich\u00e1zet s n\u00e1vrhy, kter\u00e9 budou uplatniteln\u00e9. Teprve druh\u00e9 funk\u010dn\u00ed obdob\u00ed ale d\u00e1v\u00e1 poslanci mo\u017enost skute\u010dn\u011b ovlivnit fungov\u00e1n\u00ed Sn\u011bmovny,&#8220; \u0159\u00edk\u00e1.<\/p>\n<p>&nbsp;<\/p>\n","protected":false},"excerpt":{"rendered":"<div class=\"mh-excerpt\"><p>Kdo je Lenka Kohoutov\u00e1 (foto), kter\u00e1 byla letos za ODS jmenov\u00e1na odborn\u00fdm garantem pro soci\u00e1ln\u00ed oblast? A jak se do parlamentu dostala tato holka z <a class=\"mh-excerpt-more\" href=\"https:\/\/www.invarena.cz\/?p=7879\" title=\"Nezn\u00e1m\u00e1 holka z charity\">[&#8230;]<\/a><\/p>\n<\/div>","protected":false},"author":1,"featured_media":1829,"comment_status":"open","ping_status":"open","sticky":false,"template":"","format":"standard","meta":{"footnotes":""},"categories":[7],"tags":[],"class_list":["post-7879","post","type-post","status-publish","format-standard","has-post-thumbnail","hentry","category-spolecnost"],"_links":{"self":[{"href":"https:\/\/www.invarena.cz\/index.php?rest_route=\/wp\/v2\/posts\/7879","targetHints":{"allow":["GET"]}}],"collection":[{"href":"https:\/\/www.invarena.cz\/index.php?rest_route=\/wp\/v2\/posts"}],"about":[{"href":"https:\/\/www.invarena.cz\/index.php?rest_route=\/wp\/v2\/types\/post"}],"author":[{"embeddable":true,"href":"https:\/\/www.invarena.cz\/index.php?rest_route=\/wp\/v2\/users\/1"}],"replies":[{"embeddable":true,"href":"https:\/\/www.invarena.cz\/index.php?rest_route=%2Fwp%2Fv2%2Fcomments&post=7879"}],"version-history":[{"count":0,"href":"https:\/\/www.invarena.cz\/index.php?rest_route=\/wp\/v2\/posts\/7879\/revisions"}],"wp:featuredmedia":[{"embeddable":true,"href":"https:\/\/www.invarena.cz\/index.php?rest_route=\/wp\/v2\/media\/1829"}],"wp:attachment":[{"href":"https:\/\/www.invarena.cz\/index.php?rest_route=%2Fwp%2Fv2%2Fmedia&parent=7879"}],"wp:term":[{"taxonomy":"category","embeddable":true,"href":"https:\/\/www.invarena.cz\/index.php?rest_route=%2Fwp%2Fv2%2Fcategories&post=7879"},{"taxonomy":"post_tag","embeddable":true,"href":"https:\/\/www.invarena.cz\/index.php?rest_route=%2Fwp%2Fv2%2Ftags&post=7879"}],"curies":[{"name":"wp","href":"https:\/\/api.w.org\/{rel}","templated":true}]}}