{"id":7960,"date":"2013-09-23T20:48:45","date_gmt":"2013-09-23T18:48:45","guid":{"rendered":"http:\/\/www.invarena.cz\/?p=7960"},"modified":"2013-09-23T20:48:45","modified_gmt":"2013-09-23T18:48:45","slug":"kde-dostanu-invalidni-znacku-do-auta","status":"publish","type":"post","link":"https:\/\/www.invarena.cz\/?p=7960","title":{"rendered":"Kde dostanu &#8222;invalidn\u00ed zna\u010dku&#8220; do auta"},"content":{"rendered":"<p><strong>Byla mi p\u0159izn\u00e1na invalidita a pot\u0159eboval bych invalidn\u00ed zna\u010dku do auta. Nev\u00edm v\u0161ak, kde m\u00e1m za\u010d\u00edt \u017e\u00e1dat? Odpov\u011b\u010f na dotaz se do\u010dtete v \u010dl\u00e1nku&#8230;<!--more--><\/strong><\/p>\n<p>ODPOV\u011a\u010e:<\/p>\n<p>Invalidn\u00ed zna\u010dku do auta, takzvan\u00fd parkovac\u00ed pr\u016fkaz 07 pro osoby se zdravotn\u00edm posti\u017een\u00edm, vyd\u00e1v\u00e1 p\u0159\u00edslu\u0161n\u00fd obecn\u00ed \u00fa\u0159ad obce s roz\u0161\u00ed\u0159enou p\u016fsobnost\u00ed osob\u011b, kter\u00e9 byl p\u0159izn\u00e1n pr\u016fkaz ZTP, s v\u00fdjimkou posti\u017een\u00fdch \u00faplnou nebo praktickou hluchotou, nebo pr\u016fkaz ZTP\/P podle jin\u00e9ho pr\u00e1vn\u00edho p\u0159edpisu.<\/p>\n<p>Proto je t\u0159eba, abyste byl dr\u017eitelem pr\u016fkazu osoby se zdravotn\u00edm posti\u017een\u00edm ZTP nebo ZTP\/P. Tento pr\u016fkaz vyd\u00e1v\u00e1 p\u0159\u00edslu\u0161n\u00fd odbor \u00fa\u0159adu pr\u00e1ce podle m\u00edsta bydli\u0161t\u011b na z\u00e1klad\u011b podan\u00e9 \u017e\u00e1dosti a n\u00e1sledn\u00e9ho spr\u00e1vn\u00edho \u0159\u00edzen\u00ed, ve kter\u00e9m se zkoum\u00e1 n\u00e1rok na p\u0159izn\u00e1n\u00ed tohoto pr\u016fkazu.<\/p>\n<p>Za\u010d\u00edt je tedy t\u0159eba na \u00fa\u0159adu pr\u00e1ce podle m\u00edsta bydli\u0161t\u011b pod\u00e1n\u00edm \u017e\u00e1dosti o pr\u016fkaz ZTP neboZTP\/P podle ustanoven\u00ed \u00a7 34, z\u00e1kona \u010d. 329\/2011 Sb.<\/p>\n","protected":false},"excerpt":{"rendered":"<div class=\"mh-excerpt\"><p>Byla mi p\u0159izn\u00e1na invalidita a pot\u0159eboval bych invalidn\u00ed zna\u010dku do auta. Nev\u00edm v\u0161ak, kde m\u00e1m za\u010d\u00edt \u017e\u00e1dat? Odpov\u011b\u010f na dotaz se do\u010dtete v \u010dl\u00e1nku&#8230;<\/p>\n<\/div>","protected":false},"author":1,"featured_media":878,"comment_status":"open","ping_status":"open","sticky":false,"template":"","format":"standard","meta":{"footnotes":""},"categories":[18],"tags":[],"class_list":["post-7960","post","type-post","status-publish","format-standard","has-post-thumbnail","hentry","category-poradna"],"_links":{"self":[{"href":"https:\/\/www.invarena.cz\/index.php?rest_route=\/wp\/v2\/posts\/7960","targetHints":{"allow":["GET"]}}],"collection":[{"href":"https:\/\/www.invarena.cz\/index.php?rest_route=\/wp\/v2\/posts"}],"about":[{"href":"https:\/\/www.invarena.cz\/index.php?rest_route=\/wp\/v2\/types\/post"}],"author":[{"embeddable":true,"href":"https:\/\/www.invarena.cz\/index.php?rest_route=\/wp\/v2\/users\/1"}],"replies":[{"embeddable":true,"href":"https:\/\/www.invarena.cz\/index.php?rest_route=%2Fwp%2Fv2%2Fcomments&post=7960"}],"version-history":[{"count":0,"href":"https:\/\/www.invarena.cz\/index.php?rest_route=\/wp\/v2\/posts\/7960\/revisions"}],"wp:featuredmedia":[{"embeddable":true,"href":"https:\/\/www.invarena.cz\/index.php?rest_route=\/wp\/v2\/media\/878"}],"wp:attachment":[{"href":"https:\/\/www.invarena.cz\/index.php?rest_route=%2Fwp%2Fv2%2Fmedia&parent=7960"}],"wp:term":[{"taxonomy":"category","embeddable":true,"href":"https:\/\/www.invarena.cz\/index.php?rest_route=%2Fwp%2Fv2%2Fcategories&post=7960"},{"taxonomy":"post_tag","embeddable":true,"href":"https:\/\/www.invarena.cz\/index.php?rest_route=%2Fwp%2Fv2%2Ftags&post=7960"}],"curies":[{"name":"wp","href":"https:\/\/api.w.org\/{rel}","templated":true}]}}