{"id":7971,"date":"2013-07-25T05:54:17","date_gmt":"2013-07-25T03:54:17","guid":{"rendered":"http:\/\/www.invarena.cz\/?p=7971"},"modified":"2013-07-25T10:55:16","modified_gmt":"2013-07-25T08:55:16","slug":"hvezdou-emmanuel-prekvapenim-mladek-zacne-26-cervence","status":"publish","type":"post","link":"https:\/\/www.invarena.cz\/?p=7971","title":{"rendered":"Hv\u011bzdou Emmanuel, p\u0159ekvapen\u00edm Ml\u00e1dek. Za\u010dne se 26. \u010dervence"},"content":{"rendered":"<p><strong>Sedmn\u00e1ct dn\u016f a ve\u010der\u016f pln\u00fdch programu nab\u00eddne festival Pr\u00e1zdniny v Tel\u010di. Za\u010dne 26. \u010dervence ve\u010derem tanc\u016f Balfolk. P\u0159ekvapen\u00edm bude Banjo &#8211; Band Ivana Ml\u00e1dka, kter\u00e9 vystoup\u00ed 4. srpna.<\/strong><\/p>\n<p><!--more--><\/p>\n<p>Australsk\u00fd kytarov\u00fd virtuos Tommy Emanuel jako mezin\u00e1rodn\u00ed hv\u011bzda, Nezma\u0159i, Prokop, Mi\u0161\u00edk a mnoz\u00ed dal\u0161\u00ed jako tradi\u010dn\u00ed dom\u00e1c\u00ed folkov\u00e9 st\u00e1lice, anebo Banjo &#8211; Band Ivana Ml\u00e1dka jako p\u0159ekvapen\u00ed ro\u010dn\u00edku.<\/p>\n<p>Tak bude mimo jin\u00e9 vypadat program 31. ro\u010dn\u00edku festivalu Pr\u00e1zdniny v Tel\u010di. Od p\u00e1tku 26. \u010dervence do 11. srpna ho po\u0159\u00e1d\u00e1 t\u00fdm kolem promot\u00e9ra Milana Medv\u011bda Kol\u00e1\u0159e.<\/p>\n<p>Cel\u00fd festival bude op\u011bt zaji\u0161\u0165ovat zhruba pades\u00e1ti\u010dlenn\u00fd t\u00fdm dobrovoln\u00edk\u016f. Jen m\u00e1lokter\u00fd z nich pr\u00fd ov\u0161em pamatuje \u00fapln\u00e9 za\u010d\u00e1tky festivalu. &#8222;Po\u0159\u00e1d p\u0159ich\u00e1zej\u00ed nov\u00ed mlad\u00ed lid\u00e9 z prost\u0159ed\u00ed kolem na\u0161ich letn\u00edch t\u00e1bor\u016f v Rohozn\u00e9 nebo z jihlavsk\u00e9ho hav\u00ed\u0159sk\u00e9ho pr\u016fvodu. Pr\u016fm\u011brn\u00fd v\u011bk v t\u00fdmu festivalu bude n\u011bkde kolem dvac\u00edtky,&#8220; oce\u0148uje Milan Kol\u00e1\u0159.<\/p>\n<p>Neust\u00e1l\u00fd p\u0159\u00edchod mlad\u00fdch lid\u00ed se podle n\u011bho odr\u00e1\u017e\u00ed v atmosf\u00e9\u0159e i programu akce.<\/p>\n<p>Leto\u0161n\u00ed zah\u00e1jen\u00ed se 26. \u010dervence pod veden\u00edm performera Mat\u011bje Kol\u00e1\u0159e ponese v duchu Balfolku. Jde o sou\u010dasn\u00fd, \u017eiv\u00fd evropsk\u00fd folkl\u00f3r, tance vych\u00e1zej\u00edc\u00ed z lidov\u00fdch tradic keltsk\u00e9 Bretan\u011b, Viking\u016f nebo t\u0159eba vesni\u010dan\u016f ze st\u0159edu Francie a dal\u0161\u00edch m\u00edst Evropy. Jednoduch\u00e9 balfolkov\u00e9 tance se daj\u00ed tan\u010dit s\u00f3lov\u011b, v p\u00e1ru i ve skupin\u00e1ch.<\/p>\n<p>&#8222;Tanec bude vlastn\u011b letos t\u00e9matem cel\u00fdch leto\u0161n\u00edch Pr\u00e1zdnin v Tel\u010di, lid\u00e9 se s n\u00edm budou potk\u00e1vat i na n\u00e1m\u011bst\u00ed a v\u0161ude po m\u011bst\u011b,&#8220; dod\u00e1v\u00e1 Milan Kol\u00e1\u0159.<\/p>\n<p>Hlavn\u00ed zahrani\u010dn\u00ed hv\u011bzdou bude tentokr\u00e1t v programu australsk\u00fd kytarista Tommy Emmanuel. Do Tel\u010de p\u0159ij\u00ed\u017ed\u00ed podruh\u00e9, p\u0159ed t\u0159emi lety tu naplnil n\u00e1dvo\u0159\u00ed z\u00e1mku a nadchl svoj\u00ed kytarovou ekvilibristikou. Mnoz\u00ed kytarist\u00e9 si od t\u00e9to celebrity nechali podepsat sv\u00e9 n\u00e1stroje. Letos Emmanuel vystoup\u00ed 31. \u010dervence.<\/p>\n<p>P\u0159esto\u017ee Tel\u010d d\u00e1vno nen\u00ed jen folkov\u00fdm festivalem, je \u017e\u00e1nrov\u00fdm p\u0159ekvapen\u00edm v programu \u00fa\u010dast Banjo Bandu Ivana Ml\u00e1dka. &#8222;Mo\u017en\u00e1 se trochu rouh\u00e1m, ale \u010das let\u00ed a m\u00e1m trochu strach, \u017ee kdy\u017e n\u011bkoho nepozvu te\u010f, u\u017e ho p\u0159\u00ed\u0161t\u011b t\u0159eba nepozvu v\u016fbec,&#8220; usm\u00edv\u00e1 se Medv\u011bd nad ot\u00e1zkou, jak tenhle programov\u00fd n\u00e1pad vznikl.<\/p>\n<p>Ml\u00e1dkovi bude v\u011bnov\u00e1n cel\u00fd samostatn\u00fd koncert na n\u00e1dvo\u0159\u00ed 4. srpna.<\/p>\n<p>Prostor letos dostanou i n\u011bkter\u00e1 nov\u00e1 jm\u00e9na a mlad\u00e9 kapely. &#8222;Sna\u017e\u00edme se ty zaj\u00edmav\u00e9 dost\u00e1vat na kocou\u0159\u00ed sc\u00e9ny nebo i na hlavn\u00ed p\u00f3dium p\u0159ed ta velk\u00e1 jm\u00e9na, na kter\u00e1 lidi p\u0159ijdou,&#8220; vysv\u011btluje filozofii hled\u00e1n\u00ed a etablov\u00e1n\u00ed nov\u00fdch tv\u00e1\u0159\u00ed Milan Kol\u00e1\u0159.<\/p>\n<p>V z\u00e1sad\u011b ale podle n\u011bho plat\u00ed, \u017ee v t\u00e9to f\u00e1zi u\u017e ani nejde o za\u010d\u00ednaj\u00edc\u00ed kapely, n\u00fdbr\u017e o kvalitn\u00ed hudebn\u00edky, kte\u0159\u00ed se na sc\u00e9n\u011b pohybuj\u00ed i \u0159adu let.<\/p>\n<p>To sv\u00e9 si budou moci div\u00e1ci naj\u00edt na jednat\u0159ic\u00e1t\u00e9 Tel\u010di nejen v hlavn\u00edm programu na n\u00e1dvo\u0159\u00ed (19.30), ale i mezi divadly pro d\u011bti (od 14.30), na kocou\u0159\u00edch sc\u00e9n\u00e1ch p\u0159ed domem d\u011bt\u00ed (od 17) a v pozdn\u011b ve\u010dern\u00edch nokturnech po hlavn\u00edm koncertu (cca 22.30). V\u0161e dopln\u00ed v\u00fdstavy, happeningy, tv\u016fr\u010d\u00ed d\u00edlny, v\u00fdlety, performance, j\u00edzdy parn\u00edho vlaku atd.<\/p>\n<p>&#8222;St\u00e1le v\u00edce se tak\u00e9 otev\u00edr\u00e1me soci\u00e1ln\u00edm v\u011bcem, tak\u017ee vedle ekologie a Brontosaur\u016f chceme letos prezentovat t\u0159eba tel\u010dsk\u00fd n\u00edzkoprahov\u00fd klub pro ml\u00e1de\u017e Zast\u00e1vka, anebo problematiku nevidom\u00fdch s vodic\u00edmi psy, kter\u00e1 je jedn\u00edm z t\u00e9mat leto\u0161n\u00edho l\u00e9ta v Tel\u010di,&#8220; avizuje Milan Kol\u00e1\u0159.<\/p>\n<p>Prostor k prezentaci m\u00e1 dostat na festivalu tak\u00e9 tel\u010dsk\u00e9 sdru\u017een\u00ed Sd\u00edlen\u00ed, kter\u00e9 sv\u00fdmi slu\u017ebami pom\u00e1h\u00e1 v\u00e1\u017en\u011b nemocn\u00fdm, zdravotn\u011b posti\u017een\u00fdm a jejich bl\u00edzk\u00fdm p\u0159i \u0159e\u0161en\u00ed jejich nep\u0159\u00edzniv\u00e9 soci\u00e1ln\u00ed situace.<\/p>\n<p>&#8222;Usilujeme o zachov\u00e1n\u00ed co nejvy\u0161\u0161\u00ed sob\u011bsta\u010dnosti, d\u016fstojnosti v\u00e1\u017en\u011b nemocn\u00fdch a zdravotn\u011b posti\u017een\u00fdch a o udr\u017een\u00ed kvality jejich \u017eivota,&#8220; avizuje sdru\u017een\u00ed, kter\u00e9 proklamuje nez\u00e1vislost na c\u00edrkevn\u00edch, politick\u00fdch \u010di jin\u00fdch instituc\u00edch.<\/p>\n<p>Jihlavsk\u00e9 listy<\/p>\n","protected":false},"excerpt":{"rendered":"<div class=\"mh-excerpt\"><p>Sedmn\u00e1ct dn\u016f a ve\u010der\u016f pln\u00fdch programu nab\u00eddne festival Pr\u00e1zdniny v Tel\u010di. Za\u010dne 26. \u010dervence ve\u010derem tanc\u016f Balfolk. P\u0159ekvapen\u00edm bude Banjo &#8211; Band Ivana Ml\u00e1dka, kter\u00e9 <a class=\"mh-excerpt-more\" href=\"https:\/\/www.invarena.cz\/?p=7971\" title=\"Hv\u011bzdou Emmanuel, p\u0159ekvapen\u00edm Ml\u00e1dek. Za\u010dne se 26. \u010dervence\">[&#8230;]<\/a><\/p>\n<\/div>","protected":false},"author":1,"featured_media":8352,"comment_status":"open","ping_status":"open","sticky":false,"template":"","format":"standard","meta":{"footnotes":""},"categories":[17],"tags":[],"class_list":["post-7971","post","type-post","status-publish","format-standard","has-post-thumbnail","hentry","category-kultura"],"_links":{"self":[{"href":"https:\/\/www.invarena.cz\/index.php?rest_route=\/wp\/v2\/posts\/7971","targetHints":{"allow":["GET"]}}],"collection":[{"href":"https:\/\/www.invarena.cz\/index.php?rest_route=\/wp\/v2\/posts"}],"about":[{"href":"https:\/\/www.invarena.cz\/index.php?rest_route=\/wp\/v2\/types\/post"}],"author":[{"embeddable":true,"href":"https:\/\/www.invarena.cz\/index.php?rest_route=\/wp\/v2\/users\/1"}],"replies":[{"embeddable":true,"href":"https:\/\/www.invarena.cz\/index.php?rest_route=%2Fwp%2Fv2%2Fcomments&post=7971"}],"version-history":[{"count":0,"href":"https:\/\/www.invarena.cz\/index.php?rest_route=\/wp\/v2\/posts\/7971\/revisions"}],"wp:featuredmedia":[{"embeddable":true,"href":"https:\/\/www.invarena.cz\/index.php?rest_route=\/wp\/v2\/media\/8352"}],"wp:attachment":[{"href":"https:\/\/www.invarena.cz\/index.php?rest_route=%2Fwp%2Fv2%2Fmedia&parent=7971"}],"wp:term":[{"taxonomy":"category","embeddable":true,"href":"https:\/\/www.invarena.cz\/index.php?rest_route=%2Fwp%2Fv2%2Fcategories&post=7971"},{"taxonomy":"post_tag","embeddable":true,"href":"https:\/\/www.invarena.cz\/index.php?rest_route=%2Fwp%2Fv2%2Ftags&post=7971"}],"curies":[{"name":"wp","href":"https:\/\/api.w.org\/{rel}","templated":true}]}}