{"id":8019,"date":"2013-07-17T01:01:41","date_gmt":"2013-07-16T23:01:41","guid":{"rendered":"http:\/\/www.invarena.cz\/?p=8019"},"modified":"2013-07-17T13:08:47","modified_gmt":"2013-07-17T11:08:47","slug":"rusnokova-vlada-schvalila-zvyseni-minimalni-mzdy","status":"publish","type":"post","link":"https:\/\/www.invarena.cz\/?p=8019","title":{"rendered":"Rusnokova vl\u00e1da schv\u00e1lila zv\u00fd\u0161en\u00ed minim\u00e1ln\u00ed mzdy"},"content":{"rendered":"<p><strong>Minim\u00e1ln\u00ed mzda se od srpna zv\u00fd\u0161\u00ed na 8,5 tis\u00edce korun. Rozhodla o tom podle report\u00e1\u017ee \u010cesk\u00e9 televize vl\u00e1da Ji\u0159\u00edho Rusnoka.\u00a0Bude to probl\u00e9m pro zam\u011bstnavatele zdravotn\u011b posti\u017een\u00fdch?\u00a0 <\/strong><\/p>\n<p><!--more--><\/p>\n<p><strong>8 hodin pr\u00e1ce denn\u011b, 8 tis\u00edc m\u011bs\u00ed\u010dn\u011b na v\u00fdplatn\u00ed p\u00e1sce. Ivan Jav\u016frek z Ostravska bere za pr\u00e1ci na zahrad\u011b nejmen\u0161\u00ed mo\u017enou \u010d\u00e1stku. P\u00e1r stovek nav\u00edc by uv\u00edtal. <\/strong><\/p>\n<p>&#8222;Je to opravdu hr\u016fza za tu minim\u00e1ln\u00ed mzdu. Zdra\u017euje se, zvedaj\u00ed se furt dan\u011b nebo n\u011bco a je to dost t\u011b\u017ek\u00e9,&#8220; \u0159\u00edk\u00e1 Ivan Jav\u016frek.<\/p>\n<p><strong>Te\u010f by si pracovn\u00edci s nejni\u017e\u0161\u00edmi p\u0159\u00edjmy m\u011bli polep\u0161it. M\u00edsto 8 tis\u00edc na 8,5. Kdo m\u00e1 hodinovou sazbu, bude nov\u011b dost\u00e1vat 50 korun a 60 hal\u00e9\u0159\u016f. Jen\u017ee co je pro zam\u011bstnance vy\u0161\u0161\u00ed p\u0159\u00edjem, pro zam\u011bstnavatele znamen\u00e1 vy\u0161\u0161\u00ed v\u00fddaje a to m\u016f\u017ee b\u00fdt probl\u00e9m, t\u0159eba firmy, kter\u00e9 zam\u011bstn\u00e1vaj\u00ed lidi s r\u016fzn\u00fdmi handicapy. <\/strong><\/p>\n<p>&#8222;J\u00e1 bych jim dala v\u00edc, ale nen\u00ed z \u010deho,&#8220; \u0159ekla Petra Jir\u00e1\u0148ov\u00e1, mana\u017eerka soci\u00e1ln\u00ed firmy, Fokus Praha.<\/p>\n<p><strong>N\u00e1vrh ministerstva pr\u00e1ce a soci\u00e1ln\u00edch v\u011bc\u00ed proto po\u010d\u00edt\u00e1 s t\u00edm, \u017ee pro lidi se zdravotn\u00edm handicapem se nejni\u017e\u0161\u00ed mo\u017en\u00e1 odm\u011bna m\u011bnit nebude. Z\u016fstane na 8 tis\u00edc\u00edch. T\u0159eba Ond\u0159ej, p\u016fvodn\u011b technik, dnes i on d\u011bl\u00e1 zahradn\u00edka. Je v invalidn\u00edm d\u016fchodu a je r\u00e1d, \u017ee si vyd\u011bl\u00e1 alespo\u0148 n\u011bco. <\/strong><\/p>\n<p>&#8222;Zkou\u0161el jsem pr\u00e1ci sehnat na voln\u00e9m pracovn\u00edm trhu v roce 2002 a tehdy to bylo t\u0159i\u010dtvrt\u011b roku ustavi\u010dn\u00e9ho hled\u00e1n\u00ed, denn\u00edho obes\u00edl\u00e1n\u00ed mailov\u00fdch adres,&#8220; \u0159\u00edk\u00e1\u00a0Ond\u0159ej.<\/p>\n<p>Pavel Mr\u00e1zek, \u0159editel odboru legislativy, informac\u00ed a poradenstv\u00ed HK \u010cR v relaci Radio\u017eurn\u00e1l uvedl, \u017ee &#8222;V podstat\u011b existuj\u00ed des\u00edtky zam\u011bstnavatel\u016f ve v\u0161ech regionech, kte\u0159\u00ed zam\u011bstn\u00e1vaj\u00ed z 90 % n\u00edzko p\u0159\u00edjmov\u00e9 skupiny obyvatel a pr\u00e1v\u011b u t\u011bchto lze p\u0159edpokl\u00e1dat, kdy ty n\u00e1klady b\u011b\u017en\u011b \u010din\u00ed p\u0159es 50 % a ty mzdov\u00e9 n\u00e1klady, tak lze p\u0159edpokl\u00e1dat, \u017ee \u0159\u00e1dov\u011b 3 % o 3 % se mohou zv\u00fd\u0161it celkov\u00e9 n\u00e1klady, co\u017e u podniku, kter\u00e9 u\u017e te\u010f jsou ve ztr\u00e1t\u011b nebo na hranici ztr\u00e1ty, ten jejich ekonomick\u00fd propad je\u0161t\u011b prohloub\u00ed.&#8220;<\/p>\n<p>Jan V\u00edzner, p\u0159edseda Konfederace zam\u011bstnavatel\u016f \u0159ekl: &#8222;Probl\u00e9my m\u00e1me u zdravotn\u011b posti\u017een\u00fdch. Nev\u00edm, jak to vl\u00e1da schv\u00e1lila, pon\u011bvad\u017e tam\u00a0 jsme se dohadovali pr\u00e1v\u011b na tripartit\u011b, \u017ee by to z\u016fstalo u zdravotn\u011b posti\u017een\u00fdch bez nav\u00fd\u0161en\u00ed na n\u011bjakou dobu, ne\u017e se do\u0159e\u0161\u00ed cel\u00e1 ta dota\u010dn\u00ed politika, kter\u00e1 souvis\u00ed se zam\u011bstn\u00e1v\u00e1n\u00edm zdravotn\u011b posti\u017een\u00fdch. Na to nakonec p\u0159istoupily i odbory, \u017ee by to bylo ohrani\u010den\u00fd prost\u011b n\u011bjakou dobou.<\/p>\n<p>Josef St\u0159edula, p\u0159edseda Odborov\u00e9ho svazu KOVO, uvedl:&#8220;Tady jsou dva velmi d\u016fle\u017eit\u00e9 probl\u00e9my, ta prvn\u00ed v\u011bc je zp\u016fsob, jak se st\u00e1t chov\u00e1 v\u016f\u010di t\u011bm firm\u00e1m, kter\u00e9 zam\u011bstn\u00e1vaj\u00ed zdravotn\u011b posti\u017een\u00e9. J\u00e1 jsem m\u011bl tak\u00e9 telefon\u00e1ty, kde si lid\u00e9 st\u011b\u017eovali z takov\u00e9 firmy a \u0159\u00edkali, \u017ee kdy\u017e nav\u00fd\u0161\u00ed minim\u00e1ln\u00ed mzdu vl\u00e1da na 8500 nebo 8600 korun, tak oni p\u0159ijdou o pr\u00e1ci. A tak jsem se jich rovnou zeptal, zdali nen\u00ed probl\u00e9m v tom, \u017ee n\u011bkdo se vymlouv\u00e1 na minim\u00e1ln\u00ed mzdu, proto\u017ee m\u00e1 n\u00edzkou dotaci a nehodl\u00e1 se v\u016f\u010di st\u00e1tu op\u0159\u00edt a \u0159\u00edct &#8211; v\u00e1\u017een\u00ed, tady je pot\u0159eba se s t\u00edm v\u00e1\u017en\u011b zab\u00fdvat, proto\u017ee m\u00e1me &#8230;&#8220;<\/p>\n<p><strong>A je to tak, dostalo se v\u00e1m t\u00e9 odpov\u011bdi?<\/strong><\/p>\n<p>St\u0159edula:&#8220;Ano, je to skute\u010dn\u011b tak. Nejde o v\u00fd\u0161i minim\u00e1ln\u00ed mzdy, to jsou ve v\u011bt\u0161in\u011b p\u0159\u00edpad\u016f v\u00fdmluvy. Skute\u010dn\u00fd probl\u00e9m je v tom syst\u00e9mu poskytov\u00e1n\u00ed podpor t\u011bmto subjekt\u016fm, kter\u00e9 zam\u011bstn\u00e1vaj\u00ed zdravotn\u011b posti\u017een\u00e9. Tak\u017ee to je ten prvn\u00ed probl\u00e9m. A co se t\u00fdk\u00e1 t\u00e9 lh\u016fty, my jsme hledali mo\u017enosti, aby ten n\u00e1vrh byl konsensu\u00e1ln\u00ed spolu se zam\u011bstnavateli, tak\u017ee potvrzuju to, co \u0159\u00edkal pan prezident V\u00edzner.&#8220;<\/p>\n<p>podle report\u00e1\u017ee \u010cT a Radio\u017eurn\u00e1lu zaznamenala invArena<\/p>\n<p>&nbsp;<\/p>\n","protected":false},"excerpt":{"rendered":"<div class=\"mh-excerpt\"><p>Minim\u00e1ln\u00ed mzda se od srpna zv\u00fd\u0161\u00ed na 8,5 tis\u00edce korun. Rozhodla o tom podle report\u00e1\u017ee \u010cesk\u00e9 televize vl\u00e1da Ji\u0159\u00edho Rusnoka.\u00a0Bude to probl\u00e9m pro zam\u011bstnavatele zdravotn\u011b <a class=\"mh-excerpt-more\" href=\"https:\/\/www.invarena.cz\/?p=8019\" title=\"Rusnokova vl\u00e1da schv\u00e1lila zv\u00fd\u0161en\u00ed minim\u00e1ln\u00ed mzdy\">[&#8230;]<\/a><\/p>\n<\/div>","protected":false},"author":1,"featured_media":0,"comment_status":"open","ping_status":"open","sticky":false,"template":"","format":"standard","meta":{"footnotes":""},"categories":[1],"tags":[],"class_list":["post-8019","post","type-post","status-publish","format-standard","hentry","category-nezarazene"],"_links":{"self":[{"href":"https:\/\/www.invarena.cz\/index.php?rest_route=\/wp\/v2\/posts\/8019","targetHints":{"allow":["GET"]}}],"collection":[{"href":"https:\/\/www.invarena.cz\/index.php?rest_route=\/wp\/v2\/posts"}],"about":[{"href":"https:\/\/www.invarena.cz\/index.php?rest_route=\/wp\/v2\/types\/post"}],"author":[{"embeddable":true,"href":"https:\/\/www.invarena.cz\/index.php?rest_route=\/wp\/v2\/users\/1"}],"replies":[{"embeddable":true,"href":"https:\/\/www.invarena.cz\/index.php?rest_route=%2Fwp%2Fv2%2Fcomments&post=8019"}],"version-history":[{"count":0,"href":"https:\/\/www.invarena.cz\/index.php?rest_route=\/wp\/v2\/posts\/8019\/revisions"}],"wp:attachment":[{"href":"https:\/\/www.invarena.cz\/index.php?rest_route=%2Fwp%2Fv2%2Fmedia&parent=8019"}],"wp:term":[{"taxonomy":"category","embeddable":true,"href":"https:\/\/www.invarena.cz\/index.php?rest_route=%2Fwp%2Fv2%2Fcategories&post=8019"},{"taxonomy":"post_tag","embeddable":true,"href":"https:\/\/www.invarena.cz\/index.php?rest_route=%2Fwp%2Fv2%2Ftags&post=8019"}],"curies":[{"name":"wp","href":"https:\/\/api.w.org\/{rel}","templated":true}]}}