{"id":8038,"date":"2013-07-18T10:26:17","date_gmt":"2013-07-18T08:26:17","guid":{"rendered":"http:\/\/www.invarena.cz\/?p=8038"},"modified":"2013-07-18T10:26:17","modified_gmt":"2013-07-18T08:26:17","slug":"ctyri-z-deseti-cechu-trpi-stresem-v-praci","status":"publish","type":"post","link":"https:\/\/www.invarena.cz\/?p=8038","title":{"rendered":"\u010cty\u0159i z deseti \u010cech\u016f trp\u00ed stresem v pr\u00e1ci"},"content":{"rendered":"<p><strong>Stresem v pr\u00e1ci trp\u00ed \u010dty\u0159i z deseti \u010cech\u016f a v\u00edce ne\u017e polovina z nich ho poci\u0165uje n\u011bkolikr\u00e1t do t\u00fddne. Mezi nejv\u011bt\u0161\u00ed spou\u0161t\u011b\u010de pat\u0159\u00ed mezilidsk\u00e9 vztahy na pracovi\u0161ti, nep\u0159im\u011b\u0159en\u00e9 pracovn\u00ed zat\u00ed\u017een\u00ed a nedostate\u010dn\u00e9 ohodnocen\u00ed pr\u00e1ce. Vypl\u00fdv\u00e1 to z pr\u016fzkumu spole\u010dnosti GfK.<\/strong><\/p>\n<p><!--more--><\/p>\n<p>Alespo\u0148 jednou t\u00fddn\u011b za\u017e\u00edvaj\u00ed stres v\u00edce ne\u017e t\u0159i \u010dtvrtiny \u010cech\u016f.<\/p>\n<p>Stresov\u00fdmi situacemi trp\u00ed v\u00edce zam\u011bstnanci na vedouc\u00edch pozic\u00edch ne\u017e \u0159adov\u00ed pracovn\u00edci. Nap\u011bt\u00ed v pr\u00e1ci za\u017e\u00edvaj\u00ed p\u0159edev\u0161\u00edm vysoko\u0161kolsky vzd\u011blan\u00ed lid\u00e9, je to 57 procent z nich. V\u00edce jsou stresovan\u00ed mu\u017ei ne\u017e \u017eeny, uvedla Eva Vl\u010dkov\u00e1 z GfK.<\/p>\n<p>V\u00fd\u0161e postaven\u00ed zam\u011bstnanci trp\u00ed p\u0159edev\u0161\u00edm jednor\u00e1zov\u00fdm tlakem. Mezi \u0159adov\u00fdmi zam\u011bstnanci je po\u010det stresovan\u00fdch osob men\u0161\u00ed, v jejich p\u0159\u00edpad\u011b jde ale v\u00edce o stres permanentn\u00ed.<\/p>\n<p>T\u00e9m\u011b\u0159 polovina lid\u00ed za\u017e\u00edvaj\u00edc\u00edch nap\u011bt\u00ed v pr\u00e1ci pova\u017euje za spou\u0161t\u011b\u010d p\u0159edev\u0161\u00edm mezilidsk\u00e9 vztahy. Druh\u00fdm stresov\u00fdm faktorem je nep\u0159im\u011b\u0159en\u00e9 pracovn\u00ed zat\u00ed\u017een\u00ed a t\u0159et\u00edm nedostate\u010dn\u00e9 odhodnocen\u00ed v pr\u00e1ci. Z dal\u0161\u00edch faktor\u016f, kter\u00e9 zp\u016fsobuj\u00ed stres, pr\u016fzkum zmi\u0148uje nejistotu zam\u011bstn\u00e1n\u00ed, propou\u0161t\u011bn\u00ed, reorganizaci, nedostate\u010dnou komunikace v r\u00e1mci firmy a nedostate\u010dn\u011b vymezen\u00e9 \u00fakoly a povinnosti.<\/p>\n<p>\u010ce\u0161i se sna\u017e\u00ed zm\u00edrnit pracovn\u00ed nap\u011bt\u00ed pomoc\u00ed pozitivn\u00edho my\u0161len\u00ed, p\u0159est\u00e1vkami v pr\u00e1ci, fyzick\u00fdm pohybem a pit\u00edm k\u00e1vy nebo energetick\u00fdch n\u00e1poj\u016f, plyne rovn\u011b\u017e z pr\u016fzkumu.<\/p>\n<p>V \u010cesku trp\u00ed stresem v zam\u011bstn\u00e1n\u00ed m\u00e9n\u011b lid\u00ed ne\u017e na Slovensku, kde poci\u0165uje pracovn\u00ed stres t\u00e9m\u011b\u0159 60 procent zam\u011bstnanc\u016f.<\/p>\n<p>Online pr\u016fzkumu spole\u010dnosti GfK se v \u010cR z\u00fa\u010dastnilo 800 respondent\u016f.<\/p>\n<p>&nbsp;<\/p>\n","protected":false},"excerpt":{"rendered":"<div class=\"mh-excerpt\"><p>Stresem v pr\u00e1ci trp\u00ed \u010dty\u0159i z deseti \u010cech\u016f a v\u00edce ne\u017e polovina z nich ho poci\u0165uje n\u011bkolikr\u00e1t do t\u00fddne. Mezi nejv\u011bt\u0161\u00ed spou\u0161t\u011b\u010de pat\u0159\u00ed mezilidsk\u00e9 vztahy <a class=\"mh-excerpt-more\" href=\"https:\/\/www.invarena.cz\/?p=8038\" title=\"\u010cty\u0159i z deseti \u010cech\u016f trp\u00ed stresem v pr\u00e1ci\">[&#8230;]<\/a><\/p>\n<\/div>","protected":false},"author":1,"featured_media":0,"comment_status":"open","ping_status":"open","sticky":false,"template":"","format":"standard","meta":{"footnotes":""},"categories":[7],"tags":[],"class_list":["post-8038","post","type-post","status-publish","format-standard","hentry","category-spolecnost"],"_links":{"self":[{"href":"https:\/\/www.invarena.cz\/index.php?rest_route=\/wp\/v2\/posts\/8038","targetHints":{"allow":["GET"]}}],"collection":[{"href":"https:\/\/www.invarena.cz\/index.php?rest_route=\/wp\/v2\/posts"}],"about":[{"href":"https:\/\/www.invarena.cz\/index.php?rest_route=\/wp\/v2\/types\/post"}],"author":[{"embeddable":true,"href":"https:\/\/www.invarena.cz\/index.php?rest_route=\/wp\/v2\/users\/1"}],"replies":[{"embeddable":true,"href":"https:\/\/www.invarena.cz\/index.php?rest_route=%2Fwp%2Fv2%2Fcomments&post=8038"}],"version-history":[{"count":0,"href":"https:\/\/www.invarena.cz\/index.php?rest_route=\/wp\/v2\/posts\/8038\/revisions"}],"wp:attachment":[{"href":"https:\/\/www.invarena.cz\/index.php?rest_route=%2Fwp%2Fv2%2Fmedia&parent=8038"}],"wp:term":[{"taxonomy":"category","embeddable":true,"href":"https:\/\/www.invarena.cz\/index.php?rest_route=%2Fwp%2Fv2%2Fcategories&post=8038"},{"taxonomy":"post_tag","embeddable":true,"href":"https:\/\/www.invarena.cz\/index.php?rest_route=%2Fwp%2Fv2%2Ftags&post=8038"}],"curies":[{"name":"wp","href":"https:\/\/api.w.org\/{rel}","templated":true}]}}