{"id":8161,"date":"2013-08-26T11:49:27","date_gmt":"2013-08-26T09:49:27","guid":{"rendered":"http:\/\/www.invarena.cz\/?p=8161"},"modified":"2013-08-26T11:52:39","modified_gmt":"2013-08-26T09:52:39","slug":"charita-planuje-obchody-pro-chude","status":"publish","type":"post","link":"https:\/\/www.invarena.cz\/?p=8161","title":{"rendered":"Charita pl\u00e1nuje obchody pro soci\u00e1ln\u011b slab\u00e9"},"content":{"rendered":"<p><strong>Arcidiec\u00e9zn\u00ed charita Praha chyst\u00e1 v St\u0159edo\u010desk\u00e9m kraji otev\u00edrat tzv. obchody pro chud\u00e9. Ti by zde mohli nakupovat za velmi n\u00edzk\u00e9 ceny, t\u0159eba jen \u010dtvrtinov\u00e9 oproti cen\u00e1m v jin\u00fdch obchodech.<\/strong><\/p>\n<p><!--more--><\/p>\n<p>V St\u010d. kraji m\u00e1 v budoucnu &#8211; mo\u017en\u00e1 ji\u017e v p\u0159\u00ed\u0161t\u00edm roce &#8211; vzniknout s\u00ed\u0165 obchod\u016f, kde mohou soci\u00e1ln\u011b slab\u00ed lid\u00e9, mezi n\u011b\u017e pat\u0159\u00ed mnoho invalid\u016f, nakupovat prakticky stejn\u00e9 zbo\u017e\u00ed jako v b\u011b\u017en\u00fdch supermarketech, ale t\u0159eba za \u010dtvrtinov\u00e9 ceny.<\/p>\n<p>Takov\u00e9 sozialmarkety ji\u017e existuj\u00ed v Rakousku, kde za\u017e\u00edvaj\u00ed velk\u00fd rozvoj.<\/p>\n<p>&#8222;My bychom r\u00e1di na podobn\u00e9m projektu za\u010dali pracovat od za\u010d\u00e1tku p\u0159\u00ed\u0161t\u00edho roku, zdr\u017eely n\u00e1s povodn\u011b a starosti s financov\u00e1n\u00edm. Je to slo\u017eit\u00e1 v\u011bc, kter\u00e1 vy\u017eaduje d\u016fkladnou p\u0159\u00edpravu,&#8220; \u0159ekl\u00a0\u0159editel pra\u017esk\u00e9 charity Jaroslav N\u011bmec.<\/p>\n<p>I kdy\u017e v \u010cesku ji\u017e existuj\u00ed obchody, kter\u00e9 nab\u00edzej\u00ed levn\u00e9 zbo\u017e\u00ed, zejm\u00e9na potraviny t\u011bsn\u011b p\u0159ed vypr\u0161en\u00edm z\u00e1ru\u010dn\u00ed lh\u016fty, klasick\u00fd obchod pro chud\u00e9 podle vzoru rakousk\u00fdch sozialmarket\u016f, kde mohou nakupovat jen soci\u00e1ln\u011b slab\u00ed a nikdo jin\u00fd, tady chyb\u00ed.<\/p>\n<p>V Rakousku v nich toti\u017e mohou nakupovat pouze lid\u00e9, kte\u0159\u00ed prok\u00e1\u017e\u00ed, \u017ee jejich celkov\u00fd p\u0159\u00edjem nedosahuje ur\u010dit\u00e9 stanoven\u00e9 hranice, a to ne v\u00edc ne\u017e v p\u0159epo\u010dtu 22 500 korun \u010dist\u00e9ho.<\/p>\n<p>Prokazov\u00e1n\u00ed p\u0159\u00edjm\u016f v\u0161ak m\u016f\u017ee b\u00fdt v \u010cesku probl\u00e9m a proto je\u0161t\u011b realizace projektu nen\u00ed zcela jist\u00e1. Bude tak\u00e9 nutn\u00e9 p\u0159esv\u011bd\u010dit st\u00e1vaj\u00edc\u00ed \u0159et\u011bzce supermarket\u016f a v\u00fdrobce potravin, \u017ee obchody pro chud\u00e9 pro n\u011b nep\u0159edstavuj\u00ed \u017e\u00e1dnou nekalou konkurenci.<\/p>\n<p>P\u0159\u00edklad Rakouska nicm\u00e9n\u011b dokazuje, \u017ee probl\u00e9my spojen\u00e9 s provozem sozialmarket\u016f lze vy\u0159e\u0161it. Prvn\u00ed obchod pro chud\u00e9 charitativn\u00ed spole\u010dnosti SOMA byl otev\u0159en p\u0159ed 14 lety, dnes jich v cel\u00e9m Rakousku funguje 56 a dal\u0161\u00ed p\u0159ib\u00fdvaj\u00ed.<\/p>\n<p>V cel\u00e9m Rakousku v nich nakupuje zhruba 60 000 lid\u00ed.<\/p>\n<p>\u010c\u00e1st zbo\u017e\u00ed dod\u00e1vaj\u00ed sponzo\u0159i, \u010d\u00e1st poch\u00e1z\u00ed z klasick\u00fdch supermarket\u016f. Jedn\u00e1 se p\u0159itom o potraviny nebo hygienick\u00e9 pot\u0159eby t\u011bsn\u011b p\u0159ed vypr\u0161en\u00ed z\u00e1ru\u010dn\u00ed lh\u016fty nebo doby trvanlivosti.<\/p>\n<p>Vedle potravin ale obchody pro chud\u00e9 nab\u00edzej\u00ed nap\u0159\u00edklad i oble\u010den\u00ed, hra\u010dky \u010di \u010distic\u00ed prost\u0159edky. A ceny jsou oproti b\u011b\u017en\u00e9 obchodn\u00ed s\u00edti ni\u017e\u0161\u00ed minim\u00e1ln\u011b o dv\u011b t\u0159etiny, v\u011bt\u0161inou ale le\u017e\u00ed je\u0161t\u011b mnohem n\u00ed\u017ee.<\/p>\n<p>V Rakousku tak v SOMA &#8211; Sozialmarktu nap\u0159. litr ml\u00e9ka stoj\u00ed v p\u0159epo\u010dtu kolem osmi korun, ceny jogurt\u016f se pohybuj\u00ed mezi 2,50 a\u017e p\u011bti K\u010d, kilo chleba p\u0159ijde na p\u011bt korun.<\/p>\n<p>Aby se zabr\u00e1nilo p\u0159ekupov\u00e1n\u00ed levn\u00fdch potravin \u010dili aby si je ka\u017ed\u00fd kupoval jen pro vlastn\u00ed pot\u0159ebu a d\u00e1l je nep\u0159eprod\u00e1val, m\u016f\u017ee si v Rakousku ka\u017ed\u00fd z\u00e1kazn\u00edk nakoupit v sozialmarketu zbo\u017e\u00ed za maxim\u00e1ln\u011b 35 eur t\u00fddn\u011b, p\u0159i\u010dem\u017e nakupovat m\u016f\u017ee nejv\u00edce t\u0159ikr\u00e1t v t\u00fddnu.<\/p>\n<p>Omezen\u00ed pro nakoupen\u00e9 zbo\u017e\u00ed na osobu se tak daj\u00ed o\u010dek\u00e1vat i u chystan\u00fdch soci\u00e1ln\u00edch obchod\u016f v \u010cesku, kde se p\u0159edpokl\u00e1d\u00e1, \u017ee n\u00e1kupy se budou evidovat a kontrolovat.<\/p>\n","protected":false},"excerpt":{"rendered":"<div class=\"mh-excerpt\"><p>Arcidiec\u00e9zn\u00ed charita Praha chyst\u00e1 v St\u0159edo\u010desk\u00e9m kraji otev\u00edrat tzv. obchody pro chud\u00e9. Ti by zde mohli nakupovat za velmi n\u00edzk\u00e9 ceny, t\u0159eba jen \u010dtvrtinov\u00e9 oproti <a class=\"mh-excerpt-more\" href=\"https:\/\/www.invarena.cz\/?p=8161\" title=\"Charita pl\u00e1nuje obchody pro soci\u00e1ln\u011b slab\u00e9\">[&#8230;]<\/a><\/p>\n<\/div>","protected":false},"author":1,"featured_media":1606,"comment_status":"open","ping_status":"open","sticky":false,"template":"","format":"standard","meta":{"footnotes":""},"categories":[7],"tags":[],"class_list":["post-8161","post","type-post","status-publish","format-standard","has-post-thumbnail","hentry","category-spolecnost"],"_links":{"self":[{"href":"https:\/\/www.invarena.cz\/index.php?rest_route=\/wp\/v2\/posts\/8161","targetHints":{"allow":["GET"]}}],"collection":[{"href":"https:\/\/www.invarena.cz\/index.php?rest_route=\/wp\/v2\/posts"}],"about":[{"href":"https:\/\/www.invarena.cz\/index.php?rest_route=\/wp\/v2\/types\/post"}],"author":[{"embeddable":true,"href":"https:\/\/www.invarena.cz\/index.php?rest_route=\/wp\/v2\/users\/1"}],"replies":[{"embeddable":true,"href":"https:\/\/www.invarena.cz\/index.php?rest_route=%2Fwp%2Fv2%2Fcomments&post=8161"}],"version-history":[{"count":0,"href":"https:\/\/www.invarena.cz\/index.php?rest_route=\/wp\/v2\/posts\/8161\/revisions"}],"wp:featuredmedia":[{"embeddable":true,"href":"https:\/\/www.invarena.cz\/index.php?rest_route=\/wp\/v2\/media\/1606"}],"wp:attachment":[{"href":"https:\/\/www.invarena.cz\/index.php?rest_route=%2Fwp%2Fv2%2Fmedia&parent=8161"}],"wp:term":[{"taxonomy":"category","embeddable":true,"href":"https:\/\/www.invarena.cz\/index.php?rest_route=%2Fwp%2Fv2%2Fcategories&post=8161"},{"taxonomy":"post_tag","embeddable":true,"href":"https:\/\/www.invarena.cz\/index.php?rest_route=%2Fwp%2Fv2%2Ftags&post=8161"}],"curies":[{"name":"wp","href":"https:\/\/api.w.org\/{rel}","templated":true}]}}