{"id":8163,"date":"2013-07-23T10:33:24","date_gmt":"2013-07-23T08:33:24","guid":{"rendered":"http:\/\/www.invarena.cz\/?p=8163"},"modified":"2013-07-23T10:34:19","modified_gmt":"2013-07-23T08:34:19","slug":"poslali-zpet-do-prace-150-bezdomovcu-za-25-mil-korun","status":"publish","type":"post","link":"https:\/\/www.invarena.cz\/?p=8163","title":{"rendered":"Poslali zp\u011bt do pr\u00e1ce 150 bezdomovc\u016f \u2013 za 25 milion\u016f korun"},"content":{"rendered":"<p><strong>Celkem 1471 bezdomovc\u016f se zapojilo do projektu \u00bbZp\u011bt do pr\u00e1ce\u00ab, kter\u00fd mapoval pracovn\u00ed schopnosti a p\u0159ipravenost pra\u017esk\u00fdch bezdomovc\u016f pracovat a p\u0159inesl pr\u00e1ci 150 z nich, p\u0159itom 102 pracovalo nejm\u00e9n\u011b t\u0159i m\u011bs\u00edce.<\/strong><\/p>\n<p><!--more--><\/p>\n<p>Rozpo\u010det projektu pra\u017esk\u00e9ho magistr\u00e1tu, Evropsk\u00e9ho soci\u00e1ln\u00edho fondu a spole\u010dnosti Projekt Integrace je pl\u00e1nov\u00e1n od \u010dervna 2011 do leto\u0161n\u00edho srpna v sum\u011b 25,3 mil. K\u010d.<\/p>\n<p>V r\u00e1mci projektu byli bezdomovci vyhled\u00e1v\u00e1n\u00ed, kontaktov\u00e1ni, dotazov\u00e1ni a nab\u00edzeno jim bylo poskytnut\u00ed informac\u00ed a poradenstv\u00ed v Job klubu, tr\u00e9nink kl\u00ed\u010dov\u00fdch kompetenc\u00ed a pracovn\u00edch dovednost\u00ed, rekvalifikace a nakonec i brig\u00e1dy a podporovan\u00e9 zam\u011bstn\u00e1n\u00ed.<\/p>\n<p>Stovka jich v r\u00e1mci projektu odpov\u011bd\u011bla na speci\u00e1ln\u00ed dotazn\u00edk, kter\u00fd individu\u00e1ln\u00edmi a skupinov\u00fdmi rozhovory a psychodiagnostick\u00fdmi testy zji\u0161\u0165oval od rodinn\u00fdch pom\u011br\u016f a d\u016fvod\u016f bezdomovectv\u00ed a\u017e po jejich motivace a \u0161ir\u0161\u00ed psychologick\u00fd obraz.<\/p>\n<p>Magistr\u00e1t odhaduje po\u010det zjevn\u00fdch bezdomovc\u016f na 2500, v obdobn\u00e9m po\u010dtu se ale vyskytuj\u00ed je\u0161t\u011b \u00bbneviditeln\u00ed\u00ab bezdomovci na ubytovn\u00e1ch \u010di \u00bbna\u010derno\u00ab kdesi bydl\u00edc\u00edch.<\/p>\n<p>Nov\u00e1 koncepce m\u00e1 p\u0159in\u00e9st prevenci, soci\u00e1ln\u00ed slu\u017eby a n\u00e1vazn\u00e9 a dopl\u0148kov\u00e9 slu\u017eby, zejm\u00e9na v oblasti zdravotn\u00ed p\u00e9\u010de, nebo\u0165 \u0159ada l\u00e9ka\u0159\u016f bezdomovce odm\u00edt\u00e1. Probl\u00e9m zhor\u0161uje zv\u00fd\u0161en\u00fd v\u00fdskyt psychopatologick\u00fdch rys\u016f \u2013 alkoholismus, narkomanie, hlu\u010dnost.<\/p>\n<p>Jak sd\u011blil Petr Knop, \u0159editel spole\u010dnosti Projekt integrace, do Job klubu se dostavila tis\u00edcovka bezdomovc\u016f, v\u00edce ne\u017e 400 jich p\u0159i\u0161lo v\u00edcekr\u00e1t, \u010d\u00e1st v\u0161ak sp\u00ed\u0161e posed\u011bt, rozmlouvat a n\u011bco poj\u00edst, ne\u017e na nab\u00edzen\u00fdch deseti po\u010d\u00edta\u010d\u00edch hledat informace o zam\u011bstn\u00e1n\u00ed apod.<\/p>\n<p>Aktivist\u00e9 shrom\u00e1\u017edili \u0159adu poznatk\u016f o zadlu\u017een\u00ed bezdomovc\u016f, d\u016fvodech a zp\u016fsobu jejich p\u00e1du na dno, o jejich nemocech, neur\u00f3z\u00e1ch (mnoho by jich pot\u0159ebobalo psychologickou \u010di psychiatrickou pomoc) atd.<\/p>\n<p>Slovn\u011b sice bezdomovci vyjad\u0159ovali nespokojenost se sv\u00fdm stavem (96 % z nich) a ochotu pracovat, ale re\u00e1ln\u00e9 kroky jich \u010dinilo podstatn\u011b m\u00e9n\u011b (odhadem 30 % jich fakticky necht\u011blo stav zm\u011bnit). Nab\u00edzen\u00e1 pr\u00e1ce se t\u00fdkala ostrahy, \u00faklidu, stavebn\u00edch \u010dinnosti (zhruba okolo 60 K\u010d\/hod.).<\/p>\n<p>Z\u00e1jem projevilo 30 zam\u011bstnavatel\u016f \u2013 mohli b\u00fdt podpo\u0159eni vykryt\u00edm 40 % mzdov\u00fdch n\u00e1klad\u016f, tj. 3200 K\u010d p\u0159i minim\u00e1ln\u00ed mzd\u011b.<\/p>\n<p>Nejv\u011bt\u0161\u00ed n\u00e1klady spot\u0159ebovalo vyhled\u00e1n\u00ed bezdomovc\u016f a mapov\u00e1n\u00ed jejich pot\u0159eb (4,7 mil. K\u010d), provoz Job klubu (4,4 mil. K\u010d) a podporovan\u00e9 zam\u011bstn\u00e1n\u00ed (4,0 mil., kter\u00e9 nep\u0159edstavuj\u00ed jen zm\u00edn\u011bnou dotaci zam\u011bstnavatel\u016fm, ale i mzdy aktivist\u016f, kte\u0159\u00ed pr\u00e1ci zprost\u0159edkov\u00e1vali).<\/p>\n<p>Hal\u00f3 noviny<\/p>\n","protected":false},"excerpt":{"rendered":"<div class=\"mh-excerpt\"><p>Celkem 1471 bezdomovc\u016f se zapojilo do projektu \u00bbZp\u011bt do pr\u00e1ce\u00ab, kter\u00fd mapoval pracovn\u00ed schopnosti a p\u0159ipravenost pra\u017esk\u00fdch bezdomovc\u016f pracovat a p\u0159inesl pr\u00e1ci 150 z nich, <a class=\"mh-excerpt-more\" href=\"https:\/\/www.invarena.cz\/?p=8163\" title=\"Poslali zp\u011bt do pr\u00e1ce 150 bezdomovc\u016f \u2013 za 25 milion\u016f korun\">[&#8230;]<\/a><\/p>\n<\/div>","protected":false},"author":1,"featured_media":3558,"comment_status":"open","ping_status":"open","sticky":false,"template":"","format":"standard","meta":{"footnotes":""},"categories":[7],"tags":[],"class_list":["post-8163","post","type-post","status-publish","format-standard","has-post-thumbnail","hentry","category-spolecnost"],"_links":{"self":[{"href":"https:\/\/www.invarena.cz\/index.php?rest_route=\/wp\/v2\/posts\/8163","targetHints":{"allow":["GET"]}}],"collection":[{"href":"https:\/\/www.invarena.cz\/index.php?rest_route=\/wp\/v2\/posts"}],"about":[{"href":"https:\/\/www.invarena.cz\/index.php?rest_route=\/wp\/v2\/types\/post"}],"author":[{"embeddable":true,"href":"https:\/\/www.invarena.cz\/index.php?rest_route=\/wp\/v2\/users\/1"}],"replies":[{"embeddable":true,"href":"https:\/\/www.invarena.cz\/index.php?rest_route=%2Fwp%2Fv2%2Fcomments&post=8163"}],"version-history":[{"count":0,"href":"https:\/\/www.invarena.cz\/index.php?rest_route=\/wp\/v2\/posts\/8163\/revisions"}],"wp:featuredmedia":[{"embeddable":true,"href":"https:\/\/www.invarena.cz\/index.php?rest_route=\/wp\/v2\/media\/3558"}],"wp:attachment":[{"href":"https:\/\/www.invarena.cz\/index.php?rest_route=%2Fwp%2Fv2%2Fmedia&parent=8163"}],"wp:term":[{"taxonomy":"category","embeddable":true,"href":"https:\/\/www.invarena.cz\/index.php?rest_route=%2Fwp%2Fv2%2Fcategories&post=8163"},{"taxonomy":"post_tag","embeddable":true,"href":"https:\/\/www.invarena.cz\/index.php?rest_route=%2Fwp%2Fv2%2Ftags&post=8163"}],"curies":[{"name":"wp","href":"https:\/\/api.w.org\/{rel}","templated":true}]}}