{"id":8392,"date":"2013-07-26T13:25:29","date_gmt":"2013-07-26T11:25:29","guid":{"rendered":"http:\/\/www.invarena.cz\/?p=8392"},"modified":"2013-07-26T13:24:15","modified_gmt":"2013-07-26T11:24:15","slug":"zitnikova-jednala-s-ministrem-prace-konickem","status":"publish","type":"post","link":"https:\/\/www.invarena.cz\/?p=8392","title":{"rendered":"\u017ditn\u00edkov\u00e1 jednala s ministrem pr\u00e1ce Kon\u00ed\u010dkem"},"content":{"rendered":"<p><strong>S ministrem pr\u00e1ce a soci\u00e1ln\u00edch v\u011bc\u00ed Franti\u0161kem Kon\u00ed\u010dkem (foto) jednala p\u0159edsedkyn\u011b Odborov\u00e9ho svazu zdravotnictv\u00ed a soci\u00e1ln\u00ed p\u00e9\u010de Dagmar \u017ditn\u00edkov\u00e1.\u00a0Kon\u00ed\u010dek p\u0159iznal, \u017ee jeho resort se zm\u00edt\u00e1 v t\u011b\u017ek\u00fdch probl\u00e9mech.\u00a0<\/strong><\/p>\n<p><!--more--><\/p>\n<p>P\u0159edsedkyn\u011b \u017ditn\u00edkov\u00e1 sezn\u00e1mila ministra s dlouhodob\u00fdm po\u017eadavkem odborov\u00e9ho svazu na zv\u00fd\u0161en\u00ed plat\u016f zam\u011bstnanc\u016fm v soci\u00e1ln\u00edch slu\u017eb\u00e1ch, informovala ho o probl\u00e9mech poskytov\u00e1n\u00ed o\u0161et\u0159ovatelsk\u00e9 p\u00e9\u010de v soci\u00e1ln\u00edch slu\u017eb\u00e1ch a o probl\u00e9mech s jej\u00ed \u00fahradou a upozornila na celkov\u00e9 podfinancov\u00e1n\u00ed soci\u00e1ln\u00edch slu\u017eeb.<\/p>\n<p>Jedn\u00e1n\u00ed bylo konstruktivn\u00ed a v\u011bcn\u00e9. Ministr resort zn\u00e1, na MPSV d\u0159\u00edve p\u016fsobil jako n\u00e1m\u011bstek a r\u00e1mcov\u011b se soci\u00e1ln\u00edm slu\u017eb\u00e1m v\u011bnoval p\u0159ed spu\u0161t\u011bn\u00edm z\u00e1kona \u010d. 108\/2006 Sb., o soci\u00e1ln\u00edch slu\u017eb\u00e1ch.<\/p>\n<p>Z\u00e1v\u011bry z jedn\u00e1n\u00ed byly konkr\u00e9tn\u00ed:<\/p>\n<p>\u25cf Ke zv\u00fd\u0161en\u00ed plat\u016f zam\u011bstnanc\u016f v soci\u00e1ln\u00edch slu\u017eb\u00e1ch si ministr Kon\u00ed\u010dek vy\u017e\u00e1d\u00e1 podklady od b\u00fdval\u00e9 ministryn\u011b Ludmily M\u00fcllerov\u00e9 a dal\u0161\u00ed jedn\u00e1n\u00ed s odbor\u00e1\u0159i povede po prostudov\u00e1n\u00ed materi\u00e1l\u016f.<\/p>\n<p>\u25cf Kv\u016fli poskytov\u00e1n\u00ed zdravotn\u00ed p\u00e9\u010de a jej\u00edm \u00fahrad\u00e1m se sejdou odborn\u00edci z obou ministerstev a budou hledat zp\u016fsoby \u0159e\u0161en\u00ed.<\/p>\n<p>\u25cf Pokud jde o financov\u00e1n\u00ed soci\u00e1ln\u00edch slu\u017eeb, ministr Kon\u00ed\u010dek chce, aby se vytvo\u0159ilo to, po \u010dem dlouhodob\u011b vol\u00e1 odborov\u00fd svaz: aby se ur\u010dily ceny za slu\u017eby a aby se stanovily priority.<\/p>\n<p>\u25cf Sou\u010dasn\u011b ministr povede dialog s kraji, aby bylo mo\u017en\u00e9 \u0159e\u0161it financov\u00e1n\u00ed soci\u00e1ln\u00edch slu\u017eeb p\u0159es n\u011b. Ministr Kon\u00ed\u010dek z\u00e1rove\u0148 chce, aby mu odbory sd\u011blily sv\u00e1 stanoviska k nejpal\u010div\u011bj\u0161\u00edm probl\u00e9m\u016fm, aby vyty\u010dily odborov\u00e9 priority a informovaly ho o tom, co pova\u017euj\u00ed za urgentn\u00ed.<\/p>\n<p>V t\u00e9to souvislosti p\u0159edsedkyn\u011b \u017ditn\u00edkov\u00e1 ministrovi sd\u011blila, \u017ee priority odborov\u00e9ho svazu jsou nem\u011bnn\u00e9 a \u017ee jimi jsou lid\u00e9, a to jak zam\u011bstnanci, tak tak\u00e9 klienti. Pou\u017eila p\u0159\u00edm\u011br \u010dlenky v\u00fdkonn\u00e9 rady odborov\u00e9ho svazu Jany Hnykov\u00e9, \u017ee dne\u0161n\u00ed zam\u011bstnanci s jejich n\u00edzk\u00fdmi platy nebudou m\u00edt na to, aby v budoucnosti byli klienty soci\u00e1ln\u00edch slu\u017eeb.<\/p>\n<p>Ministr Kon\u00ed\u010dek v \u0161ir\u0161\u00edm kontextu tak\u00e9 hovo\u0159il o probl\u00e9mech resortu MPSV jako celku. Situace dle jeho sd\u011blen\u00ed nen\u00ed dobr\u00e1, resort m\u00e1 obrovsk\u00e9 probl\u00e9my s vypl\u00e1cen\u00edm d\u00e1vek. Sn\u00ed\u017eily se stavy zam\u011bstnanc\u016f, nov\u00fd po\u010d\u00edta\u010dov\u00fd syst\u00e9m je nespolehliv\u00fd.<\/p>\n<p>\u00da\u0159ady pr\u00e1ce a sama jejich \u010dinnost je t\u00e9m\u011b\u0159 p\u0159ed kolapsem. V nov\u00fdch pr\u00e1vn\u00edch norm\u00e1ch jsou z\u00e1sadn\u00ed chyby, jednotliv\u00e9 platn\u00e9 z\u00e1kony jdou proti sob\u011b, lid\u00e9 jsou v nejistot\u011b.<\/p>\n<p>P\u0159edsedkyn\u011b \u017ditn\u00edkov\u00e1 ministrovi sd\u011blila, \u017ee odbory na v\u011bt\u0161inu chyb, o kter\u00fdch hovo\u0159il, upozor\u0148uj\u00ed ji\u017e n\u011bkolik let a \u017ee jejich p\u0159ipom\u00ednky je mo\u017en\u00e9 pou\u017e\u00edt k n\u00e1prav\u011b t\u011bch nejpal\u010div\u011bj\u0161\u00edch probl\u00e9m\u016f.<\/p>\n<p>V z\u00e1v\u011bru jedn\u00e1n\u00ed zazn\u011bla ze strany ministra nab\u00eddka, aby p\u0159edsedkyn\u011b OS roz\u0161\u00ed\u0159ila kolegium jeho poradc\u016f. Nab\u00eddku Dagmar \u017ditn\u00edkov\u00e1 p\u0159ijala.<\/p>\n<p>Sch\u016fzky se z\u00fa\u010dastnil tak\u00e9 p\u0159edseda \u010ceskomoravsk\u00e9 konfederace odborov\u00fdch svaz\u016f Jaroslav Zavadil.<\/p>\n<p>tiskov\u00e1 zpr\u00e1va<\/p>\n<p>Odborov\u00fd svaz zdravotnictv\u00ed a soci\u00e1ln\u00ed p\u00e9\u010de \u010cR<\/p>\n","protected":false},"excerpt":{"rendered":"<div class=\"mh-excerpt\"><p>S ministrem pr\u00e1ce a soci\u00e1ln\u00edch v\u011bc\u00ed Franti\u0161kem Kon\u00ed\u010dkem (foto) jednala p\u0159edsedkyn\u011b Odborov\u00e9ho svazu zdravotnictv\u00ed a soci\u00e1ln\u00ed p\u00e9\u010de Dagmar \u017ditn\u00edkov\u00e1.\u00a0Kon\u00ed\u010dek p\u0159iznal, \u017ee jeho resort se zm\u00edt\u00e1 <a class=\"mh-excerpt-more\" href=\"https:\/\/www.invarena.cz\/?p=8392\" title=\"\u017ditn\u00edkov\u00e1 jednala s ministrem pr\u00e1ce Kon\u00ed\u010dkem\">[&#8230;]<\/a><\/p>\n<\/div>","protected":false},"author":1,"featured_media":7845,"comment_status":"open","ping_status":"open","sticky":false,"template":"","format":"standard","meta":{"footnotes":""},"categories":[6],"tags":[],"class_list":["post-8392","post","type-post","status-publish","format-standard","has-post-thumbnail","hentry","category-politika"],"_links":{"self":[{"href":"https:\/\/www.invarena.cz\/index.php?rest_route=\/wp\/v2\/posts\/8392","targetHints":{"allow":["GET"]}}],"collection":[{"href":"https:\/\/www.invarena.cz\/index.php?rest_route=\/wp\/v2\/posts"}],"about":[{"href":"https:\/\/www.invarena.cz\/index.php?rest_route=\/wp\/v2\/types\/post"}],"author":[{"embeddable":true,"href":"https:\/\/www.invarena.cz\/index.php?rest_route=\/wp\/v2\/users\/1"}],"replies":[{"embeddable":true,"href":"https:\/\/www.invarena.cz\/index.php?rest_route=%2Fwp%2Fv2%2Fcomments&post=8392"}],"version-history":[{"count":0,"href":"https:\/\/www.invarena.cz\/index.php?rest_route=\/wp\/v2\/posts\/8392\/revisions"}],"wp:featuredmedia":[{"embeddable":true,"href":"https:\/\/www.invarena.cz\/index.php?rest_route=\/wp\/v2\/media\/7845"}],"wp:attachment":[{"href":"https:\/\/www.invarena.cz\/index.php?rest_route=%2Fwp%2Fv2%2Fmedia&parent=8392"}],"wp:term":[{"taxonomy":"category","embeddable":true,"href":"https:\/\/www.invarena.cz\/index.php?rest_route=%2Fwp%2Fv2%2Fcategories&post=8392"},{"taxonomy":"post_tag","embeddable":true,"href":"https:\/\/www.invarena.cz\/index.php?rest_route=%2Fwp%2Fv2%2Ftags&post=8392"}],"curies":[{"name":"wp","href":"https:\/\/api.w.org\/{rel}","templated":true}]}}