{"id":8530,"date":"2013-08-03T05:31:02","date_gmt":"2013-08-03T03:31:02","guid":{"rendered":"http:\/\/www.invarena.cz\/?p=8530"},"modified":"2014-10-20T20:09:44","modified_gmt":"2014-10-20T18:09:44","slug":"unos-a-superhrdinove-jako-terapie","status":"publish","type":"post","link":"https:\/\/www.invarena.cz\/?p=8530","title":{"rendered":"\u00danos a superhrdinov\u00e9 jako terapie"},"content":{"rendered":"<p><strong>Mladoboleslavsk\u00e9 Centrum 83, kter\u00e9 se star\u00e1 o 150 ment\u00e1ln\u011b posti\u017een\u00fdch klient\u016f, nato\u010dilo sci-fi film. Hraj\u00ed v n\u011bm sami klienti. Centrum tak vyu\u017e\u00edv\u00e1 st\u00e1le pou\u017e\u00edvan\u011bj\u0161\u00ed metodu arteterapie.<\/strong><\/p>\n<p><!--more--><\/p>\n<p>Zl\u00fd mimozem\u0161\u0165an za\u00fato\u010d\u00ed na Mladou Boleslav a unese Lu\u010fku Jir\u00e1nkovou, \u0159editelku Centra 83. To klienty centra rozezl\u00ed a uk\u00e1\u017eou svou pravou tv\u00e1\u0159, a sice tv\u00e1\u0159 superhrdin\u016f. Vyjdou do boje, mimozem\u0161\u0165ana poraz\u00ed, zachr\u00e1n\u00ed svou \u0159editelku a s n\u00ed i cel\u00e9 m\u011bsto p\u0159ed jistou zk\u00e1zou.<\/p>\n<p>\u017d\u00e1nrov\u00fd sci-fifilm bude m\u00edt premi\u00e9ru v Mlad\u00e9 Boleslavi 21. z\u00e1\u0159\u00ed. Nebude se v\u0161ak prom\u00edtat v multikin\u011b a herci nejsou zn\u00e1m\u00ed z televizn\u00edch obrazovek. Film je d\u00e1rkem ke 30. narozenin\u00e1m Centra 83, kter\u00e9 poskytuje soci\u00e1ln\u00ed slu\u017eby lidem s ment\u00e1ln\u00edm a kombinovan\u00fdm posti\u017een\u00edm od p\u0159ed\u0161koln\u00edho v\u011bku do dosp\u011blosti. A herci v n\u011bm jsou pr\u00e1v\u011b klienti centra.<\/p>\n<p>Autorem projektu je mladoboleslavsk\u00e9 ob\u010dansk\u00e9 sdru\u017een\u00ed T\u00e9ma dne. Na pomoc si p\u0159izvalo n\u011bkolik lid\u00ed z filmov\u00e9 bran\u017ee. Kdy\u017e byli na ja\u0159e osloveni, zda by se nezapojili do p\u0159\u00edprav oslav narozenin, nev\u00e1hali.<\/p>\n<p>&#8222;R\u00e1di d\u011bl\u00e1me projekty, kter\u00e9 jsou nov\u00e9 a netradi\u010dn\u00ed, a tak padl v\u00fdb\u011br na film,&#8220; uvedl p\u0159edseda sdru\u017een\u00ed Jan Kurka.<\/p>\n<p>O \u017e\u00e1nru nep\u0159em\u00fd\u0161leli dlouho. &#8222;Sci-fim\u00e1me v\u0161ichni r\u00e1di, je to \u017e\u00e1nr ak\u010dn\u00ed, a nav\u00edc v\u00e1m dovoluje si pohr\u00e1vat s p\u0159\u00edb\u011bhem, m\u016f\u017eete lehce pustit uzdu fantazii. Z reakc\u00ed herc\u016f se uk\u00e1zalo, \u017ee to byl dobr\u00fd v\u00fdb\u011br,&#8220; podotkl Jan Kurka.<\/p>\n<p>I kdy\u017e pro herce bylo nat\u00e1\u010den\u00ed filmu jejich prvn\u00ed, v\u0161e prob\u011bhlo hladce. Mo\u017en\u00e1 pomohla zku\u0161enost z prken, kter\u00e1 znamenaj\u00ed sv\u011bt. Jsou toti\u017e \u010dleny dramatick\u00e9ho krou\u017eku a vystupuj\u00ed na r\u016fzn\u00fdch festivalech.<\/p>\n<p>&#8222;Je to pohybov\u011b divadeln\u00ed krou\u017eek, hraj\u00ed se nap\u0159\u00edklad poh\u00e1dky. Nat\u00e1\u010den\u00ed se jim l\u00edbilo, i kdy\u017e pro n\u011b bylo n\u00e1ro\u010dn\u00e9. Asi bylo h\u016f\u0159 pochopiteln\u00e9, \u017ee se nat\u00e1\u010d\u00ed nap\u0159esk\u00e1\u010dku, p\u0159i nat\u00e1\u010den\u00ed nen\u00ed p\u0159\u00edb\u011bh v kuse. Jsem zv\u011bdav\u00e1 na reakce, a\u017e se pak ve filmu uvid\u00ed,&#8220; \u0159ekla Magda Hluch\u00e1 z Centra 83.<\/p>\n<p>Nat\u00e1\u010den\u00ed trvalo dva dny, konalo se v s\u00e1le m\u00edstn\u00edho kulturn\u00edho domu. A pr\u00fd bylo veselo. &#8222;Samotn\u00e9 nat\u00e1\u010den\u00ed s klienty Centra 83 bylo vesel\u00e9. Jsou velmi up\u0159\u00edmn\u00ed a nikdy nechod\u00ed kolem hork\u00e9 ka\u0161e. S naprost\u00fdm klidem \u0159eknou, co si mysl\u00ed, a to snadno vytv\u00e1\u0159\u00ed humorn\u00e9 situace,&#8220; popsal Kurka.<\/p>\n<p>P\u0159i jedn\u00e9 sc\u00e9n\u011b se herci m\u011bli sch\u00e1zet p\u0159ed kinem. Bylo tam n\u011bkolik partnersk\u00fdch p\u00e1r\u016f a jeden z nich m\u011bl detailn\u00ed sc\u00e9nu, jak si d\u00e1v\u00e1 pusu. &#8222;Byla to dlouh\u00e1 a v\u00e1\u0161niv\u00e1 pusa, kter\u00e1 se ostatn\u00edm tak l\u00edbila, \u017ee ty zbyl\u00e9 p\u00e1ry za n\u00e1mi po\u0159\u00e1d chodily, \u017ee je mus\u00edme nato\u010dit tak\u00e9,&#8220; vzpom\u00edn\u00e1 Kurka.<\/p>\n<p>Mlad\u00e1 fronta DNES<\/p>\n<p>Eva Ku\u010derov\u00e1<\/p>\n","protected":false},"excerpt":{"rendered":"<div class=\"mh-excerpt\"><p>Mladoboleslavsk\u00e9 Centrum 83, kter\u00e9 se star\u00e1 o 150 ment\u00e1ln\u011b posti\u017een\u00fdch klient\u016f, nato\u010dilo sci-fi film. Hraj\u00ed v n\u011bm sami klienti. Centrum tak vyu\u017e\u00edv\u00e1 st\u00e1le pou\u017e\u00edvan\u011bj\u0161\u00ed metodu <a class=\"mh-excerpt-more\" href=\"https:\/\/www.invarena.cz\/?p=8530\" title=\"\u00danos a superhrdinov\u00e9 jako terapie\">[&#8230;]<\/a><\/p>\n<\/div>","protected":false},"author":1,"featured_media":8726,"comment_status":"open","ping_status":"open","sticky":false,"template":"","format":"standard","meta":{"footnotes":""},"categories":[17],"tags":[],"class_list":["post-8530","post","type-post","status-publish","format-standard","has-post-thumbnail","hentry","category-kultura"],"_links":{"self":[{"href":"https:\/\/www.invarena.cz\/index.php?rest_route=\/wp\/v2\/posts\/8530","targetHints":{"allow":["GET"]}}],"collection":[{"href":"https:\/\/www.invarena.cz\/index.php?rest_route=\/wp\/v2\/posts"}],"about":[{"href":"https:\/\/www.invarena.cz\/index.php?rest_route=\/wp\/v2\/types\/post"}],"author":[{"embeddable":true,"href":"https:\/\/www.invarena.cz\/index.php?rest_route=\/wp\/v2\/users\/1"}],"replies":[{"embeddable":true,"href":"https:\/\/www.invarena.cz\/index.php?rest_route=%2Fwp%2Fv2%2Fcomments&post=8530"}],"version-history":[{"count":0,"href":"https:\/\/www.invarena.cz\/index.php?rest_route=\/wp\/v2\/posts\/8530\/revisions"}],"wp:featuredmedia":[{"embeddable":true,"href":"https:\/\/www.invarena.cz\/index.php?rest_route=\/wp\/v2\/media\/8726"}],"wp:attachment":[{"href":"https:\/\/www.invarena.cz\/index.php?rest_route=%2Fwp%2Fv2%2Fmedia&parent=8530"}],"wp:term":[{"taxonomy":"category","embeddable":true,"href":"https:\/\/www.invarena.cz\/index.php?rest_route=%2Fwp%2Fv2%2Fcategories&post=8530"},{"taxonomy":"post_tag","embeddable":true,"href":"https:\/\/www.invarena.cz\/index.php?rest_route=%2Fwp%2Fv2%2Ftags&post=8530"}],"curies":[{"name":"wp","href":"https:\/\/api.w.org\/{rel}","templated":true}]}}