{"id":8596,"date":"2013-08-01T11:00:25","date_gmt":"2013-08-01T09:00:25","guid":{"rendered":"http:\/\/www.invarena.cz\/?p=8596"},"modified":"2013-08-01T11:43:13","modified_gmt":"2013-08-01T09:43:13","slug":"v-dozorci-rade-vzp-bude-petrakova-z-mpsv","status":"publish","type":"post","link":"https:\/\/www.invarena.cz\/?p=8596","title":{"rendered":"V dozor\u010d\u00ed rad\u011b VZP bude Petr\u00e1kov\u00e1 z MPSV"},"content":{"rendered":"<p><strong>Novou \u010dlenkou dozor\u010d\u00ed rady V\u0161eobecn\u00e9 zdravotn\u00ed poji\u0161\u0165ovny bude \u0161\u00e9fka kabinetu ministra pr\u00e1ce a soci\u00e1ln\u00edch v\u011bc\u00ed Luisa Petr\u00e1kov\u00e1 (na sn\u00edmku). Nastoup\u00ed na m\u00edsto po exministrovi zdravotnictv\u00ed Tom\u00e1\u0161ovi Jul\u00ednkovi, kter\u00e9ho vl\u00e1da odvolala.<\/strong><br \/>\n<!--more--><br \/>\nPremi\u00e9r Ji\u0159\u00ed Rusnok to \u0159ekl novin\u00e1\u0159\u016fm.<\/p>\n<p>&#8222;Jednalo se o tom, aby MPSV, kter\u00e9 m\u00e1 sv\u00e9ho z\u00e1stupce v t\u00e9to rad\u011b, tam m\u011blo \u010dlov\u011bka, kter\u00fd reprezentuje ministerstvo pr\u00e1ce. Byl vym\u011bn\u011bn pan Jul\u00ednek, kter\u00fd podle m\u00e9ho n\u00e1zoru nereprezentuje \u017e\u00e1dnou st\u00e1tn\u00ed instituci, za \u0161\u00e9fovou sekretari\u00e1tu pana ministra. To pova\u017euju za logick\u00fd krok,&#8220; \u0159ekl premi\u00e9r.<\/p>\n<p>&#8222;Z hlediska vzd\u011bl\u00e1n\u00ed a vztahu ke zdravotnictv\u00ed a soci\u00e1ln\u00ed problematice nem\u00e1m nic proti jmenov\u00e1n\u00ed pan\u00ed Petr\u00e1kov\u00e9. Doporu\u010den\u00ed od m\u00e9 p\u0159edch\u016fdkyn\u011b pan\u00ed M\u00fcllerov\u00e9 jsem nijak nep\u0159ehodnotil,&#8220; \u0159ekl \u010cesk\u00e9 pozici ministr pr\u00e1ce a soci\u00e1ln\u00edch v\u011bc\u00ed Kon\u00ed\u010dek.<\/p>\n<p>V t\u0159in\u00e1cti\u010dlenn\u00e9 dozor\u010d\u00ed rad\u011b nejv\u011bt\u0161\u00ed zdravotn\u00ed poji\u0161\u0165ovny jmenuje vl\u00e1da z\u00e1stupce za resorty zdravotnictv\u00ed, pr\u00e1ce a soci\u00e1ln\u00ed v\u011bci a financ\u00ed. Zbyl\u00e9 \u010dleny vol\u00ed Poslaneck\u00e1 sn\u011bmovna.<\/p>\n<p>Petr\u00e1kov\u00e1 p\u0159ed n\u00e1stupem na ministerstvo vedla ekonomick\u00fd \u00fasek nemocnice v Jablonci nad Nisou a byla poradkyn\u00ed exministra pr\u00e1ce Jarom\u00edra Dr\u00e1bka (TOP 09). Zku\u0161enosti m\u00e1 i ze soukrom\u00fdch firem. Kabinet \u0159\u00eddila i za ministryn\u011b Ludmily M\u00fcllerov\u00e9 (TOP 09).<\/p>\n","protected":false},"excerpt":{"rendered":"<div class=\"mh-excerpt\"><p>Novou \u010dlenkou dozor\u010d\u00ed rady V\u0161eobecn\u00e9 zdravotn\u00ed poji\u0161\u0165ovny bude \u0161\u00e9fka kabinetu ministra pr\u00e1ce a soci\u00e1ln\u00edch v\u011bc\u00ed Luisa Petr\u00e1kov\u00e1 (na sn\u00edmku). Nastoup\u00ed na m\u00edsto po exministrovi zdravotnictv\u00ed <a class=\"mh-excerpt-more\" href=\"https:\/\/www.invarena.cz\/?p=8596\" title=\"V dozor\u010d\u00ed rad\u011b VZP bude Petr\u00e1kov\u00e1 z MPSV\">[&#8230;]<\/a><\/p>\n<\/div>","protected":false},"author":1,"featured_media":8597,"comment_status":"open","ping_status":"open","sticky":false,"template":"","format":"standard","meta":{"footnotes":""},"categories":[6],"tags":[],"class_list":["post-8596","post","type-post","status-publish","format-standard","has-post-thumbnail","hentry","category-politika"],"_links":{"self":[{"href":"https:\/\/www.invarena.cz\/index.php?rest_route=\/wp\/v2\/posts\/8596","targetHints":{"allow":["GET"]}}],"collection":[{"href":"https:\/\/www.invarena.cz\/index.php?rest_route=\/wp\/v2\/posts"}],"about":[{"href":"https:\/\/www.invarena.cz\/index.php?rest_route=\/wp\/v2\/types\/post"}],"author":[{"embeddable":true,"href":"https:\/\/www.invarena.cz\/index.php?rest_route=\/wp\/v2\/users\/1"}],"replies":[{"embeddable":true,"href":"https:\/\/www.invarena.cz\/index.php?rest_route=%2Fwp%2Fv2%2Fcomments&post=8596"}],"version-history":[{"count":0,"href":"https:\/\/www.invarena.cz\/index.php?rest_route=\/wp\/v2\/posts\/8596\/revisions"}],"wp:featuredmedia":[{"embeddable":true,"href":"https:\/\/www.invarena.cz\/index.php?rest_route=\/wp\/v2\/media\/8597"}],"wp:attachment":[{"href":"https:\/\/www.invarena.cz\/index.php?rest_route=%2Fwp%2Fv2%2Fmedia&parent=8596"}],"wp:term":[{"taxonomy":"category","embeddable":true,"href":"https:\/\/www.invarena.cz\/index.php?rest_route=%2Fwp%2Fv2%2Fcategories&post=8596"},{"taxonomy":"post_tag","embeddable":true,"href":"https:\/\/www.invarena.cz\/index.php?rest_route=%2Fwp%2Fv2%2Ftags&post=8596"}],"curies":[{"name":"wp","href":"https:\/\/api.w.org\/{rel}","templated":true}]}}