{"id":8650,"date":"2013-08-02T12:22:21","date_gmt":"2013-08-02T10:22:21","guid":{"rendered":"http:\/\/www.invarena.cz\/?p=8650"},"modified":"2013-08-02T13:31:09","modified_gmt":"2013-08-02T11:31:09","slug":"osobnosti-dobehly-pro-pomoc","status":"publish","type":"post","link":"https:\/\/www.invarena.cz\/?p=8650","title":{"rendered":"Osobnosti dob\u011bhly pro pomoc"},"content":{"rendered":"<p><strong>P\u016fvabn\u00e1 televizn\u00ed moder\u00e1torka Emma Smetana (foto) se na startovn\u00ed \u010d\u00e1ru libereck\u00e9ho z\u00e1vodu b\u011b\u017eeck\u00e9ho seri\u00e1lu RunTour postavila jako tras\u00e9rka zrakov\u011b posti\u017een\u00e9 Eli\u0161ky (12).<\/strong><\/p>\n<p><!--more--><\/p>\n<p>Vystudovala dv\u011b vysok\u00e9 \u0161koly, mluv\u00ed p\u011bti jazyky a b\u011bhem p\u00e1r m\u011bs\u00edc\u016f se stala hv\u011bzdou televizn\u00edho zpravodajstv\u00ed i st\u0159\u00edbrn\u00e9ho pl\u00e1tna. P\u0159esto si Emma Smetana (25) na hv\u011bzdn\u00e9 man\u00fdry nepotrp\u00ed a \u00fasm\u011bvy i podpisy rozd\u00e1v\u00e1 na po\u010dk\u00e1n\u00ed.<\/p>\n<p>A kdy\u017e nav\u00edc m\u016f\u017ee p\u0159isp\u011bt na pomoc dobr\u00e9 v\u011bci, nev\u00e1h\u00e1 nasednout do prvn\u00edho rychl\u00edku a p\u0159ejet p\u016fl republiky. Tentokr\u00e1t na libereck\u00fd z\u00e1vod b\u011b\u017eeck\u00e9ho seri\u00e1lu RunTour.<\/p>\n<p>Na rozd\u00edl od ostatn\u00edch z\u00e1vodn\u00edk\u016f, kter\u00fdch se v Lidov\u00fdch sadech se\u0161lo na osm set, ale Emma Smetana obl\u00e9kla p\u0159es b\u011b\u017eeck\u00fd dres je\u0161t\u011b jednu ned\u00edlnou sou\u010d\u00e1st vybaven\u00ed \u2013 \u017elut\u00fd trikot nadace Leontinka. P\u016fvabn\u00e1 moder\u00e1torka se toti\u017e na startovn\u00ed \u010d\u00e1ru postavila jako tras\u00e9rka zrakov\u011b posti\u017een\u00e9 Eli\u0161ky (12).<\/p>\n<p>Ob\u011b m\u011bly p\u0159itom p\u0159ed sebou nelehk\u00fd \u00fakol: Emma instruovat nevidomou d\u00edvku tak, aby ub\u011bhla kilometrovou tra\u0165 jednoho z nejn\u00e1ro\u010dn\u011bj\u0161\u00edch z\u00e1vod\u016f v kalend\u00e1\u0159i RunTour, a Eli\u0161ka p\u0159ekonat nejdel\u0161\u00ed b\u011b\u017eeckou dr\u00e1hu v \u017eivot\u011b.<\/p>\n<p>Pod\u00e9l trati jim fandili k nepozn\u00e1n\u00ed zarostl\u00fd olympijsk\u00fd v\u00edt\u011bz David Svoboda i vedouc\u00ed odboru komunikace FN v Motole Pavl\u00edna Dankov\u00e1, kter\u00e1 jde sama p\u0159\u00edkladem a pravideln\u011b se \u00fa\u010dastn\u00ed b\u011b\u017eeck\u00e9ho seri\u00e1lu, jeho\u017e v\u00fdt\u011b\u017eek ze startovn\u00e9ho je v\u011bnov\u00e1n pr\u00e1v\u011b na konto d\u011btsk\u00e9ho kardiocentra nejv\u011bt\u0161\u00edho zdravotnick\u00e9ho za\u0159\u00edzen\u00ed v \u010cesku.<\/p>\n<p>\u00bbB\u011b\u017eely kr\u00e1sn\u011b. Sle\u010dna Smetana m\u011bla strach, bylo vid\u011bt, \u017ee je velmi citliv\u00e1. Moc se mi to l\u00edbilo,\u00ab pochvalovala si Eli\u0161\u010dina maminka. A spokojen\u00e1 byla i mal\u00e1 z\u00e1vodnice: \u00bbMyslela jsem, \u017ee to bude hor\u0161\u00ed, ale b\u011b\u017eet s Emmou m\u011b moc bavilo. R\u00e1da si to n\u011bkdy zopakuju.\u00ab<\/p>\n<p>Emma m\u011bla na trati je\u0161t\u011b jednu podporu. Sv\u00e9ho snoubence, herce a zp\u011bv\u00e1ka Jordana Haje (25). Ale na za\u010d\u00e1tku to vypadalo, \u017ee nebude Jordan podporovat j\u00ed, ale ona na konci k\u0159\u00edsit jeho. Zat\u00edmco toti\u017e Emma tr\u00e9novala b\u011bh i s malou Eli\u0161kou, Jordan byl naprosto nep\u0159ipraven\u00fd.<\/p>\n<p>Nejen\u017ee pravideln\u011b dob\u00edh\u00e1 pouze tramvaj a b\u011b\u017eeck\u00e9 oble\u010den\u00ed m\u011bl na sob\u011b naposled p\u0159ed sedmi lety, ale tra\u0165 libereck\u00e9ho z\u00e1vodu pat\u0159\u00ed ka\u017edoro\u010dn\u011b v kalend\u00e1\u0159i RunTour mezi ty nejn\u00e1ro\u010dn\u011bj\u0161\u00ed Ani to ale Jordana neodradilo.<\/p>\n<p>\u00bbKdy\u017e to d\u00e1m j\u00e1, d\u00e1 to ka\u017edej,\u00ab povzbuzoval sebe i ostatn\u00ed nad\u0161en\u00e9 b\u011b\u017ece. P\u0159idat se k dobr\u00e9 v\u011bci tak pr\u00fd m\u016f\u017ee opravdu ka\u017ed\u00fd. T\u0159eba 24. 8. v Olomouci, 14. 9. v Brn\u011b nebo 5. 10. v Praze.<\/p>\n<p>Hal\u00f3 noviny<\/p>\n","protected":false},"excerpt":{"rendered":"<div class=\"mh-excerpt\"><p>P\u016fvabn\u00e1 televizn\u00ed moder\u00e1torka Emma Smetana (foto) se na startovn\u00ed \u010d\u00e1ru libereck\u00e9ho z\u00e1vodu b\u011b\u017eeck\u00e9ho seri\u00e1lu RunTour postavila jako tras\u00e9rka zrakov\u011b posti\u017een\u00e9 Eli\u0161ky (12).<\/p>\n<\/div>","protected":false},"author":1,"featured_media":8057,"comment_status":"open","ping_status":"open","sticky":false,"template":"","format":"standard","meta":{"footnotes":""},"categories":[7],"tags":[],"class_list":["post-8650","post","type-post","status-publish","format-standard","has-post-thumbnail","hentry","category-spolecnost"],"_links":{"self":[{"href":"https:\/\/www.invarena.cz\/index.php?rest_route=\/wp\/v2\/posts\/8650","targetHints":{"allow":["GET"]}}],"collection":[{"href":"https:\/\/www.invarena.cz\/index.php?rest_route=\/wp\/v2\/posts"}],"about":[{"href":"https:\/\/www.invarena.cz\/index.php?rest_route=\/wp\/v2\/types\/post"}],"author":[{"embeddable":true,"href":"https:\/\/www.invarena.cz\/index.php?rest_route=\/wp\/v2\/users\/1"}],"replies":[{"embeddable":true,"href":"https:\/\/www.invarena.cz\/index.php?rest_route=%2Fwp%2Fv2%2Fcomments&post=8650"}],"version-history":[{"count":0,"href":"https:\/\/www.invarena.cz\/index.php?rest_route=\/wp\/v2\/posts\/8650\/revisions"}],"wp:featuredmedia":[{"embeddable":true,"href":"https:\/\/www.invarena.cz\/index.php?rest_route=\/wp\/v2\/media\/8057"}],"wp:attachment":[{"href":"https:\/\/www.invarena.cz\/index.php?rest_route=%2Fwp%2Fv2%2Fmedia&parent=8650"}],"wp:term":[{"taxonomy":"category","embeddable":true,"href":"https:\/\/www.invarena.cz\/index.php?rest_route=%2Fwp%2Fv2%2Fcategories&post=8650"},{"taxonomy":"post_tag","embeddable":true,"href":"https:\/\/www.invarena.cz\/index.php?rest_route=%2Fwp%2Fv2%2Ftags&post=8650"}],"curies":[{"name":"wp","href":"https:\/\/api.w.org\/{rel}","templated":true}]}}