{"id":875,"date":"2013-02-11T12:16:10","date_gmt":"2013-02-11T11:16:10","guid":{"rendered":"http:\/\/www.invarena.cz\/?p=875"},"modified":"2013-02-14T15:45:39","modified_gmt":"2013-02-14T14:45:39","slug":"vlada-nebude-pro-rozsireni-naroku-na-dotaci-na-vuz-pro-postizene","status":"publish","type":"post","link":"https:\/\/www.invarena.cz\/?p=875","title":{"rendered":"Vl\u00e1da nebude pro roz\u0161\u00ed\u0159en\u00ed n\u00e1roku na dotaci na v\u016fz pro posti\u017een\u00e9"},"content":{"rendered":"<p>Vl\u00e1da patrn\u011b nebude souhlasit s n\u00e1vrhem V\u011bc\u00ed ve\u0159ejn\u00fdch, podle kter\u00e9ho by m\u011bli m\u00edt n\u00e1rok na p\u0159\u00edsp\u011bvek na vozidlo op\u011bt i lid\u00e9 po amputaci nohy nad kolenem. Zm\u011bny by se t\u00fdkaly i d\u016fvod\u016f pro n\u00e1rok na pr\u016fkazy zdravotn\u011b posti\u017een\u00fdch.<br \/>\n<!--more--><br \/>\nPodle p\u0159edb\u011b\u017en\u00e9ho stanoviska pro st\u0159ede\u010dn\u00ed jedn\u00e1n\u00ed kabinetu je p\u0159edloha v rozporu s c\u00edli soci\u00e1ln\u00ed reformy. Znamenala by vy\u0161\u0161\u00ed v\u00fddaje ze st\u00e1tn\u00edho rozpo\u010dtu.<\/p>\n<p>V\u011bci ve\u0159ejn\u00e9 tvrd\u00ed, \u017ee kv\u016fli nyn\u011bj\u0161\u00edm krit\u00e9ri\u00edm \u0159ada lid\u00ed n\u00e1rok na pr\u016fkazku zdravotn\u011b posti\u017een\u00fdch ztrat\u00ed. Mnoha lidem, kte\u0159\u00ed doj\u00ed\u017ed\u011bj\u00ed do zam\u011bstn\u00e1n\u00ed, se pr\u00fd odebr\u00e1n\u00edm pr\u016fkazu znemo\u017en\u00ed, aby si vyd\u011bl\u00e1vali, a skon\u010d\u00ed na podpo\u0159e.<\/p>\n<p>Stanovisko vl\u00e1dy nen\u00ed pro z\u00e1konod\u00e1rce z\u00e1vazn\u00e9<\/p>\n<p>Roz\u0161\u00ed\u0159en\u00ed n\u00e1roku na p\u0159\u00edsp\u011bvek na automobil i pro lidi s nohou amputovanou nad kolenem poslanci VV od\u016fvod\u0148uj\u00ed t\u00edm, \u017ee tito posti\u017een\u00ed jsou ve v\u011bt\u0161in\u011b p\u0159\u00edpad\u016f odk\u00e1z\u00e1ni na individu\u00e1ln\u00ed dopravu. Podle p\u0159edb\u011b\u017en\u00e9ho stanoviska kabinetu by t\u00edm ale byli neod\u016fvodn\u011bn\u011b zv\u00fdhodn\u011bni.<\/p>\n<p>P\u0159edloha obsahuje i n\u00e1vrh, aby se p\u0159\u00edsp\u011bvek na vozidlo nevztahoval jen na n\u00e1kup automobilu, ale tak\u00e9 na \u00fapravu podle pot\u0159eb posti\u017een\u00fdch lid\u00ed. Kabinet ale nam\u00edtne, \u017ee p\u0159\u00edsp\u011bvek na takovou \u00fapravu u\u017e obsahuje vyhl\u00e1\u0161ka. M\u016f\u017ee \u010dinit a\u017e 350.000 korun, p\u0159i\u010dem\u017e dotace na po\u0159\u00edzen\u00ed automobilu je 200.000 korun. Stanovisko vl\u00e1dy nen\u00ed pro z\u00e1konod\u00e1rce z\u00e1vazn\u00e9. O novele rozhodne Parlament.<\/p>\n<p>Zdroj: Parlamentnilisty.cz<\/p>\n","protected":false},"excerpt":{"rendered":"<div class=\"mh-excerpt\"><p>Vl\u00e1da patrn\u011b nebude souhlasit s n\u00e1vrhem V\u011bc\u00ed ve\u0159ejn\u00fdch, podle kter\u00e9ho by m\u011bli m\u00edt n\u00e1rok na p\u0159\u00edsp\u011bvek na vozidlo op\u011bt i lid\u00e9 po amputaci nohy nad <a class=\"mh-excerpt-more\" href=\"https:\/\/www.invarena.cz\/?p=875\" title=\"Vl\u00e1da nebude pro roz\u0161\u00ed\u0159en\u00ed n\u00e1roku na dotaci na v\u016fz pro posti\u017een\u00e9\">[&#8230;]<\/a><\/p>\n<\/div>","protected":false},"author":3,"featured_media":878,"comment_status":"open","ping_status":"open","sticky":false,"template":"","format":"standard","meta":{"footnotes":""},"categories":[6,9],"tags":[],"class_list":["post-875","post","type-post","status-publish","format-standard","has-post-thumbnail","hentry","category-politika","category-zpravy"],"_links":{"self":[{"href":"https:\/\/www.invarena.cz\/index.php?rest_route=\/wp\/v2\/posts\/875","targetHints":{"allow":["GET"]}}],"collection":[{"href":"https:\/\/www.invarena.cz\/index.php?rest_route=\/wp\/v2\/posts"}],"about":[{"href":"https:\/\/www.invarena.cz\/index.php?rest_route=\/wp\/v2\/types\/post"}],"author":[{"embeddable":true,"href":"https:\/\/www.invarena.cz\/index.php?rest_route=\/wp\/v2\/users\/3"}],"replies":[{"embeddable":true,"href":"https:\/\/www.invarena.cz\/index.php?rest_route=%2Fwp%2Fv2%2Fcomments&post=875"}],"version-history":[{"count":0,"href":"https:\/\/www.invarena.cz\/index.php?rest_route=\/wp\/v2\/posts\/875\/revisions"}],"wp:featuredmedia":[{"embeddable":true,"href":"https:\/\/www.invarena.cz\/index.php?rest_route=\/wp\/v2\/media\/878"}],"wp:attachment":[{"href":"https:\/\/www.invarena.cz\/index.php?rest_route=%2Fwp%2Fv2%2Fmedia&parent=875"}],"wp:term":[{"taxonomy":"category","embeddable":true,"href":"https:\/\/www.invarena.cz\/index.php?rest_route=%2Fwp%2Fv2%2Fcategories&post=875"},{"taxonomy":"post_tag","embeddable":true,"href":"https:\/\/www.invarena.cz\/index.php?rest_route=%2Fwp%2Fv2%2Ftags&post=875"}],"curies":[{"name":"wp","href":"https:\/\/api.w.org\/{rel}","templated":true}]}}