{"id":8783,"date":"2013-08-05T10:48:57","date_gmt":"2013-08-05T08:48:57","guid":{"rendered":"http:\/\/www.invarena.cz\/?p=8783"},"modified":"2014-10-20T20:09:44","modified_gmt":"2014-10-20T18:09:44","slug":"vyrabi-pro-turisty-sladky-sen-a-plni-si-ten-svuj-mit-praci-2","status":"publish","type":"post","link":"https:\/\/www.invarena.cz\/?p=8783","title":{"rendered":"Vyr\u00e1b\u00ed pro turisty sladk\u00fd sen a pln\u00ed si ten sv\u016fj: m\u00edt pr\u00e1ci"},"content":{"rendered":"<p><strong>V komunitn\u00edm centru CEDR v Kr\u00e1sn\u00e9 L\u00edp\u011b hledali n\u00e1m\u011bt pro soci\u00e1ln\u00ed podnik\u00e1n\u00ed a dostali n\u00e1pad zam\u011bstnat posti\u017een\u00e9 v\u00fdrobou poctiv\u00e9 \u010dokol\u00e1dy. \u0160est lid\u00ed na\u0161lo uplatn\u011bn\u00ed, kter\u00e9 by jinde hledali t\u011b\u017eko. Pracuj\u00ed p\u0159itom p\u0159\u00edmo p\u0159ed o\u010dima z\u00e1kazn\u00edk\u016f.<\/strong><br \/>\n<!--more--><br \/>\nDoslova sladkou p\u0159\u00edchu\u0165 m\u00e1 soci\u00e1ln\u00ed podnik\u00e1n\u00ed, kter\u00e9 rozjelo ob\u010dansk\u00e9 sdru\u017een\u00ed CEDR, je\u017e provozuje stejnojmenn\u00e9 komunitn\u00ed centrum. Sdru\u017een\u00ed toti\u017e otev\u0159elo v Kr\u00e1sn\u00e9 L\u00edp\u011b prodejnu ru\u010dn\u011b vyr\u00e1b\u011bn\u00e9 \u010dokol\u00e1dy, kter\u00e1 m\u00e1 b\u00fdt l\u00e1kadlem pro m\u00edstn\u00ed i turisty.<\/p>\n<p>&#8222;Snem \u0159editele sdru\u017een\u00ed v\u017edycky bylo zab\u00fdvat se v\u00fdrobou \u010dokol\u00e1dy. Proto, kdy\u017e jsme hledali t\u00e9ma pro soci\u00e1ln\u00ed podnik\u00e1n\u00ed, vyhr\u00e1l n\u00e1pad vyr\u00e1b\u011bt \u010dokol\u00e1du,&#8220; p\u0159ibli\u017euje pracovnice sdru\u017een\u00ed Pavl\u00edna \u0160afusov\u00e1, kter\u00e1 se na realizaci a provozu \u010dokol\u00e1dovny s n\u00e1zvem Mana z\u00e1sadn\u00edm zp\u016fsobem pod\u00edl\u00ed.<\/p>\n<p>U\u017e z v\u00fdrazu soci\u00e1ln\u00ed podnik\u00e1n\u00ed je patrn\u00e9, v \u010dem je \u010dokol\u00e1dovna v\u00fdjime\u010dn\u00e1. Nestoj\u00ed jen na vytv\u00e1\u0159en\u00ed zisku, v prvn\u00ed \u0159ad\u011b d\u00e1v\u00e1 \u0161anci uplatnit se jinak t\u011b\u017eko zam\u011bstnateln\u00fdm lidem. &#8222;Zam\u011bstn\u00e1v\u00e1me osoby nap\u0159\u00edklad se zdravotn\u00edm posti\u017een\u00edm, a pom\u00e1h\u00e1me jim tak uplatnit se na b\u011b\u017en\u00e9m trhu pr\u00e1ce,&#8220; uvedl p\u0159edseda sdru\u017een\u00ed Miroslav \u0158eb\u00ed\u010dek.<\/p>\n<p>V Man\u011b je zam\u011bstnan\u00fdch celkem \u0161est lid\u00ed, krom\u011b t\u011bch se zdravotn\u00edm handicapem tak\u00e9 dlouhodob\u011b nezam\u011bstnan\u00ed. &#8222;Lid\u00e9 se zdravotn\u00edm posti\u017een\u00edm maj\u00ed zkr\u00e1cen\u00e9 \u00favazky podle toho, jak zvl\u00e1daj\u00ed \u010dinnost,&#8220; poznamenala \u0160afusov\u00e1.<\/p>\n<p>Soci\u00e1ln\u00ed rozm\u011br v\u0161ak zdaleka nen\u00ed to jedin\u00e9, \u010d\u00edm \u010dokol\u00e1dovna bud\u00ed pozornost. Prodejna je sou\u010dasn\u011b v\u00fdrobnou, tak\u017ee od pultu je p\u0159\u00edmo vid\u011bt, jak se \u010dokol\u00e1da p\u0159ipravuje, a funguje i jako atrakce, kter\u00e1 p\u0159itahuje turisty i m\u00edstn\u00ed.<\/p>\n<p>&#8222;Jsme r\u00e1di za cokoli, co podpo\u0159\u00ed slu\u017eby a cestovn\u00ed ruch. Je to dobr\u00fd dopln\u011bk k tomu, \u017ee vedle ned\u00e1vno vznikla m\u00edstn\u00ed pek\u00e1rna a pivovar,&#8220; \u0159ekl starosta Zbyn\u011bk Linhart, kter\u00fd sem tak\u00e9 ob\u010das zajde.<\/p>\n<p>Ambic\u00ed podniku je produkovat kvalitn\u00ed \u010dokol\u00e1dov\u00e9 v\u00fdrobky, proto se db\u00e1 na p\u016fvod surovin. &#8222;Va\u0159\u00edme z belgick\u00e9 \u010dokol\u00e1dy. Nep\u0159id\u00e1v\u00e1me tam n\u00e1hra\u017eky, pou\u017e\u00edvan\u00e9 polotovary z kakaov\u00fdch bob\u016f poch\u00e1z\u00ed z Nov\u00e9 Guiney, Venezuely nebo Tanzanie,&#8220; podot\u00fdk\u00e1 \u0160afusov\u00e1.<\/p>\n<p>A co si lze v Man\u011b vybrat? Jen nam\u00e1tkou: b\u00edlou \u010dokol\u00e1du, ho\u0159kou \u010dokol\u00e1du \u010di \u010dokol\u00e1du bez cukru. Klasickou tabulku, ale i vlastn\u00ed tvarovan\u00e9 figurky. A tak\u00e9 ochucen\u00e9 variace &#8211; s o\u0159echy, medem, kokosem nebo t\u0159eba povidly. V nab\u00eddce lze naj\u00edt celkem 48 druh\u016f.<\/p>\n<p>Mana u\u017e m\u00e1 obch\u016fdek ve Varnsdorfu a z\u00e1sobuje n\u011bkolik prodejen v okol\u00ed. P\u0159\u00e1n\u00edm \u0160afusov\u00e9 je, aby se podnik uchytil dlouhodob\u011b a prorazil i za hranici regionu.<\/p>\n<p>Jan Hor\u00e1k<br \/>\nMlad\u00e1 fronta DNES<\/p>\n","protected":false},"excerpt":{"rendered":"<div class=\"mh-excerpt\"><p>V komunitn\u00edm centru CEDR v Kr\u00e1sn\u00e9 L\u00edp\u011b hledali n\u00e1m\u011bt pro soci\u00e1ln\u00ed podnik\u00e1n\u00ed a dostali n\u00e1pad zam\u011bstnat posti\u017een\u00e9 v\u00fdrobou poctiv\u00e9 \u010dokol\u00e1dy. \u0160est lid\u00ed na\u0161lo uplatn\u011bn\u00ed, kter\u00e9 <a class=\"mh-excerpt-more\" href=\"https:\/\/www.invarena.cz\/?p=8783\" title=\"Vyr\u00e1b\u00ed pro turisty sladk\u00fd sen a pln\u00ed si ten sv\u016fj: m\u00edt pr\u00e1ci\">[&#8230;]<\/a><\/p>\n<\/div>","protected":false},"author":1,"featured_media":0,"comment_status":"open","ping_status":"open","sticky":false,"template":"","format":"standard","meta":{"footnotes":""},"categories":[7,9],"tags":[],"class_list":["post-8783","post","type-post","status-publish","format-standard","hentry","category-spolecnost","category-zpravy"],"_links":{"self":[{"href":"https:\/\/www.invarena.cz\/index.php?rest_route=\/wp\/v2\/posts\/8783","targetHints":{"allow":["GET"]}}],"collection":[{"href":"https:\/\/www.invarena.cz\/index.php?rest_route=\/wp\/v2\/posts"}],"about":[{"href":"https:\/\/www.invarena.cz\/index.php?rest_route=\/wp\/v2\/types\/post"}],"author":[{"embeddable":true,"href":"https:\/\/www.invarena.cz\/index.php?rest_route=\/wp\/v2\/users\/1"}],"replies":[{"embeddable":true,"href":"https:\/\/www.invarena.cz\/index.php?rest_route=%2Fwp%2Fv2%2Fcomments&post=8783"}],"version-history":[{"count":0,"href":"https:\/\/www.invarena.cz\/index.php?rest_route=\/wp\/v2\/posts\/8783\/revisions"}],"wp:attachment":[{"href":"https:\/\/www.invarena.cz\/index.php?rest_route=%2Fwp%2Fv2%2Fmedia&parent=8783"}],"wp:term":[{"taxonomy":"category","embeddable":true,"href":"https:\/\/www.invarena.cz\/index.php?rest_route=%2Fwp%2Fv2%2Fcategories&post=8783"},{"taxonomy":"post_tag","embeddable":true,"href":"https:\/\/www.invarena.cz\/index.php?rest_route=%2Fwp%2Fv2%2Ftags&post=8783"}],"curies":[{"name":"wp","href":"https:\/\/api.w.org\/{rel}","templated":true}]}}