{"id":8887,"date":"2013-08-15T10:50:24","date_gmt":"2013-08-15T08:50:24","guid":{"rendered":"http:\/\/www.invarena.cz\/?p=8887"},"modified":"2013-08-17T00:43:54","modified_gmt":"2013-08-16T22:43:54","slug":"ceske-urady-prace-jsou-nejhorsi-v-cele-evrope-a-misto-pocitacu-pouzivaji-sesity","status":"publish","type":"post","link":"https:\/\/www.invarena.cz\/?p=8887","title":{"rendered":"\u010cesk\u00e9 \u00fa\u0159ady pr\u00e1ce jsou nejhor\u0161\u00ed v cel\u00e9 Evrop\u011b"},"content":{"rendered":"<p><strong>\u00da\u0159ady pr\u00e1ce maj\u00ed ji\u017e rok a p\u016fl probl\u00e9my s reformou exministra Dr\u00e1bka. Co d\u0159\u00edve zabralo p\u011bt minut, te\u010f trv\u00e1 dvacet. M\u00edsto po\u010d\u00edta\u010d\u016f pou\u017e\u00edvaj\u00ed se\u0161ity. Probl\u00e9my m\u00e1 \u0159e\u0161it nikoli nov\u00fd syst\u00e9m, ale n\u00e1bor dal\u0161\u00edch zam\u011bstnanc\u016f.<\/strong><\/p>\n<p><!--more--><\/p>\n<p>Ot\u00e1\u010dej\u00edc\u00ed se kole\u010dko, kter\u00e9 na monitoru po\u010d\u00edta\u010de ukazuje, \u017ee se data nahr\u00e1vaj\u00ed, maj\u00ed pracovn\u00edci \u00fa\u0159adu pr\u00e1ce p\u0159ed o\u010dima dennodenn\u011b. U\u017e rok a p\u016fl podle n\u011bj pozn\u00e1vaj\u00ed, jak moc velk\u00e9 fronty se jim budou ten den na chodb\u00e1ch tvo\u0159it.<\/p>\n<p>&#8222;Kdy\u017e vid\u00edm, \u017ee to nejde, \u017ee se data zase nestahuj\u00ed, beru tu\u017eku a pap\u00edr a jedu v\u0161echno v ruce. Jindy klienty pros\u00edm, a\u0165 se mezit\u00edm projdou po okol\u00ed a pak se vr\u00e1t\u00ed, ale je to trapn\u00e9,&#8220; popisuje Zuzana Hervertov\u00e1 z litom\u011b\u0159ick\u00e9ho pracovn\u00edho \u00fa\u0159adu.<\/p>\n<p>Podobn\u011b to funguje i v dal\u0161\u00edch celkem \u010dty\u0159 stech pobo\u010dk\u00e1ch.<\/p>\n<p>\u00da\u0159edn\u00edci toti\u017e maj\u00ed st\u00e1le probl\u00e9my s nov\u00fdm po\u010d\u00edta\u010dov\u00fdm syst\u00e9mem, kter\u00fd loni v lednu spustil exministr pr\u00e1ce Jarom\u00edr Dr\u00e1bek. Situace do\u0161la tak daleko, \u017ee ministerstvo dnes \u0159e\u0161\u00ed, \u017ee navzdory vl\u00e1dn\u00edmu z\u00e1m\u011bru sni\u017eovat po\u010dty \u00fa\u0159edn\u00edk\u016f p\u0159ijme na pomoc sedm set dal\u0161\u00edch.<\/p>\n<p>Krom\u011b toho, \u017ee je nov\u00fd program pomal\u00fd a nespolehliv\u00fd, je tak\u00e9 slo\u017eit\u00fd. Syst\u00e9m, kter\u00fd loni nahradil sedmn\u00e1ct let funguj\u00edc\u00ed aplikace, brzd\u00ed osm tis\u00edc zam\u011bstnanc\u016f \u00fa\u0159ad\u016f v ka\u017edodenn\u00ed pr\u00e1ci, i kdy\u017e zrovna funguje. Mus\u00ed se v n\u011bm toti\u017e klikat mnohem v\u00edce ne\u017e v p\u0159edchoz\u00edm syst\u00e9mu.<\/p>\n<p>Nap\u0159\u00edklad kdy\u017e se \u00fa\u0159edn\u00edk p\u0159ihla\u0161uje, klik\u00e1 trojn\u00e1sobn\u011b v\u00edce, kdy\u017e vystavuje potvrzen\u00ed, tak dokonce \u0161estin\u00e1sobn\u011b.<\/p>\n<p>A slo\u017eit\u011bj\u0161\u00ed je te\u010f i oby\u010dejn\u00fd cestovn\u00ed p\u0159\u00edkaz \u2013 nam\u00edsto jednostr\u00e1nkov\u00e9ho formul\u00e1\u0159e se vypl\u0148uj\u00ed t\u0159i pap\u00edry. To sice m\u016f\u017ee vypadat jako detail, v sou\u010dtu to v\u0161ak znamen\u00e1, \u017ee klienti \u010dekaj\u00ed na vy\u0159\u00edzen\u00ed sv\u00fdch \u017e\u00e1dost\u00ed m\u00edsto b\u011b\u017en\u00fdch t\u0159iceti dn\u016f a\u017e dva m\u011bs\u00edce.<\/p>\n<p>A nepom\u00e1haj\u00ed ani p\u0159es\u010dasy, t\u0159eba\u017ee loni u mnoh\u00fdch zam\u011bstnanc\u016f vydaly na cel\u00fd dal\u0161\u00ed m\u011bs\u00edc. Pro \u0159adu t\u011bch, kte\u0159\u00ed si jdou na \u00fa\u0159ad pr\u00e1ce pro soci\u00e1ln\u00ed d\u00e1vky nebo podporu, je p\u0159itom ka\u017ed\u00e9 sebemen\u0161\u00ed zpo\u017ed\u011bn\u00ed velmi nep\u0159\u00edjemn\u00e9.<\/p>\n<p>&#8222;P\u0159ijde t\u0159eba \u017eena a m\u00e1v\u00e1 n\u00e1m tu d\u00edt\u011btem, a\u0165 si ho tu nech\u00e1me. Nebo te\u010f tu byl p\u00e1n, kter\u00fd se ocitl v hmotn\u00e9 nouzi a \u0159\u00edkal n\u00e1m, \u017ee za cel\u00fd v\u00edkend m\u011bl jenom p\u00e1r rohl\u00edk\u016f a ml\u00e9ko,&#8220; popisuje \u00fa\u0159edn\u00edk.<\/p>\n<p>&#8222;Moji lid\u00e9 mus\u00ed hl\u00eddat informa\u010dn\u00ed syst\u00e9my nam\u00edsto toho, aby to bylo naopak. Snadno pak doch\u00e1z\u00ed k nep\u0159esnostem a lid\u00e9 nav\u00edc chyb\u00ed v ter\u00e9nu. Nikdo nekomunikuje se zam\u011bstnavateli, nikdo nehled\u00e1 voln\u00e1 pracovn\u00ed m\u00edsta, na nic nen\u00ed \u010das,&#8220; p\u0159iznala gener\u00e1ln\u00ed \u0159editelka \u00da\u0159adu pr\u00e1ce \u010cR Marie B\u00edlkov\u00e1, kter\u00e1 nastoupila letos v dubnu.<\/p>\n<p>Ve srovn\u00e1n\u00ed s ostatn\u00edmi st\u00e1ty EU jsou na tom \u010desk\u00e9 pracovn\u00ed \u00fa\u0159ady nejh\u016f\u0159e.\u00a0 &#8222;Jejich \u00fasp\u011b\u0161nost kles\u00e1. Syst\u00e9m, kdy jsme brali auta a sami obj\u00ed\u017ed\u011bli firmy v regionu a p\u0159em\u00fd\u0161leli, kter\u00fd uchaze\u010d by se kam hodil, je pry\u010d,&#8220; potvrzuje slova gener\u00e1ln\u00ed \u0159editelky tak\u00e9 Ivan Vil\u00edm, \u0161\u00e9f litom\u011b\u0159ick\u00e9 pobo\u010dky, kter\u00e1 kritizuje provedenou reformu dlouhodob\u011b.<\/p>\n<p>\u00da\u0159edn\u00edci, kte\u0159\u00ed maj\u00ed vyhled\u00e1v\u00e1n\u00ed pracovn\u00edch pozic na starosti, toti\u017e u\u017e dnes nespadaj\u00ed pod m\u011bsta, ale pod kraje. &#8222;Trh pr\u00e1ce se jim vzd\u00e1lil, z\u00e1rove\u0148 to cel\u00e9 otr\u00e1vilo dost lid\u00ed a ti nejkvalifikovan\u011bj\u0161\u00ed ode\u0161li,&#8220; dodal Vil\u00edm.<\/p>\n","protected":false},"excerpt":{"rendered":"<div class=\"mh-excerpt\"><p>\u00da\u0159ady pr\u00e1ce maj\u00ed ji\u017e rok a p\u016fl probl\u00e9my s reformou exministra Dr\u00e1bka. Co d\u0159\u00edve zabralo p\u011bt minut, te\u010f trv\u00e1 dvacet. M\u00edsto po\u010d\u00edta\u010d\u016f pou\u017e\u00edvaj\u00ed se\u0161ity. Probl\u00e9my <a class=\"mh-excerpt-more\" href=\"https:\/\/www.invarena.cz\/?p=8887\" title=\"\u010cesk\u00e9 \u00fa\u0159ady pr\u00e1ce jsou nejhor\u0161\u00ed v cel\u00e9 Evrop\u011b\">[&#8230;]<\/a><\/p>\n<\/div>","protected":false},"author":1,"featured_media":5390,"comment_status":"open","ping_status":"open","sticky":false,"template":"","format":"standard","meta":{"footnotes":""},"categories":[7],"tags":[],"class_list":["post-8887","post","type-post","status-publish","format-standard","has-post-thumbnail","hentry","category-spolecnost"],"_links":{"self":[{"href":"https:\/\/www.invarena.cz\/index.php?rest_route=\/wp\/v2\/posts\/8887","targetHints":{"allow":["GET"]}}],"collection":[{"href":"https:\/\/www.invarena.cz\/index.php?rest_route=\/wp\/v2\/posts"}],"about":[{"href":"https:\/\/www.invarena.cz\/index.php?rest_route=\/wp\/v2\/types\/post"}],"author":[{"embeddable":true,"href":"https:\/\/www.invarena.cz\/index.php?rest_route=\/wp\/v2\/users\/1"}],"replies":[{"embeddable":true,"href":"https:\/\/www.invarena.cz\/index.php?rest_route=%2Fwp%2Fv2%2Fcomments&post=8887"}],"version-history":[{"count":0,"href":"https:\/\/www.invarena.cz\/index.php?rest_route=\/wp\/v2\/posts\/8887\/revisions"}],"wp:featuredmedia":[{"embeddable":true,"href":"https:\/\/www.invarena.cz\/index.php?rest_route=\/wp\/v2\/media\/5390"}],"wp:attachment":[{"href":"https:\/\/www.invarena.cz\/index.php?rest_route=%2Fwp%2Fv2%2Fmedia&parent=8887"}],"wp:term":[{"taxonomy":"category","embeddable":true,"href":"https:\/\/www.invarena.cz\/index.php?rest_route=%2Fwp%2Fv2%2Fcategories&post=8887"},{"taxonomy":"post_tag","embeddable":true,"href":"https:\/\/www.invarena.cz\/index.php?rest_route=%2Fwp%2Fv2%2Ftags&post=8887"}],"curies":[{"name":"wp","href":"https:\/\/api.w.org\/{rel}","templated":true}]}}