{"id":8958,"date":"2013-08-09T11:40:34","date_gmt":"2013-08-09T09:40:34","guid":{"rendered":"http:\/\/www.invarena.cz\/?p=8958"},"modified":"2014-10-20T20:09:44","modified_gmt":"2014-10-20T18:09:44","slug":"tipy-na-vikend","status":"publish","type":"post","link":"https:\/\/www.invarena.cz\/?p=8958","title":{"rendered":"Tipy na v\u00edkend"},"content":{"rendered":"<p><strong>Za pozn\u00e1n\u00edm Afriky do botanick\u00e9 zahrady v Praze nebo za p\u0159edstaven\u00edm fr\u00edsk\u00fdch kon\u00ed na z\u00e1mku Ct\u011bnice? Nebo velkolep\u00e9 slavnosti v Kohoutov\u011b na Kr\u00e1lov\u00e9dvorsku, kde je vstup pro zdravotn\u011b posti\u017een\u00e9 zdarma&#8230;<\/strong><br \/>\n<!--more--><\/p>\n<p><strong>za z\u00e1bavou<\/strong><\/p>\n<p><strong>Z\u00e1mek Ct\u011bnice<\/strong> p\u0159edstav\u00ed z\u00e1bavnou sobotu, kde budou m\u00edt hlavn\u00ed roli fr\u00ed\u0161t\u00ed kon\u011b. Organiz\u00e1to\u0159i p\u0159ipravili pro d\u011bti program pln\u00fd hlavolam\u016f, st\u0159edov\u011bk\u00e9ho utk\u00e1n\u00ed, d\u00e1le kon\u011b p\u0159edvedou zaj\u00edmav\u00e9 druhy drezury. Program se bude odehr\u00e1vat v p\u0159\u00edjemn\u00e9m prost\u0159ed\u00ed z\u00e1meck\u00e9ho parku. Odpoledne po\u0159\u00e1d\u00e1 nada\u010dn\u00ed fond Kapka nad\u011bje a v\u00fdt\u011b\u017eek z akce p\u016fjde na pomoc d\u011btsk\u00e9 hematologii.<\/p>\n<p><strong>za pou\u010den\u00edm<\/strong><\/p>\n<p><strong>Botanick\u00e1 zahrada v pra\u017esk\u00e9 Troji<\/strong> po\u0159\u00e1d\u00e1 3. Africk\u00fd v\u00edkend. Akce nab\u00edz\u00ed bohat\u00fd program pro celou rodinu. Cel\u00fd v\u00edkend je v\u011bnov\u00e1n neziskov\u00fdm organizac\u00edm a mo\u017enostem pomoci lidem na \u010dern\u00e9m kontinentu. Program tvo\u0159\u00ed p\u0159edn\u00e1\u0161ky, workshopy, autogrami\u00e1da nebo prom\u00edt\u00e1n\u00ed filmu Slzy Konga. V r\u00e1mci workshop\u016f si n\u00e1v\u0161t\u011bvn\u00edci budou moci vyzkou\u0161et vyrobit kor\u00e1le z pap\u00edru \u010di tvo\u0159it z mastku. Chyb\u011bt nebude ani tane\u010dn\u00ed \u010di bubenick\u00fd workshop. Oba v\u00edkendov\u00e9 dny se za\u010d\u00edn\u00e1 v 9 hodin.<\/p>\n<p><strong>za sportem<\/strong><\/p>\n<p>Houslista Symfonick\u00e9ho orchestru \u010cesk\u00e9ho rozhlasu Jaroslav Bohdal se pokus\u00ed vytvo\u0159it sv\u011btov\u00fd rekord ve 12hodinov\u00e9m b\u011bhu v kombinaci se shyby na hrazd\u011b. V\u00fdt\u011b\u017eek z akce, kterou za\u0161ti\u0165uje V\u00fdbor dobr\u00e9 v\u016fle \u2013 Nadace Olgy Havlov\u00e9, p\u016fjde na podporu lid\u00ed se zdravotn\u00edm posti\u017een\u00edm. Akce za\u010d\u00edn\u00e1 v 9 hodin u Planet\u00e1ria v <strong>pra\u017esk\u00e9m parku Stromovka<\/strong>. Na v\u00fdkon houslisty bude dohl\u00ed\u017eet komisa\u0159 agentury Dobr\u00fd den, kter\u00e1 spravuje \u010ceskou knihu rekord\u016f.<\/p>\n<p>E15<\/p>\n<h2>Lidov\u00e1 \u0159emesla nab\u00eddnou dv\u011b stovky st\u00e1nk\u016f i hodn\u011b muziky<\/h2>\n<p>Doprovodn\u00fd program pot\u011b\u0161\u00ed hlavn\u011b d\u011bti, \u010d\u00e1st vstupn\u00e9ho p\u016fjde na povod\u0148ovou sb\u00edrku<\/p>\n<p>V sobotu se sjedou do obce p\u0159\u00edznivci lidov\u00fdch \u0159emesln\u00edk\u016f. Z\u00edtra se tu konaj\u00ed od 9 do 17 hodin Lidov\u00e1 \u0159emesla.<\/p>\n<p>\u017dlut\u00fd pes i Ne\u0159e\u017e<\/p>\n<p>&#8222;\u017d\u00e1dnou v\u00fdraznou novinku nechyst\u00e1me. Tu si schov\u00e1v\u00e1me na p\u0159\u00ed\u0161t\u00ed rok, kdy budeme m\u00edt u\u017e dvac\u00e1t\u00fd ro\u010dn\u00edk,&#8220; vysv\u011btlil m\u00edstostarosta obce a organiz\u00e1tor Pavel Hor\u00e1\u010dek. N\u00e1v\u0161t\u011bvn\u00edci se tak mohou t\u011b\u0161it na tradi\u010dn\u00ed program. Akce se z\u00fa\u010dastn\u00ed v\u00edce ne\u017e 200 \u0159emesln\u00edk\u016f a prodejc\u016f. Den otev\u0159en\u00fdch dve\u0159\u00ed bude tak\u00e9 v Keramick\u00e9 \u0161kole Jarmily Turn\u00e9rov\u00e9 a peka\u0159stv\u00ed Roland.<\/p>\n<p>V kostele se od 11 hodin kon\u00e1 poutn\u00ed m\u0161e a od 12 hodin varhann\u00ed koncert.<\/p>\n<p>Na dvou podi\u00edch je p\u0159ipraven bohat\u00fd program. Od 9.30 do 17.30 hodin se na hlavn\u00ed sc\u00e9n\u011b p\u0159edstav\u00ed skupiny Klapeto, dechovka Podzvi\u010dinka, Elvis Presley revival, \u017dlut\u00fd pes a Ond\u0159ej Hejma, Michal \u0160eps. Vedlej\u0161\u00ed podium obsad\u00ed od 10 do 15.30 hodin bluegrassov\u00e9 F\u00e1my, folkov\u00ed Kanto\u0159i a popul\u00e1rn\u00ed Ne\u0159e\u017e.<\/p>\n<p>&#8222;Letos budeme m\u00edt asi v\u00edc atrakc\u00ed pro d\u011bti,&#8220; doplnil Pavel Hor\u00e1\u010dek. P\u0159ipraveno je n\u011bkolik \u0161erm\u00ed\u0159sk\u00fdch p\u0159edstaven\u00ed, divadla pro d\u011bti, nafukovac\u00ed skluzavka, proj\u00ed\u017e\u010fky na kon\u00edch nebo koutek mate\u0159sk\u00e9ho centra \u017dirafa.<\/p>\n<p>Op\u011bt se kon\u00e1 sout\u011b\u017e o nejkr\u00e1sn\u011bj\u0161\u00edho kohouta okresu Trutnov, kterou po\u0159\u00e1d\u00e1 okresn\u00ed svaz chovatel\u016f.<br \/>\nLeto\u0161n\u00ed novinkou je ale tak\u00e9 to, \u017ee z ka\u017ed\u00e9 prodan\u00e9 vstupenky p\u016fjde p\u011bt korun na povod\u0148ovou pomoc.<\/p>\n<p><strong>Pro auta zav\u0159eno <\/strong><\/p>\n<p>Proto\u017ee jednotliv\u00e9 st\u00e1nky jsou rozprost\u0159eny po cel\u00e9m Kohoutov\u011b, je po dobu Lidov\u00fdch \u0159emesel uzav\u0159ena pro dopravu. Auta je mo\u017en\u00e9 nechat na parkovi\u0161t\u00edch, kter\u00e1 jsou zdarma. &#8222;Vloni nav\u0161t\u00edvilo akci 5.919 plat\u00edc\u00edch n\u00e1v\u0161t\u011bvn\u00edk\u016f a dal\u0161\u00ed tis\u00edce n\u00e1v\u0161t\u011bvn\u00edk\u016f, kte\u0159\u00ed maj\u00ed voln\u00fd vstup, tedy d\u016fchodci nad 70 let, d\u011bti do 15 let a <strong>zdravotn\u011b posti\u017een\u00ed v\u010detn\u011b doprovodu,<\/strong>&#8220; p\u0159ipomn\u011bl m\u00edstostarosta Kohoutova. Ani letos neo\u010dek\u00e1vaj\u00ed ni\u017e\u0161\u00ed n\u00e1v\u0161t\u011bvnost, oproti lo\u0148sku by letos m\u011blo b\u00fdt i p\u0159\u00edzniv\u011bj\u0161\u00ed po\u010das\u00ed.<\/p>\n<p>Krkono\u0161sk\u00fd den\u00edk<br \/>\nBED\u0158ICH MACHEK<\/p>\n<h2>Ve V\u00e1\u017eanech posvi\u0161t\u00ed op\u011bt kole\u010dka<\/h2>\n<p>Redakto\u0159i Blanensk\u00e9ho den\u00edku Rovnost vybrali pro \u010dten\u00e1\u0159e n\u011bkolik tip\u016f, jak si u\u017e\u00edt tento v\u00edkend v regionu. V\u00edkend je nabit\u00fd akcemi.<\/p>\n<p>1. BOSKOVICK\u00dd H\u0158EB\u00cdNEK<\/p>\n<p>Kdy? P\u00e1tek 17.00 Kde? Z\u00e1mek Boskovice<\/p>\n<p>Pro mal\u00e9 div\u00e1ky si Kulturn\u00ed st\u0159edisko Boskovice p\u0159ipravilo dal\u0161\u00ed d\u00edl z cyklu Boskovick\u00fd poh\u00e1dkov\u00fd h\u0159eb\u00ednek 2013. V p\u00e1tek od p\u011bti hodin odpoledne zhl\u00e9dnou d\u011bti i dosp\u011bl\u00ed na n\u00e1dvo\u0159\u00ed z\u00e1mku Boskovice divadeln\u00ed p\u0159edstaven\u00ed s n\u00e1zvem Ekopoh\u00e1dky. Ekopoh\u00e1dky jsou napsan\u00e9 na motivy t\u0159\u00ed klasick\u00fdch poh\u00e1dek, a to \u010cerven\u00e9 Karkulky, O Pale\u010dkovi a O Smol\u00ed\u010dkovi. V Ekopoh\u00e1dk\u00e1ch nav\u00edc jejich hrdinov\u00e9 \u0159e\u0161\u00ed i ekologick\u00e9 probl\u00e9my, jako je odhazov\u00e1n\u00ed odpadk\u016f, zne\u010di\u0161\u0165ov\u00e1n\u00ed vody a ovzdu\u0161\u00ed. V ka\u017ed\u00e9 poh\u00e1dce se d\u011btem p\u0159edstav\u00ed r\u016fzn\u00e9 typy loutek, t\u0159eba ma\u0148\u00e1sek, manek\u00fdn nebo plo\u0161n\u00e1 loutka. Vstupn\u00e9 pro d\u011bti je osmdes\u00e1t korun.<\/p>\n<p>2. LETN\u00cd DEN V ARBORETU<\/p>\n<p>Kdy? Sobota 10.00 Kde? Arboretum, K\u0159tiny<\/p>\n<p>Nau\u010dn\u00e1 stezka s odborn\u00fdm v\u00fdkladem. Pozn\u00e1v\u00e1n\u00ed strom\u016f, bylin a \u0159ada her. To v\u0161e \u010dek\u00e1 na d\u011bti i dosp\u011bl\u00e9 ve k\u0159tinsk\u00e9m arboretu tuto sobotu. Akce s n\u00e1zvem Letn\u00ed den v Arboretu K\u0159tiny \u2013 lesn\u00ed moudrost za\u010d\u00edn\u00e1 v deset dopoledne. &#8222;Hlavn\u00edm c\u00edlem akce je p\u0159ibl\u00ed\u017eit arboretum d\u011btem hravou formou. Sezn\u00e1m\u00edme je nap\u0159\u00edklad se z\u00e1klady myslivosti, pop\u00ed\u0161eme l\u00e9\u010div\u00e9 byliny a r\u016fzn\u00e9 stromy,&#8220; \u0159ekla za po\u0159adatele Marie Proch\u00e1zkov\u00e1 ze \u0160koln\u00edho lesn\u00edho podniku K\u0159tiny. V arboretu se tak\u00e9 budou op\u00e9kat \u0161pek\u00e1\u010dky. Letn\u00ed den kon\u010d\u00ed v p\u011bt hodin odpoledne. Vstupn\u00e9 je t\u0159icet korun pro dosp\u011bl\u00e9 a deset korun pro d\u011bti.<\/p>\n<p>3. V\u00ddSTAVA KO\u010cEK<\/p>\n<p>Kdy? Sobota 9.00, ned\u011ble 9.00 Kde? Zimn\u00ed stadion, Boskovice<\/p>\n<p>Z\u00e1jmov\u00e1 organizace chovatel\u016f ko\u010dek Boskovice letos po\u0159\u00e1d\u00e1 u\u017e t\u0159et\u00ed ro\u010dn\u00edk mezin\u00e1rodn\u00ed dvoudenn\u00ed v\u00fdstavy ko\u010dek u\u0161lechtil\u00fdch plemen. Uskute\u010dn\u00ed se tento v\u00edkend na zimn\u00edm stadionu v are\u00e1lu \u010cerven\u00e1 zahrada. Krom\u011b \u010desk\u00fdch sud\u00ed p\u0159ijedou na akci i posuzovatel\u00e9 z B\u011bloruska, Ruska a Francie. V\u00fdstavy po\u0159adatel\u00e9 po oba dva dny ukon\u010d\u00ed volbou nejlep\u0161\u00edch zv\u00ed\u0159at, kterou nazvali Best in Show. &#8222;V prostor\u00e1ch zimn\u00edho stadionu n\u00e1v\u0161t\u011bvn\u00edci op\u011bt naraz\u00ed tak\u00e9 na obr\u00e1zky d\u011bt\u00ed z boskovick\u00fdch mate\u0159sk\u00fdch \u0161kol, charitativn\u00ed bazar z Hodon\u00edna a bohatou nab\u00eddku chovatelsk\u00fdch pot\u0159eb pro dom\u00e1c\u00ed mazl\u00ed\u010dky. D\u011bti se mohou t\u011b\u0161it i na malov\u00e1n\u00ed na obli\u010dej nebo n\u00e1v\u0161t\u011bvu bl\u00edzk\u00e9ho koupali\u0161t\u011b,&#8220; l\u00e1kaj\u00ed na akci po\u0159adatel\u00e9. Dosp\u011bl\u00ed zaplat\u00ed za vstupn\u00e9 sedmdes\u00e1t korun, d\u011bti do patn\u00e1cti let a <strong>invalidn\u00ed d\u016fchodci o t\u0159icet korun m\u00e9n\u011b.<\/strong> D\u011bti do \u0161esti let nav\u0161t\u00edv\u00ed v\u00fdstavu zdarma.<\/p>\n<p>4. O V\u00c1\u017dANSKY KOLE\u010cKA<\/p>\n<p>Kdy? Sobota 14.00 Kde? Fotbalov\u00e9 h\u0159i\u0161t\u011b, V\u00e1\u017eany<\/p>\n<p>Pos\u00e1dka na start. Jeden \u0159\u00edd\u00ed kole\u010dka, druh\u00fd \u010dlen pos\u00e1dky do nich sed\u00e1. A vzh\u016fru na tra\u0165, kterou mus\u00ed zvl\u00e1dnout v co mo\u017en\u00e1 v nejkrat\u0161\u00edm \u010dase. V\u00e1\u017ean\u0161t\u00ed v sobotu po\u0159\u00e1daj\u00ed u\u017e t\u0159et\u00ed ro\u010dn\u00edk recesistick\u00fdch z\u00e1vod\u016f kole\u010dek s n\u00e1zvem O V\u00e1\u017eansky kole\u010dka. Na programu budou krom\u011b z\u00e1vod\u016f dvojic i dal\u0161\u00ed sout\u011b\u017ee v j\u00edzd\u011b s kole\u010dky. P\u0159i Starostov\u011b pades\u00e1tce povezou z\u00e1vodn\u00edci na kole\u010dk\u00e1ch pades\u00e1tikilov\u00fd pytel obil\u00ed. P\u0159i Veter\u00e1nsk\u00e9 t\u0159ic\u00edtce pak jezdci nad pades\u00e1t let povezou t\u0159icetikilov\u00e9 z\u00e1va\u017e\u00ed. V doprovodn\u00e9m programu p\u0159iprav\u00ed po\u0159adatel\u00e9 tane\u010dn\u00ed vystoupen\u00ed, uk\u00e1zky bojov\u00e9ho um\u011bn\u00ed aikido. Pro d\u011bti pak malov\u00e1n\u00ed na obli\u010dej a j\u00edzdu na pon\u00edc\u00edch.<\/p>\n<p>5. PROMEN\u00c1DN\u00cd KONCERT<\/p>\n<p>Kdy? Ned\u011ble 10.00 Kde? N\u00e1m\u011bst\u00ed Svobody, Blansko<\/p>\n<p>S\u00e9rie promen\u00e1dn\u00edch koncert\u016f na blanensk\u00e9m n\u00e1m\u011bst\u00ed Svobody pokra\u010duje. V ned\u011bli si mohou n\u00e1v\u0161t\u011bvn\u00edci parku p\u0159ed blanenskou radnic\u00ed poslechnout koncert Mal\u00e9 dechov\u00e9 hudby Bene\u0161ovsk\u00e1 12. Dechovka za\u010dne hr\u00e1t v deset hodin dopoledne. Vstup je <strong>zdarma<\/strong>.<\/p>\n<p>Blanensk\u00fd den\u00edk<\/p>\n<h2>Za pov\u011bstmi a b\u00edlou pan\u00ed<\/h2>\n<p>Den pln\u00fd moravsk\u00fdch pov\u011bst\u00ed, p\u0159\u00edb\u011bh\u016f a poh\u00e1dek s b\u00edlou pan\u00ed pro\u017eijete dnes na hrad\u011b Sovinec. Akce s n\u00e1zvem St\u0159ev\u00edc kn\u011b\u017eny Hortenzie je ur\u010dena velk\u00fdm i mal\u00fdm n\u00e1v\u0161t\u011bvn\u00edk\u016fm. Sv\u00e9 \u0161erm\u00ed\u0159sk\u00e9 dovednosti p\u0159edvedou skupiny M. C. E., P\u00e1ni z Polic a Conducti, na hrad\u011b zazn\u00ed tak\u00e9 dud\u00e1ck\u00e9 vystoupen\u00ed kapely Hundcvut. Divadeln\u00ed a hudebn\u00ed sdru\u017een\u00ed Rabussa se p\u0159edstav\u00ed se sv\u00fdm ztv\u00e1rn\u011bn\u00edm moravsk\u00fdch balad a chyb\u011bt nebudou ani poh\u00e1dky ze Sovince. Atmosf\u00e9ru cel\u00e9 akce podtrhnou orient\u00e1ln\u00ed tane\u010dnice.<\/p>\n<p>Ti, kte\u0159\u00ed nebudou moci na Sovinec p\u0159ij\u00edt dnes, se mohou pobavit z\u00edtra. Cel\u00fd program na hrad\u011b toti\u017e po\u0159adatel\u00e9 zopakuj\u00ed.<\/p>\n<p>Akce se uskute\u010dn\u00ed po oba v\u00edkendov\u00e9 dny od dev\u00edti hodin do \u0161est\u00e9 hodiny ve\u010dern\u00ed.<br \/>\nVstupn\u00e9: dosp\u011bl\u00ed 110 K\u010d, ml\u00e1de\u017e od 15 let, studenti a d\u016fchodci 90 K\u010d, d\u011bti od 6 do 14 let 60 K\u010d, d\u011bti od 3 do 5 let 30 K\u010d, d\u011bti do 3 let a <strong>dr\u017eitel\u00e9 pr\u016fkaz\u016f ZTP a ZTP\/P zdarma<\/strong><\/p>\n<p>Mlad\u00e1 fronta DNES<\/p>\n<p>&nbsp;<\/p>\n","protected":false},"excerpt":{"rendered":"<div class=\"mh-excerpt\"><p>Za pozn\u00e1n\u00edm Afriky do botanick\u00e9 zahrady v Praze nebo za p\u0159edstaven\u00edm fr\u00edsk\u00fdch kon\u00ed na z\u00e1mku Ct\u011bnice? Nebo velkolep\u00e9 slavnosti v Kohoutov\u011b na Kr\u00e1lov\u00e9dvorsku, kde je <a class=\"mh-excerpt-more\" href=\"https:\/\/www.invarena.cz\/?p=8958\" title=\"Tipy na v\u00edkend\">[&#8230;]<\/a><\/p>\n<\/div>","protected":false},"author":1,"featured_media":0,"comment_status":"open","ping_status":"open","sticky":false,"template":"","format":"standard","meta":{"footnotes":""},"categories":[9],"tags":[],"class_list":["post-8958","post","type-post","status-publish","format-standard","hentry","category-zpravy"],"_links":{"self":[{"href":"https:\/\/www.invarena.cz\/index.php?rest_route=\/wp\/v2\/posts\/8958","targetHints":{"allow":["GET"]}}],"collection":[{"href":"https:\/\/www.invarena.cz\/index.php?rest_route=\/wp\/v2\/posts"}],"about":[{"href":"https:\/\/www.invarena.cz\/index.php?rest_route=\/wp\/v2\/types\/post"}],"author":[{"embeddable":true,"href":"https:\/\/www.invarena.cz\/index.php?rest_route=\/wp\/v2\/users\/1"}],"replies":[{"embeddable":true,"href":"https:\/\/www.invarena.cz\/index.php?rest_route=%2Fwp%2Fv2%2Fcomments&post=8958"}],"version-history":[{"count":0,"href":"https:\/\/www.invarena.cz\/index.php?rest_route=\/wp\/v2\/posts\/8958\/revisions"}],"wp:attachment":[{"href":"https:\/\/www.invarena.cz\/index.php?rest_route=%2Fwp%2Fv2%2Fmedia&parent=8958"}],"wp:term":[{"taxonomy":"category","embeddable":true,"href":"https:\/\/www.invarena.cz\/index.php?rest_route=%2Fwp%2Fv2%2Fcategories&post=8958"},{"taxonomy":"post_tag","embeddable":true,"href":"https:\/\/www.invarena.cz\/index.php?rest_route=%2Fwp%2Fv2%2Ftags&post=8958"}],"curies":[{"name":"wp","href":"https:\/\/api.w.org\/{rel}","templated":true}]}}