{"id":9046,"date":"2013-08-13T06:12:07","date_gmt":"2013-08-13T04:12:07","guid":{"rendered":"http:\/\/www.invarena.cz\/?p=9046"},"modified":"2013-08-13T06:12:48","modified_gmt":"2013-08-13T04:12:48","slug":"pomoc-pro-invalidy-po-tezkych-urazech-se-zlepsi","status":"publish","type":"post","link":"https:\/\/www.invarena.cz\/?p=9046","title":{"rendered":"Pomoc pro invalidy po t\u011b\u017ek\u00fdch \u00farazech se m\u00e1 zlep\u0161it"},"content":{"rendered":"<p><strong>Jsou po t\u011b\u017ek\u00e9m \u00farazu i operaci, stali se invalidy a maj\u00ed se za\u010d\u00edt vracet do b\u011b\u017en\u00e9ho \u017eivota. Av\u0161ak \u010dasto jim nikdo po\u0159\u00e1dn\u011b neporad\u00ed, kdy\u017e \u0159e\u0161\u00ed, jak sehnat nejvhodn\u011bj\u0161\u00ed voz\u00edk nebo kam na rehabilitaci. Ministerstvo zdravotnictv\u00ed proto p\u0159ipravuje zm\u011bnu&#8230;<\/strong><\/p>\n<p><!--more--><\/p>\n<p>Pomoci by m\u011bla podle report\u00e1\u017ee \u010cesk\u00e9 televize nov\u00e1 koncepce n\u00e1sledn\u00e9 p\u00e9\u010de, kterou p\u0159ipravuje ministerstvo zdravotnictv\u00ed. M\u00e1 zajistit, aby tato povinnost nebyla jenom na p\u0159et\u00ed\u017een\u00fdch o\u0161et\u0159uj\u00edc\u00edch l\u00e9ka\u0159\u00edch v nemocnic\u00edch.<\/p>\n<p><strong>Konkr\u00e9tn\u00ed p\u0159\u00edpad:<\/strong><br \/>\nKoncem b\u0159ezna p\u0159ech\u00e1zel p\u0159es namrzl\u00e9 koleje, uklouzl, uhodil se do hlavy. Strojvedouc\u00ed p\u0159ij\u00ed\u017ed\u011bj\u00edc\u00edho vlaku ho nevid\u011bl. V\u0161iml si ho a\u017e \u0159idi\u010d dal\u0161\u00edho spoje. Ale to u\u017e 22let\u00fd Marek p\u0159i\u0161el o ob\u011b nohy a dva prsty na ruce. Ne\u017e p\u0159ijela pomoc, m\u00e1lem vykrv\u00e1cel.<\/p>\n<p>Marek Schnirch:<br \/>\nHasi\u010di mn\u011b zakr\u00fdvali \u010dern\u00fdm pytlem, jako \u017ee u\u017e kone\u010dn\u00e1, a pak z t\u00e9 sanitky dol\u00edtla je\u0161t\u011b doktorka, chytla mn\u011b ten tep, n\u011bco tam je\u0161t\u011b bylo.<\/p>\n<p>V nemocnici str\u00e1vil p\u0159es m\u011bs\u00edc. Potom ho l\u00e9ka\u0159i rovnou propustili dom\u016f. P\u0159izn\u00e1v\u00e1, \u017ee si nev\u011bd\u011bl rady, t\u0159eba s v\u00fdb\u011brem spr\u00e1vn\u00e9ho invalidn\u00edho voz\u00edku.<\/p>\n<p>&#8222;P\u0159\u00edstup jako bych ka\u017edej m\u011bs\u00edc \u0159e\u0161il voz\u00edk a rehabilitace. Nikdo mn\u011b neporadil. Nic,&#8220; \u0159ekl Schnirch.<\/p>\n<p>A\u017e po p\u00e1r t\u00fddnech nastoupil do rehabilita\u010dn\u00edho st\u0159ediska doporu\u010den\u00e9ho zdravotn\u00edky v nemocnici.<\/p>\n<p>&#8222;J\u00e1 jsem tam m\u011bl ro\u010dn\u00edk 1914 na pokoji, b\u00fdval\u00e1 LDN, tak\u017ee tam jsem vydr\u017eel 3 dny psychicky, pak jsem \u0161el na revers dom\u016f,&#8220; popisuje Schnirch.<\/p>\n<p>Marek se za\u010dal u\u010dit na pra\u017esk\u00e9 klinice Malvazinky chodit na prot\u00e9z\u00e1ch. Dom\u016f by mohl j\u00edt asi za m\u011bs\u00edc. Pomohlo mu sem sdru\u017een\u00ed lid\u00ed po amputac\u00edch No foot No stress. Podobn\u00fdch p\u0159\u00edpad\u016f zaznamenali jeho \u010dlenov\u00e9 u\u017e v\u00edc.<\/p>\n<p>Andrea Brzobohat\u00e1, jednatelka sdru\u017een\u00ed No foot No stress:<br \/>\nJe to \u00fapln\u011b \u0161patn\u011b, proto\u017ee ten \u010dlov\u011bk, kdy\u017e je t\u0159eba mlad\u00fd, anebo m\u016f\u017ee b\u00fdt i star\u0161\u00ed, ale chce se vr\u00e1tit zp\u00e1tky do \u017eivota, tak prost\u011b tu n\u00e1slednou p\u00e9\u010di nem\u00e1.<\/p>\n<p>Ustanoven\u00ed z\u00e1kona, ani vyhl\u00e1\u0161ka, kter\u00e1 by zdravotn\u00edk\u016fm ukl\u00e1dala lidem po \u00farazech a nemoc\u00edch poradit, v\u0161ak neexistuj\u00ed.<\/p>\n<p>&#8222;V p\u0159\u00edpadech, kdy jsme upozorn\u011bni na n\u011bjak\u00e9 chyby, tak ihned kontaktujeme pracovi\u0161t\u011b, kde k tomu do\u0161lo, aby sjednalo n\u00e1pravu,&#8220; uvedl n\u00e1m\u011bstek ministra zdravotnictv\u00ed pro zdravotn\u00ed p\u00e9\u010di Ferdinand Pol\u00e1k.<\/p>\n<p>Minister\u0161t\u00ed \u00fa\u0159edn\u00edci z\u00e1rove\u0148 p\u0159ipravuj\u00ed novou koncepci n\u00e1sledn\u00e9 a dlouhodob\u00e9 p\u00e9\u010de, kter\u00e1 by jasn\u011b stanovila povinnosti zdravotn\u00edk\u016f v podobn\u00fdch p\u0159\u00edpadech.<\/p>\n<p>podle report\u00e1\u017ee \u010cesk\u00e9 televize zpracovala invArena<\/p>\n","protected":false},"excerpt":{"rendered":"<div class=\"mh-excerpt\"><p>Jsou po t\u011b\u017ek\u00e9m \u00farazu i operaci, stali se invalidy a maj\u00ed se za\u010d\u00edt vracet do b\u011b\u017en\u00e9ho \u017eivota. Av\u0161ak \u010dasto jim nikdo po\u0159\u00e1dn\u011b neporad\u00ed, kdy\u017e \u0159e\u0161\u00ed, <a class=\"mh-excerpt-more\" href=\"https:\/\/www.invarena.cz\/?p=9046\" title=\"Pomoc pro invalidy po t\u011b\u017ek\u00fdch \u00farazech se m\u00e1 zlep\u0161it\">[&#8230;]<\/a><\/p>\n<\/div>","protected":false},"author":1,"featured_media":0,"comment_status":"open","ping_status":"open","sticky":false,"template":"","format":"standard","meta":{"footnotes":""},"categories":[7],"tags":[],"class_list":["post-9046","post","type-post","status-publish","format-standard","hentry","category-spolecnost"],"_links":{"self":[{"href":"https:\/\/www.invarena.cz\/index.php?rest_route=\/wp\/v2\/posts\/9046","targetHints":{"allow":["GET"]}}],"collection":[{"href":"https:\/\/www.invarena.cz\/index.php?rest_route=\/wp\/v2\/posts"}],"about":[{"href":"https:\/\/www.invarena.cz\/index.php?rest_route=\/wp\/v2\/types\/post"}],"author":[{"embeddable":true,"href":"https:\/\/www.invarena.cz\/index.php?rest_route=\/wp\/v2\/users\/1"}],"replies":[{"embeddable":true,"href":"https:\/\/www.invarena.cz\/index.php?rest_route=%2Fwp%2Fv2%2Fcomments&post=9046"}],"version-history":[{"count":0,"href":"https:\/\/www.invarena.cz\/index.php?rest_route=\/wp\/v2\/posts\/9046\/revisions"}],"wp:attachment":[{"href":"https:\/\/www.invarena.cz\/index.php?rest_route=%2Fwp%2Fv2%2Fmedia&parent=9046"}],"wp:term":[{"taxonomy":"category","embeddable":true,"href":"https:\/\/www.invarena.cz\/index.php?rest_route=%2Fwp%2Fv2%2Fcategories&post=9046"},{"taxonomy":"post_tag","embeddable":true,"href":"https:\/\/www.invarena.cz\/index.php?rest_route=%2Fwp%2Fv2%2Ftags&post=9046"}],"curies":[{"name":"wp","href":"https:\/\/api.w.org\/{rel}","templated":true}]}}