{"id":906,"date":"2013-02-13T00:08:37","date_gmt":"2013-02-12T23:08:37","guid":{"rendered":"http:\/\/www.invarena.cz\/?p=906"},"modified":"2013-02-18T03:02:14","modified_gmt":"2013-02-18T02:02:14","slug":"senat-chtel-omezit-skarty-ministryne-se-postavila-proti-ma-s-ni-vlastni-tajne-plany","status":"publish","type":"post","link":"https:\/\/www.invarena.cz\/?p=906","title":{"rendered":"Sen\u00e1t cht\u011bl omezit sKarty, ministryn\u011b se postavila proti. M\u00e1 s n\u00ed vlastn\u00ed tajn\u00e9 pl\u00e1ny"},"content":{"rendered":"<p>sKarty jen pro d\u00e1vky v hmotn\u00e9 nouzi. S t\u00edm v \u00fater\u00fd p\u0159i\u0161li sen\u00e1to\u0159i do sn\u011bmovny a neusp\u011bli. Ministryn\u011b pr\u00e1ce a soci\u00e1ln\u00edch v\u011bc\u00ed z\u00e1konod\u00e1rc\u016fm ozn\u00e1mila, \u017ee vl\u00e1da m\u00e1 sKartami jin\u00fd z\u00e1m\u011br, ale odm\u00edtla sd\u011blit jak\u00fd.<!--more-->Kolem sKaret se v parlamentu strhla ostr\u00e1 debata pln\u00e1 emotivn\u00edch projev\u016f. Opozice dlouhodob\u011b hovo\u0159\u00ed o selh\u00e1n\u00ed vl\u00e1dy a MPSV, Sen\u00e1t je tak\u00e9 odp\u016frcem sKaret.<\/p>\n<p>Sen\u00e1tn\u00ed n\u00e1vrh cht\u011bl, aby sKarta fungovala pouze pro v\u00fdplatu d\u00e1vek v hmotn\u00e9 nouzi, aby se dalo kontrolovat jejich zneu\u017e\u00edv\u00e1n\u00ed. Podpora v nezam\u011bstnanosti, p\u011bstounsk\u00e9 p\u00e9\u010di, soci\u00e1ln\u00ed d\u00e1vky \u2013 to v\u0161e by m\u011blo fungovat jako d\u0159\u00edv. P\u0159edkladatelka Bo\u017eena Sekaninov\u00e1 (\u010cSSD) zd\u016fraz\u0148ovala, \u017ee j\u00ed nejde o \u00faplnou likvidaci sKaret. &#8222;Te\u010f to zastavme, prodiskutujme, dejme tomu pr\u00e1vn\u00ed podklad a pak to spus\u0165me,&#8220; shrnula sen\u00e1torka.<\/p>\n<p>Ludmila M\u00fcllerov\u00e1, ministryn\u011b pr\u00e1ce a soci\u00e1ln\u00edch v\u011bc\u00ed, se postavila proti sen\u00e1tn\u00edmu n\u00e1vrhu, proto\u017ee pr\u00fd p\u0159ed n\u011bkolika dny p\u0159edlo\u017eila premi\u00e9rovi Petru Ne\u010dasovi vl\u00e1dn\u00ed n\u00e1vrh, kter\u00fd problematiku upravuje, a on s n\u00edm souhlasil. Sn\u011bmovna ho m\u00e1 dostat v \u0159\u00e1du dn\u00ed.<\/p>\n<p>O detailech v\u0161ak zaryt\u011b odm\u00edtala hovo\u0159it. &#8222;Nechceme ani nem\u016f\u017eeme od projektu ustoupit, jsme v\u00e1z\u00e1ni smlouvou s \u010ceskou spo\u0159itelnou. N\u011bkdo se domn\u00edv\u00e1, \u017ee je neplatn\u00e1, ale to m\u016f\u017ee rozhodnout a\u017e soud. P\u0159ed t\u00fddnem jsem p\u0159edlo\u017eila v\u011bcn\u00fd n\u00e1vrh zm\u011bn premi\u00e9rovi. Akceptuje v\u00fdhrady \u00da\u0159adu pro ochranu osobn\u00edch \u00fadaj\u016f i v\u00fdtky ombudsmana. V tuto chv\u00edli by to m\u011bla b\u00fdt dostate\u010dn\u00e1 odpov\u011b\u010f,\u201c odbyla dotazy.<\/p>\n<p>Bylo patrn\u00e9, \u017ee t\u0159enice mezi TOP 09 a ODS pronikaj\u00ed i do pracovn\u00ed skupiny okolo sKaret, proto\u017ee ministryn\u011b a poslankyn\u011b ODS Lenka Kohoutov\u00e1 nehovo\u0159ily jedn\u00edm jazykem. Kohoutov\u00e1 \u0159ekla, \u017ee je na zm\u011bny zv\u011bdav\u00e1, M\u00fcllerov\u00e1 j\u00ed odpov\u011bd\u011bla, \u017ee je snad jako \u010dlenka pracovn\u00ed skupiny zn\u00e1.<\/p>\n<p><strong>Zaor\u00e1lek za\u00fato\u010dil<\/strong><\/p>\n<p>Ml\u010denlivost ministryn\u011b roz\u010d\u00edlila opozi\u010dn\u00ed poslance, nejviditeln\u011bji sn\u011bmovn\u00edho m\u00edstop\u0159edsedu Lubom\u00edra Zaor\u00e1lka.<\/p>\n<p>&#8222;Nov\u00e1 ministryn\u011b m\u00e1 \u010distit svin\u010d\u00edk po Dr\u00e1bkovi a \u0160i\u0161kovi. Ne\u017e aby \u0159e\u0161ila historicky nejv\u011bt\u0161\u00ed n\u00e1r\u016fst nezam\u011bstnanosti, \u017ee lidi p\u0159epad\u00e1vaj\u00ed st\u0159emhlav do chudoby, my tady budeme hodinu debatovat n\u011bjakou sKartu pana \u0160i\u0161ky, kter\u00fd je st\u00edhan\u00fd a podle m\u00e9di\u00ed je\u0161t\u011b doch\u00e1z\u00ed na MPSV. Ten \u010dlov\u011bk odpov\u011bdn\u00fd za to svinstvo, tam po\u0159\u00e1d je\u0161t\u011b chod\u00ed. \u017de by MPSV za\u010dalo n\u011bco d\u011blat pot\u00e9, co zni\u010dilo \u00fa\u0159ady pr\u00e1ce, syst\u00e9m se zhroutil, to se ne\u0159e\u0161\u00ed, m\u00edsto toho se \u0159e\u0161\u00ed sKarta. My se pt\u00e1me, co s t\u00edm budeme d\u011blat, ministryn\u011b odpov\u00ed, \u017ee to \u0159ekla premi\u00e9rovi a n\u00e1m to nepov\u00ed. Ch\u00e1pete, jak je to obludn\u00e9?\u201c rozhorlil se Zaor\u00e1lek.<\/p>\n<p>Koalice nakonec na\u0161la dost hlas\u016f na to, aby sen\u00e1tn\u00ed n\u00e1vrh utnula, ale poda\u0159ilo se j\u00ed to o jeden jedin\u00fd hlas.<\/p>\n<p>invArena.cz<\/p>\n","protected":false},"excerpt":{"rendered":"<div class=\"mh-excerpt\"><p>sKarty jen pro d\u00e1vky v hmotn\u00e9 nouzi. S t\u00edm v \u00fater\u00fd p\u0159i\u0161li sen\u00e1to\u0159i do sn\u011bmovny a neusp\u011bli. Ministryn\u011b pr\u00e1ce a soci\u00e1ln\u00edch v\u011bc\u00ed z\u00e1konod\u00e1rc\u016fm ozn\u00e1mila, \u017ee <a class=\"mh-excerpt-more\" href=\"https:\/\/www.invarena.cz\/?p=906\" title=\"Sen\u00e1t cht\u011bl omezit sKarty, ministryn\u011b se postavila proti. M\u00e1 s n\u00ed vlastn\u00ed tajn\u00e9 pl\u00e1ny\">[&#8230;]<\/a><\/p>\n<\/div>","protected":false},"author":1,"featured_media":0,"comment_status":"open","ping_status":"open","sticky":false,"template":"","format":"standard","meta":{"footnotes":""},"categories":[6,9],"tags":[],"class_list":["post-906","post","type-post","status-publish","format-standard","hentry","category-politika","category-zpravy"],"_links":{"self":[{"href":"https:\/\/www.invarena.cz\/index.php?rest_route=\/wp\/v2\/posts\/906","targetHints":{"allow":["GET"]}}],"collection":[{"href":"https:\/\/www.invarena.cz\/index.php?rest_route=\/wp\/v2\/posts"}],"about":[{"href":"https:\/\/www.invarena.cz\/index.php?rest_route=\/wp\/v2\/types\/post"}],"author":[{"embeddable":true,"href":"https:\/\/www.invarena.cz\/index.php?rest_route=\/wp\/v2\/users\/1"}],"replies":[{"embeddable":true,"href":"https:\/\/www.invarena.cz\/index.php?rest_route=%2Fwp%2Fv2%2Fcomments&post=906"}],"version-history":[{"count":0,"href":"https:\/\/www.invarena.cz\/index.php?rest_route=\/wp\/v2\/posts\/906\/revisions"}],"wp:attachment":[{"href":"https:\/\/www.invarena.cz\/index.php?rest_route=%2Fwp%2Fv2%2Fmedia&parent=906"}],"wp:term":[{"taxonomy":"category","embeddable":true,"href":"https:\/\/www.invarena.cz\/index.php?rest_route=%2Fwp%2Fv2%2Fcategories&post=906"},{"taxonomy":"post_tag","embeddable":true,"href":"https:\/\/www.invarena.cz\/index.php?rest_route=%2Fwp%2Fv2%2Ftags&post=906"}],"curies":[{"name":"wp","href":"https:\/\/api.w.org\/{rel}","templated":true}]}}