{"id":9256,"date":"2013-08-15T01:28:42","date_gmt":"2013-08-14T23:28:42","guid":{"rendered":"http:\/\/www.invarena.cz\/?p=9256"},"modified":"2013-08-16T11:44:08","modified_gmt":"2013-08-16T09:44:08","slug":"sumava-se-stava-rajem-pro-handicapovane","status":"publish","type":"post","link":"https:\/\/www.invarena.cz\/?p=9256","title":{"rendered":"\u0160umava se st\u00e1v\u00e1 r\u00e1jem pro handicapovan\u00e9"},"content":{"rendered":"<p><strong>V N\u00e1rodn\u00edm parku \u0160umava dlouh\u00e9 roky na handicapovan\u00e9 moc nemysleli, to se te\u010f ale m\u011bn\u00ed. P\u0159edev\u0161\u00edm t\u011blesn\u011b posti\u017een\u00fdm lidem upoutan\u00fdm na invalidn\u00ed voz\u00edk u\u017e \u0160umava m\u00e1 co nab\u00eddnout.<\/strong><br \/>\n<!--more--><br \/>\nR\u00e1di byste vyrazili na dovolenou n\u011bkam do p\u0159\u00edrody, pry\u010d z usp\u011bchan\u00fdch m\u011bst, kde u\u017e dnes handicap neb\u00fdv\u00e1 takovou p\u0159ek\u00e1\u017ekou, ale nev\u00edte, zda p\u0159\u00edrodn\u00ed ter\u00e9n zvl\u00e1dnete? V NP \u0160umava pro v\u0161echny t\u011blesn\u011b posti\u017een\u00e9 vydali bro\u017euru, ve kter\u00e9 se dov\u00edte v\u0161e podstatn\u00e9 o bezbari\u00e9rov\u00fdch stezk\u00e1ch a informa\u010dn\u00edch st\u0159edisc\u00edch.<\/p>\n<p>\u017de neskon\u010dilo jen u vyd\u00e1n\u00ed n\u011bjak\u00e9ho pr\u016fvodce, dokumentuj\u00ed i nov\u011b otev\u0159en\u00e9 nau\u010dn\u00e9 stezky, kter\u00e9 jsou pohodln\u011b p\u0159\u00edstupn\u00e9 pro t\u011blesn\u011b posti\u017een\u00e9 lidi. Ka\u017ed\u00e9mu m\u016f\u017ee b\u00fdt nau\u010dn\u00e1 stezka Povyd\u0159\u00ed \u00fa\u017easn\u00fdm z\u00e1\u017eitkem. Nejen, \u017ee se n\u00e1v\u0161t\u011bvn\u00edci dov\u00ed spoustu zaj\u00edmav\u00fdch informac\u00ed, ale p\u0159edev\u0161\u00edm na vlastn\u00ed o\u010di a u\u0161i za\u017eije dravost p\u0159ekr\u00e1sn\u00e9 horsk\u00e9 \u0159\u00ed\u010dky pln\u00e9 chr\u00e1n\u011bn\u00fdch \u017eivo\u010dich\u016f.<\/p>\n<p>&#8222;Sna\u017e\u00edme se splatit dluh handicapovan\u00fdm lidem. P\u0159esto\u017ee zanedlouho N\u00e1rodn\u00ed park \u0160umava oslav\u00ed deset let existence, a\u017e dosud jsme nevydali \u017e\u00e1dnou bro\u017euru, kter\u00e1 by informovala o p\u0159\u00edrodn\u00edch zaj\u00edmavostech, je\u017e mohou nav\u0161t\u00edvit tak\u00e9 t\u011blesn\u011b posti\u017een\u00ed, ani\u017e by m\u011bli probl\u00e9my s p\u0159epravou. Prvn\u00ed takov\u00fd pr\u016fvodce je k dispozici a\u017e v t\u011bchto dnech. P\u0159ibli\u017euje trasu k p\u011bti c\u00edl\u016fm uvnit\u0159 N\u00e1rodn\u00edho parku \u0160umava, kter\u00fdch lze dos\u00e1hnout i na voz\u00ed\u010dku: Vchynicko &#8211; tetovsk\u00fd plavebn\u00ed kan\u00e1l, Povyd\u0159\u00ed, Jezern\u00ed i Chalupskou sla\u0165 a Schwarzenbersk\u00fd plavebn\u00ed kan\u00e1l. Chceme, aby \u0160umavu mohli pozn\u00e1vat v\u0161ichni lid\u00e9 bez ohledu na p\u0159\u00edpadn\u00fd handicap,&#8220; uvedl pro server iDNES.cz Vladim\u00edr Silovsk\u00fd, vedouc\u00ed \u00fatvaru pro ve\u0159ejnost Spr\u00e1vy N\u00e1rodn\u00edho parku \u0160umava.<\/p>\n<p>V NP \u0160umava si tak\u00e9 uv\u011bdomuj\u00ed, \u017ee nen\u00ed snadn\u00e9 vytvo\u0159it bezbari\u00e9rov\u00e9 stezky, jen podle n\u011bjak\u00fdch norem. \u017de cesty budou doopravdy pro voz\u00ed\u010dk\u00e1\u0159e sj\u00edzdn\u00e9, jim testuje b\u00fdval\u00fd aktivn\u00ed sportovec Martin \u0160vehla, kter\u00fd je dnes bohu\u017eel upoutan\u00fd na invalidn\u00ed voz\u00edk.<\/p>\n<p><strong>Na \u0160umav\u011b mysl\u00ed i na nevidom\u00e9<\/strong><\/p>\n<p>B\u011bhem p\u0159\u00ed\u0161t\u00edho roku by se \u0160umava m\u011bla p\u0159ibl\u00ed\u017eit i nevidom\u00fdm, kte\u0159\u00ed sice \u017e\u00e1dn\u00e9 speci\u00e1ln\u011b upraven\u00e9 cesty nepot\u0159ebuj\u00ed, ale zase spoustu p\u0159\u00edrodn\u00edch kr\u00e1s nemohou vid\u011bt. Proto pro n\u011b v N\u00e1rodn\u00edm parku vytvo\u0159\u00ed cel\u00fd are\u00e1l, kde budou moci neomezen\u011b vyu\u017e\u00edvat v\u0161echny sv\u00e9 zbyl\u00e9 smysly.<\/p>\n<p>&#8222;P\u0159ipravujeme cel\u00fd are\u00e1l, kter\u00fd bude ur\u010den\u00fd pro nevidom\u00e9. Pro lidi, kte\u0159\u00ed vid\u00ed a nemaj\u00ed \u017e\u00e1dn\u00fd handicap, nen\u00ed probl\u00e9m p\u0159edstavit si, jak v\u016fbec vypad\u00e1 jelen. U slepc\u016f je to jinak. Ti n\u011bkdy v\u016fbec netu\u0161\u00ed jak je jelen velik\u00fd, a \u017ee m\u00e1 parohy. V tomto nov\u011b vznikaj\u00edc\u00edm are\u00e1lu jim umo\u017en\u00edme, aby si na n\u011bj mohli s\u00e1hnout,&#8220; popisuje \u0159editel NP Ji\u0159\u00ed M\u00e1nek.<\/p>\n<p>Nav\u0161t\u00edvili jste u\u017e n\u011bkterou z \u0161umavsk\u00fdch bezbari\u00e9rov\u00fdch stezek a chcete se o z\u00e1\u017eitky pod\u011blit s ostatn\u00edmi? Nev\u00e1hejte napsat koment\u00e1\u0159e.<\/p>\n<p>Ji\u0159\u00ed Marek<br \/>\ninvArena<\/p>\n","protected":false},"excerpt":{"rendered":"<div class=\"mh-excerpt\"><p>V N\u00e1rodn\u00edm parku \u0160umava dlouh\u00e9 roky na handicapovan\u00e9 moc nemysleli, to se te\u010f ale m\u011bn\u00ed. P\u0159edev\u0161\u00edm t\u011blesn\u011b posti\u017een\u00fdm lidem upoutan\u00fdm na invalidn\u00ed voz\u00edk u\u017e \u0160umava <a class=\"mh-excerpt-more\" href=\"https:\/\/www.invarena.cz\/?p=9256\" title=\"\u0160umava se st\u00e1v\u00e1 r\u00e1jem pro handicapovan\u00e9\">[&#8230;]<\/a><\/p>\n<\/div>","protected":false},"author":3,"featured_media":2952,"comment_status":"open","ping_status":"open","sticky":false,"template":"","format":"standard","meta":{"footnotes":""},"categories":[7],"tags":[],"class_list":["post-9256","post","type-post","status-publish","format-standard","has-post-thumbnail","hentry","category-spolecnost"],"_links":{"self":[{"href":"https:\/\/www.invarena.cz\/index.php?rest_route=\/wp\/v2\/posts\/9256","targetHints":{"allow":["GET"]}}],"collection":[{"href":"https:\/\/www.invarena.cz\/index.php?rest_route=\/wp\/v2\/posts"}],"about":[{"href":"https:\/\/www.invarena.cz\/index.php?rest_route=\/wp\/v2\/types\/post"}],"author":[{"embeddable":true,"href":"https:\/\/www.invarena.cz\/index.php?rest_route=\/wp\/v2\/users\/3"}],"replies":[{"embeddable":true,"href":"https:\/\/www.invarena.cz\/index.php?rest_route=%2Fwp%2Fv2%2Fcomments&post=9256"}],"version-history":[{"count":0,"href":"https:\/\/www.invarena.cz\/index.php?rest_route=\/wp\/v2\/posts\/9256\/revisions"}],"wp:featuredmedia":[{"embeddable":true,"href":"https:\/\/www.invarena.cz\/index.php?rest_route=\/wp\/v2\/media\/2952"}],"wp:attachment":[{"href":"https:\/\/www.invarena.cz\/index.php?rest_route=%2Fwp%2Fv2%2Fmedia&parent=9256"}],"wp:term":[{"taxonomy":"category","embeddable":true,"href":"https:\/\/www.invarena.cz\/index.php?rest_route=%2Fwp%2Fv2%2Fcategories&post=9256"},{"taxonomy":"post_tag","embeddable":true,"href":"https:\/\/www.invarena.cz\/index.php?rest_route=%2Fwp%2Fv2%2Ftags&post=9256"}],"curies":[{"name":"wp","href":"https:\/\/api.w.org\/{rel}","templated":true}]}}