{"id":9350,"date":"2013-08-17T10:24:40","date_gmt":"2013-08-17T08:24:40","guid":{"rendered":"http:\/\/www.invarena.cz\/?p=9350"},"modified":"2013-08-17T10:25:42","modified_gmt":"2013-08-17T08:25:42","slug":"neslysici-o-prispevek-na-mobilitu-neprijdou","status":"publish","type":"post","link":"https:\/\/www.invarena.cz\/?p=9350","title":{"rendered":"Nesly\u0161\u00edc\u00ed o p\u0159\u00edsp\u011bvek na mobilitu nep\u0159ijdou"},"content":{"rendered":"<p><strong>Nesly\u0161\u00edc\u00ed m\u011bli podle legislativn\u00edch novel z soci\u00e1ln\u00ed reformy zah\u00e1jen\u00e9 exministrem pr\u00e1ce a soci\u00e1ln\u00edch v\u011bc\u00ed Dr\u00e1bkem p\u0159ij\u00edt o p\u0159\u00edsp\u011bvek na mobilitu, proto\u017ee maj\u00ed slevu v MHD. Poslanci v\u0161ak rozhodli jinak.<\/strong><\/p>\n<p><!--more--><\/p>\n<p>Zm\u011bnu z\u00e1kon\u016f za\u010dala p\u0159ipravovat u\u017e n\u011bkdej\u0161\u00ed ministryn\u011b pr\u00e1ce a soci\u00e1ln\u00edch v\u011bc\u00ed Ludmila M\u00fcllerov\u00e1 (TOP 09). Jej\u00ed n\u00e1stupce Franti\u0161ek Kon\u00ed\u010dek n\u00e1vrh dopracoval a po konzultaci s NRZP se nakonec poda\u0159ilo v z\u00e1kon\u011b ponechat i v\u00fdhody pro nesly\u0161\u00edc\u00ed.<\/p>\n<p>Zv\u00edt\u011bzila argumentace NRZNP, \u017ee nesly\u0161\u00edc\u00ed lid\u00e9 sice zaplat\u00ed v MHD ni\u017e\u0161\u00ed cenu, ale pokud s nimi jede p\u0159ekladatel do znakov\u00e9ho jazyka, mus\u00ed za n\u011bj platit plnou cenu. Nakonec tak nesly\u0161\u00edc\u00edm z\u016fstane jak sleva v doprav\u011b, tak p\u0159\u00edsp\u011bvek na mobilitu.<\/p>\n<p>&nbsp;<\/p>\n","protected":false},"excerpt":{"rendered":"<div class=\"mh-excerpt\"><p>Nesly\u0161\u00edc\u00ed m\u011bli podle legislativn\u00edch novel z soci\u00e1ln\u00ed reformy zah\u00e1jen\u00e9 exministrem pr\u00e1ce a soci\u00e1ln\u00edch v\u011bc\u00ed Dr\u00e1bkem p\u0159ij\u00edt o p\u0159\u00edsp\u011bvek na mobilitu, proto\u017ee maj\u00ed slevu v MHD. <a class=\"mh-excerpt-more\" href=\"https:\/\/www.invarena.cz\/?p=9350\" title=\"Nesly\u0161\u00edc\u00ed o p\u0159\u00edsp\u011bvek na mobilitu nep\u0159ijdou\">[&#8230;]<\/a><\/p>\n<\/div>","protected":false},"author":1,"featured_media":3624,"comment_status":"open","ping_status":"open","sticky":false,"template":"","format":"standard","meta":{"footnotes":""},"categories":[6],"tags":[],"class_list":["post-9350","post","type-post","status-publish","format-standard","has-post-thumbnail","hentry","category-politika"],"_links":{"self":[{"href":"https:\/\/www.invarena.cz\/index.php?rest_route=\/wp\/v2\/posts\/9350","targetHints":{"allow":["GET"]}}],"collection":[{"href":"https:\/\/www.invarena.cz\/index.php?rest_route=\/wp\/v2\/posts"}],"about":[{"href":"https:\/\/www.invarena.cz\/index.php?rest_route=\/wp\/v2\/types\/post"}],"author":[{"embeddable":true,"href":"https:\/\/www.invarena.cz\/index.php?rest_route=\/wp\/v2\/users\/1"}],"replies":[{"embeddable":true,"href":"https:\/\/www.invarena.cz\/index.php?rest_route=%2Fwp%2Fv2%2Fcomments&post=9350"}],"version-history":[{"count":0,"href":"https:\/\/www.invarena.cz\/index.php?rest_route=\/wp\/v2\/posts\/9350\/revisions"}],"wp:featuredmedia":[{"embeddable":true,"href":"https:\/\/www.invarena.cz\/index.php?rest_route=\/wp\/v2\/media\/3624"}],"wp:attachment":[{"href":"https:\/\/www.invarena.cz\/index.php?rest_route=%2Fwp%2Fv2%2Fmedia&parent=9350"}],"wp:term":[{"taxonomy":"category","embeddable":true,"href":"https:\/\/www.invarena.cz\/index.php?rest_route=%2Fwp%2Fv2%2Fcategories&post=9350"},{"taxonomy":"post_tag","embeddable":true,"href":"https:\/\/www.invarena.cz\/index.php?rest_route=%2Fwp%2Fv2%2Ftags&post=9350"}],"curies":[{"name":"wp","href":"https:\/\/api.w.org\/{rel}","templated":true}]}}