{"id":9431,"date":"2013-08-23T17:00:35","date_gmt":"2013-08-23T15:00:35","guid":{"rendered":"http:\/\/www.invarena.cz\/?p=9431"},"modified":"2013-08-23T17:17:28","modified_gmt":"2013-08-23T15:17:28","slug":"pravice-hrala-divadlo-socialni-sluzby-ji-nezajimaly","status":"publish","type":"post","link":"https:\/\/www.invarena.cz\/?p=9431","title":{"rendered":"KS\u010cM:&#8220;Pravice hr\u00e1la divadlo, soci\u00e1ln\u00ed slu\u017eby ji nezaj\u00edmaly&#8220;"},"content":{"rendered":"<p><strong>Poslankyn\u011b Lenka Kohoutov\u00e1 (ODS, foto) je\u0161t\u011b p\u0159ed rozpu\u0161t\u011bn\u00edm sn\u011bmovny po\u017eadovala, aby zam\u011bstnavatel\u00e9 zdravotn\u011b znev\u00fdhodn\u011bn\u00fdch m\u011bli znovu pr\u00e1vo na ur\u010ditou dotaci. Komunistick\u00e1 poslankyn\u011b Marta Semelov\u00e1 ale tvrd\u00ed, \u017ee to bylo od Kohoutov\u00e9 jen divadlo a \u017ee to nemyslela v\u00e1\u017en\u011b.<\/strong><\/p>\n<p><!--more--><\/p>\n<p>Jedn\u00edm z d\u016fle\u017eit\u00fdch z\u00e1kon\u016f, kter\u00fd bylo pot\u0159ebn\u00e9 projednat a schv\u00e1lit je\u0161t\u011b p\u0159ed rozpu\u0161t\u011bn\u00edm Poslaneck\u00e9 sn\u011bmovny, byla novela z\u00e1kona o soci\u00e1ln\u00edch slu\u017eb\u00e1ch. Jednalo se o odlo\u017een\u00ed p\u0159evodu financov\u00e1n\u00ed soci\u00e1ln\u00edch slu\u017eeb ze st\u00e1tu na kraj o dal\u0161\u00ed rok a d\u00e1le o \u00fapravu posuzov\u00e1n\u00ed a vyd\u00e1v\u00e1n\u00ed pr\u016fkaz\u016f pro osoby se zdravotn\u00edm posti\u017een\u00edm v souvislosti se zru\u0161en\u00edm sKaret.<\/p>\n<p>Pokud by nebyla zm\u00edn\u011bn\u00e1 novela p\u0159ijata, do\u0161lo by k ohro\u017een\u00ed fungov\u00e1n\u00ed soci\u00e1ln\u00edch slu\u017eeb a k probl\u00e9m\u016fm, kter\u00e9 by zkomplikovaly \u017eivot osob se zdravotn\u00edm posti\u017een\u00edm. Proto jsem r\u00e1da, \u017ee se nakonec poda\u0159ilo tuto novelu schv\u00e1lit, i kdy\u017e jedn\u00e1n\u00ed prob\u00edhalo ve vzru\u0161en\u00e9 atmosf\u00e9\u0159e.<\/p>\n<p>O tu se postarala p\u0159edev\u0161\u00edm poslankyn\u011b Lenka Kohoutov\u00e1 (ODS), kter\u00e1 po\u017eadovala, aby byl k t\u00e9to novele schv\u00e1len p\u0159\u00edlepek, t\u00fdkaj\u00edc\u00ed se novely z\u00e1kona o zam\u011bstnanosti, kter\u00e1 by navr\u00e1tila institut osoby zdravotn\u011b znev\u00fdhodn\u011bn\u00e9, a zam\u011bstnavatel\u00e9 t\u011bchto osob by m\u011bli znovu pr\u00e1vo na ur\u010ditou dotaci.<\/p>\n<p>Po\u017eadavek jako takov\u00fd samoz\u0159ejm\u011b podporujeme a dlouhodob\u011b usilujeme, na rozd\u00edl od b\u00fdval\u00e9 koalice, tak\u00e9 o jeho uz\u00e1kon\u011bn\u00ed. Umo\u017en\u011bn\u00ed dotace ze strany st\u00e1tu p\u0159i zam\u011bstn\u00e1v\u00e1n\u00ed t\u011bchto osob je velmi v\u00fdznamn\u00e9 pro zlep\u0161en\u00ed jejich postaven\u00ed na trhu pr\u00e1ce. Ov\u0161em zp\u016fsob, jak\u00fd na posledn\u00ed chv\u00edli p\u0159ed rozpu\u0161t\u011bn\u00edm sn\u011bmovny prosazovala poslankyn\u011b Lenka Kohoutov\u00e1, by vedl k tomu, \u017ee by pot\u0159ebn\u00fd z\u00e1kon spadl pod st\u016fl. \u00dastavn\u00ed soud toti\u017e u\u017e v minulosti ozna\u010dil p\u0159\u00edlepky k z\u00e1kon\u016fm za nep\u0159ijateln\u00e9 a sen\u00e1to\u0159i by tak pro z\u00e1kon nehlasovali. Proto bylo se sen\u00e1tory p\u0159i jedn\u00e1n\u00ed o dal\u0161\u00edm postupu dohodnuto, \u017ee podpo\u0159\u00ed n\u00e1vrh z\u00e1konn\u00e9ho opat\u0159en\u00ed, kter\u00e9 bude novelizovat z\u00e1kon o zam\u011bstnanosti a navr\u00e1t\u00ed institut osoby zdravotn\u011b znev\u00fdhodn\u011bn\u00e9 do na\u0161eho z\u00e1konod\u00e1rstv\u00ed.<\/p>\n<p>Toto \u0159e\u0161en\u00ed v\u0161ak ODS o\u010dividn\u011b nevyhovovalo. Pot\u0159ebovala p\u0159edv\u00e9st divad\u00e9lko, aby p\u0159esv\u011bd\u010dila ve\u0159ejnost, jak j\u00ed jde o blaho ob\u010dan\u016f. Aby zapomn\u011bli na to, \u017ee za sou\u010dasnou situaci, kter\u00e1 zkomplikovala \u017eivot zdravotn\u011b posti\u017een\u00fdm i znev\u00fdhodn\u011bn\u00fdm, ale tak\u00e9 zam\u011bstnavatel\u016fm, provozovatel\u016fm chr\u00e1n\u011bn\u00fdch d\u00edlen a provozovatel\u016fm soci\u00e1ln\u00edch slu\u017eeb, je zodpov\u011bdn\u00e1 pr\u00e1v\u011b b\u00fdval\u00e1 vl\u00e1dn\u00ed koalice, jej\u00ed\u017e sou\u010d\u00e1st\u00ed od po\u010d\u00e1tku ODS byla. A nejde pouze o tento z\u00e1kon.<\/p>\n<p>Vinu m\u00e1 b\u00fdval\u00e1 vl\u00e1dn\u00ed koalice i na zmatku a chaosu, kter\u00fd kv\u016fli legislativ\u011b, p\u0159ij\u00edman\u00e9 koali\u010dn\u00edmi poslanci a kritizovan\u00e9 opozic\u00ed, vznikl na \u00fa\u0159adech pr\u00e1ce, podepsala se na zoufal\u00e9 situaci lid\u00ed odk\u00e1zan\u00fdch na soci\u00e1ln\u00ed d\u00e1vky, na n\u011b\u017e museli dlouhou dobu \u010dekat.<\/p>\n<p>Koalici nezaj\u00edmalo, z \u010deho maj\u00ed \u017e\u00edt nezam\u011bstnan\u00ed, samo\u017eivitelky, d\u016fchodci, nemocn\u00ed, rodiny s d\u011btmi. P\u0159ed kamerami se vl\u00e1dn\u00ed poslanci &#8211; a speci\u00e1ln\u011b poslankyn\u011b Kohoutov\u00e1 &#8211; p\u0159edv\u00e1d\u011bli jako nejv\u011bt\u0161\u00ed lidumilov\u00e9, ale kdy\u017e do\u0161lo na hlasov\u00e1n\u00ed, zvedli ruku jako jeden mu\u017e \u010di \u017eena pro v\u0161echny ty asoci\u00e1ln\u00ed z\u00e1kony a \u0161krtreformy.<\/p>\n<p>To sam\u00e9 se t\u00fdk\u00e1 soci\u00e1ln\u00edch slu\u017eeb, kter\u00e9 jsou vlivem podfinancov\u00e1n\u00ed neust\u00e1le pod hrozbou z\u00e1niku. Posledn\u00edch n\u011bkolik let se toti\u017e opakuje situace, kdy je nutn\u00e9 pen\u00edze na dotace na soci\u00e1ln\u00ed slu\u017eby navy\u0161ovat b\u011bhem roku, proto\u017ee situace je tak kritick\u00e1, \u017ee by do\u0161lo k jejich likvidaci.<\/p>\n<p>P\u0159itom p\u0159i projedn\u00e1v\u00e1n\u00ed st\u00e1tn\u00edho rozpo\u010dtu komunisti\u010dt\u00ed poslanci v\u017edy prosazovali nav\u00fd\u0161en\u00ed t\u00e9to kapitoly tak, aby soci\u00e1ln\u00ed slu\u017eby mohly fungovat. Marn\u011b. Pravice tyto n\u00e1vrhy v\u017edy smetla ze stolu. Pro rok 2013 tak bylo nejd\u0159\u00edve na dotace vy\u010dlen\u011bno cca 6,05 miliardy korun, tedy o cca 360 milion\u016f korun m\u00e9n\u011b, ne\u017e byly celkov\u00e9 lo\u0148sk\u00e9 v\u00fddaje.<\/p>\n<p>V pr\u016fb\u011bhu roku se \u010d\u00e1stka musela nav\u00fd\u0161it, a to o 500 milion\u016f korun, kter\u00e9 se od \u010dervence za\u010daly rozd\u011blovat. A to nemluv\u00edm o probl\u00e9mech t\u00fdkaj\u00edc\u00edch se plat\u016f zam\u011bstnanc\u016f v za\u0159\u00edzen\u00edch soci\u00e1ln\u00edch slu\u017eeb, kter\u00e9 dlouhodob\u011b zaost\u00e1vaj\u00ed za v\u00fdd\u011blky srovnateln\u00fdch zam\u011bstnanc\u016f v jin\u00fdch sf\u00e9r\u00e1ch hospod\u00e1\u0159stv\u00ed.<br \/>\nNa velmi \u0161patnou finan\u010dn\u00ed situaci upozor\u0148uje tak\u00e9 Asociace organizac\u00ed nesly\u0161\u00edc\u00edch a nedosl\u00fdchav\u00fdch. Tady jde o financov\u00e1n\u00ed tlumo\u010dnick\u00fdch slu\u017eeb pro nesly\u0161\u00edc\u00ed v \u010cR. Probl\u00e9m sni\u017eov\u00e1n\u00ed a nesystematick\u00e9ho rozd\u011blov\u00e1n\u00ed dotac\u00ed v t\u00e9to soci\u00e1ln\u00ed slu\u017eb\u011b se neust\u00e1le zhor\u0161uje ji\u017e t\u0159et\u00edm rokem, ov\u0161em v tomto roce jsou dotace pro n\u011b rekordn\u011b nejni\u017e\u0161\u00ed.<\/p>\n<p>Situace je tak pro nesly\u0161\u00edc\u00ed osoby prakticky ne\u00fanosn\u00e1. Proto se rozhodli \u010dty\u0159i nejv\u00fdznamn\u011bj\u0161\u00ed poskytovatel\u00e9 tlumo\u010dnick\u00fdch slu\u017eeb v \u010cR (ASNEP, SNN \u010cR, \u010cUN a Komora), tlumo\u010dn\u00edci a dal\u0161\u00ed uspo\u0159\u00e1dat 3. z\u00e1\u0159\u00ed protestn\u00ed akci.<\/p>\n<p>Probl\u00e9m\u016f v oblasti soci\u00e1ln\u00edch slu\u017eeb je samoz\u0159ejm\u011b je\u0161t\u011b mnohem v\u00edc. Toto je jen uk\u00e1zka toho, na \u010dem se pravice v \u010cR dlouhodob\u011b podepisuje a na co by ob\u010dan\u00e9, a\u017e p\u016fjdou k volb\u00e1m, nem\u011bli zapom\u00ednat. Poslanci za KS\u010cM dlouhodob\u011b a ve spolupr\u00e1ci s r\u016fzn\u00fdmi asociacemi, odbory, N\u00e1rodn\u00ed radou zdravotn\u011b posti\u017een\u00fdch a dal\u0161\u00edmi odborn\u00edky a ob\u010dany usiluj\u00ed o zlep\u0161en\u00ed st\u00e1vaj\u00edc\u00ed situace. V tom chceme pokra\u010dovat i po volb\u00e1ch. Do jak\u00e9 m\u00edry se n\u00e1m to poda\u0159\u00ed, bude z\u00e1le\u017eet na tom, jak ob\u010dan\u00e9 rozdaj\u00ed karty.<\/p>\n<p>Marta SEMELOV\u00c1, poslankyn\u011b (KS\u010cM)<\/p>\n<p>Hal\u00f3 noviny<\/p>\n","protected":false},"excerpt":{"rendered":"<div class=\"mh-excerpt\"><p>Poslankyn\u011b Lenka Kohoutov\u00e1 (ODS, foto) je\u0161t\u011b p\u0159ed rozpu\u0161t\u011bn\u00edm sn\u011bmovny po\u017eadovala, aby zam\u011bstnavatel\u00e9 zdravotn\u011b znev\u00fdhodn\u011bn\u00fdch m\u011bli znovu pr\u00e1vo na ur\u010ditou dotaci. Komunistick\u00e1 poslankyn\u011b Marta Semelov\u00e1 ale <a class=\"mh-excerpt-more\" href=\"https:\/\/www.invarena.cz\/?p=9431\" title=\"KS\u010cM:&#8220;Pravice hr\u00e1la divadlo, soci\u00e1ln\u00ed slu\u017eby ji nezaj\u00edmaly&#8220;\">[&#8230;]<\/a><\/p>\n<\/div>","protected":false},"author":1,"featured_media":1829,"comment_status":"open","ping_status":"open","sticky":false,"template":"","format":"standard","meta":{"footnotes":""},"categories":[4],"tags":[],"class_list":["post-9431","post","type-post","status-publish","format-standard","has-post-thumbnail","hentry","category-nazory"],"_links":{"self":[{"href":"https:\/\/www.invarena.cz\/index.php?rest_route=\/wp\/v2\/posts\/9431","targetHints":{"allow":["GET"]}}],"collection":[{"href":"https:\/\/www.invarena.cz\/index.php?rest_route=\/wp\/v2\/posts"}],"about":[{"href":"https:\/\/www.invarena.cz\/index.php?rest_route=\/wp\/v2\/types\/post"}],"author":[{"embeddable":true,"href":"https:\/\/www.invarena.cz\/index.php?rest_route=\/wp\/v2\/users\/1"}],"replies":[{"embeddable":true,"href":"https:\/\/www.invarena.cz\/index.php?rest_route=%2Fwp%2Fv2%2Fcomments&post=9431"}],"version-history":[{"count":0,"href":"https:\/\/www.invarena.cz\/index.php?rest_route=\/wp\/v2\/posts\/9431\/revisions"}],"wp:featuredmedia":[{"embeddable":true,"href":"https:\/\/www.invarena.cz\/index.php?rest_route=\/wp\/v2\/media\/1829"}],"wp:attachment":[{"href":"https:\/\/www.invarena.cz\/index.php?rest_route=%2Fwp%2Fv2%2Fmedia&parent=9431"}],"wp:term":[{"taxonomy":"category","embeddable":true,"href":"https:\/\/www.invarena.cz\/index.php?rest_route=%2Fwp%2Fv2%2Fcategories&post=9431"},{"taxonomy":"post_tag","embeddable":true,"href":"https:\/\/www.invarena.cz\/index.php?rest_route=%2Fwp%2Fv2%2Ftags&post=9431"}],"curies":[{"name":"wp","href":"https:\/\/api.w.org\/{rel}","templated":true}]}}