{"id":9473,"date":"2013-08-22T12:08:11","date_gmt":"2013-08-22T10:08:11","guid":{"rendered":"http:\/\/www.invarena.cz\/?p=9473"},"modified":"2014-10-20T20:07:00","modified_gmt":"2014-10-20T18:07:00","slug":"nevzdali-se-a-maji-praci-i-presto-ze-je-brzdi-vlastni-hendikep","status":"publish","type":"post","link":"https:\/\/www.invarena.cz\/?p=9473","title":{"rendered":"Nevzdali se a maj\u00ed pr\u00e1ci. I p\u0159esto, \u017ee je brzd\u00ed vlastn\u00ed hendikep"},"content":{"rendered":"<p><strong>T\u0159i roky funguje v St\u010d. kraji program na podporu podnik\u00e1n\u00ed lid\u00ed s civiliza\u010dn\u00edmi chorobami. Za tu dobu u\u017e dok\u00e1zal zp\u00e1tky na pracovn\u00ed trh vr\u00e1tit 61 lid\u00ed, kter\u00e9 p\u0159i hled\u00e1n\u00ed pr\u00e1ce v\u00fdrazn\u011b limituje zdrav\u00ed. \u010ct\u011bte jak&#8230;<\/strong><br \/>\n<!--more--> Slibn\u00fd rozjezd porevolu\u010dn\u00edho podnik\u00e1n\u00ed na vr\u00e1cen\u00fdch pol\u00edch zarazila u Olgy Stehl\u00edkov\u00e9 z Ov\u010d\u00e1ren na Mladoboleslavsku d\u011bdi\u010dn\u00e1 vada srdce. Po smrti stejn\u011b posti\u017een\u00e9 sestry z\u016fstala na hospod\u00e1\u0159stv\u00ed sama, nemocn\u00e1 a bez pomocn\u00edk\u016f. Roky tr\u00e1vila chozen\u00edm na \u00fa\u0159ad pr\u00e1ce, ale te\u010f se do zem\u011bd\u011blstv\u00ed vrac\u00ed \u2013 bude prod\u00e1vat vejce. Pomohl j\u00ed v tom evropsk\u00fd projekt na podporu podnik\u00e1n\u00ed lid\u00ed s civiliza\u010dn\u00edmi chorobami.<\/p>\n<p>&#8222;U\u017e m\u00e1m t\u0159i des\u00edtky slepic, r\u00e1da bych je\u0161t\u011b deset p\u0159ikoupila, prodej vaj\u00ed\u010dek se snad rozjede co nevid\u011bt. Chci lidem nab\u00eddnout kvalitu, ale za rozumnou cenu,&#8220; popisuje sv\u016fj pl\u00e1n Stehl\u00edkov\u00e1.<\/p>\n<p>Do programu, kter\u00fd lidem se zdravotn\u00edmi pot\u00ed\u017eemi nab\u00eddl vzd\u011bl\u00e1vac\u00ed semin\u00e1\u0159e o rozjezdu podnik\u00e1n\u00ed, se p\u0159ihl\u00e1sila na doporu\u010den\u00ed \u00fa\u0159adu.<\/p>\n<p>&#8222;Dalo mi to stra\u0161n\u011b moc, nejen znalosti, ale i nov\u00e9 p\u0159\u00e1tele a impulz, \u017ee kdy\u017e chcete, dok\u00e1\u017eete \u00fapln\u011b v\u0161echno,&#8220; \u0159\u00edk\u00e1 \u017eena, kter\u00e1 u\u017e z rodiny z\u016fstala posledn\u00ed, a\u010d je j\u00ed teprve 53 let. D\u011bdi\u010dn\u00e1 choroba toti\u017e zp\u016fsobuje \u00famrt\u00ed v n\u00edzk\u00e9m v\u011bku.<\/p>\n<p>Pr\u00e1v\u011b \u00fa\u010dastn\u00edk\u016fm kurzu pak dokonce volala i ve chv\u00edli, kdy pot\u0159ebovala pomoci s opravou kurn\u00edk\u016f.<\/p>\n<p><strong>Za t\u0159i roky 24 \u017eivnostn\u00edk\u016f a 37 zam\u011bstnan\u00fdch<\/strong><\/p>\n<p>Projekt na podporu podnik\u00e1n\u00ed lid\u00ed s civiliza\u010dn\u00edmi chorobami se ve v\u0161ech 12 okresech v kraji konal od z\u00e1\u0159\u00ed roku 2011 a skon\u010d\u00ed letos v srpnu. Lekto\u0159i p\u0159itom jezdili do jednotliv\u00fdch m\u00edst, odpadalo tak dlouh\u00e9 cestov\u00e1n\u00ed.<\/p>\n<p>&#8222;Nab\u00eddky vyu\u017eilo 63 mu\u017e\u016f a 131 \u017een. \u00dasp\u011b\u0161n\u00ed jsme byli zat\u00edm v 61 p\u0159\u00edpadech, nov\u00e9 zam\u011bstn\u00e1n\u00ed m\u00e1 37 lid\u00ed a dal\u0161\u00edch 24 za\u010dalo samostatn\u011b podnikat,&#8220; shrnul t\u0159\u00edlet\u00e9 sna\u017een\u00ed mana\u017eer projektu Ji\u0159\u00ed \u010cerven\u00fd ze spole\u010dnosti ACZ. Ta celou akci p\u0159ipravila. Tato \u010d\u00edsla se podle n\u011bj nav\u00edc budou d\u00e1le zvy\u0161ovat, proto\u017ee v \u0159ad\u011b lid\u00ed mus\u00ed nabyt\u00e9 znalosti je\u0161t\u011b uzr\u00e1t a ani rozjezd podnik\u00e1n\u00ed nen\u00ed \u00fapln\u011b bleskovou z\u00e1le\u017eitost\u00ed.<\/p>\n<p>Pro lektorku Vladim\u00edru Voithovou v\u0161ak je velk\u00fdm \u00fasp\u011bchem u\u017e st\u00e1vaj\u00edc\u00ed t\u0159etina lid\u00ed, kter\u00fdm program pomohl znovu za\u010d\u00edt. &#8222;Bojujete toti\u017e s t\u00edm, aby si ti lid\u00e9 v\u011b\u0159ili, \u017ee na n\u011bco podobn\u00e9ho maj\u00ed. Velmi \u010dasto cel\u00fd \u017eivot sl\u00fdchaj\u00ed prav\u00fd opak a tvrzen\u00ed, \u017ee nemus\u00ed nic d\u011blat, proto\u017ee na to p\u0159ece maj\u00ed pap\u00edr. Pokud v tomhle n\u011bkdo \u017eije dlouhodob\u011b, je opravdu t\u011b\u017ek\u00e9 jej motivovat,&#8220; vysv\u011btluje Voithov\u00e1.<\/p>\n<p>A st\u00e1v\u00e1 se i to, \u017ee ve\u0161ker\u00e9 odhodl\u00e1n\u00ed op\u011bt naraz\u00ed na nepochopen\u00ed okol\u00ed. Jedna z klientek tak nap\u0159\u00edklad podle Voithov\u00e9 musela pro \u017eivnostensk\u00e9 opr\u00e1vn\u011bn\u00ed nat\u0159ikr\u00e1t. Dvakr\u00e1t se j\u00ed toti\u017e na \u00fa\u0159ad\u011b podivili, pro\u010d chce ve sv\u00e9m v\u011bku a zdravotn\u00edm stavu za\u010d\u00edt podnikat.<\/p>\n<p>Kurz pomohl i Mark\u00e9t\u011b S\u00fdkorov\u00e9 z P\u0159\u00edbrami, kter\u00e1 m\u00e1 vrozenou vadu kolene. &#8222;Limitoval mne zdravotn\u00ed stav i p\u00e9\u010de o rodinu. Skloubit tohle v\u0161echno s prac\u00ed nebylo v\u016fbec jednoduch\u00e9. D\u00edky \u00fa\u010dasti v kurzu se mi to nakonec povedlo, pracuju te\u010f v d\u00edln\u011b Svazu t\u011blesn\u011b posti\u017een\u00fdch,&#8220; popsala.<\/p>\n<p><strong>Z vr\u00e1tnice snad jednou k p\u00e9\u010di o d\u011bti<\/strong><\/p>\n<p>Podle \u010cerven\u00e9ho se do kurzu hl\u00e1sili lid\u00e9 s r\u016fznou \u0161k\u00e1lou nemoc\u00ed nebo handicap\u016f. &#8222;Byly to poruchy vnit\u0159n\u00edch org\u00e1n\u016f, vrozen\u00e9 vady i t\u0159eba psychick\u00e9 pot\u00ed\u017ee,&#8220; popsal.<\/p>\n<p>To je p\u0159\u00edpad i Hany z Kol\u00edna, kter\u00e1 trp\u00ed zrakov\u00fdm a leh\u010d\u00edm psychick\u00fdm handicapem. Sice pr\u00e1ci m\u00e1, a to na jedn\u00e9 z kol\u00ednsk\u00fdch vr\u00e1tnic. Program ji v\u0161ak navnadil k tomu, \u017ee by r\u00e1da jednou pracovala s d\u011btmi.<\/p>\n<p>Zuzana Foj\u010d\u00edkov\u00e1<br \/>\nMlad\u00e1 fronta DNES<\/p>\n","protected":false},"excerpt":{"rendered":"<div class=\"mh-excerpt\"><p>T\u0159i roky funguje v St\u010d. kraji program na podporu podnik\u00e1n\u00ed lid\u00ed s civiliza\u010dn\u00edmi chorobami. Za tu dobu u\u017e dok\u00e1zal zp\u00e1tky na pracovn\u00ed trh vr\u00e1tit 61 <a class=\"mh-excerpt-more\" href=\"https:\/\/www.invarena.cz\/?p=9473\" title=\"Nevzdali se a maj\u00ed pr\u00e1ci. I p\u0159esto, \u017ee je brzd\u00ed vlastn\u00ed hendikep\">[&#8230;]<\/a><\/p>\n<\/div>","protected":false},"author":1,"featured_media":0,"comment_status":"open","ping_status":"open","sticky":false,"template":"","format":"standard","meta":{"footnotes":""},"categories":[7],"tags":[],"class_list":["post-9473","post","type-post","status-publish","format-standard","hentry","category-spolecnost"],"_links":{"self":[{"href":"https:\/\/www.invarena.cz\/index.php?rest_route=\/wp\/v2\/posts\/9473","targetHints":{"allow":["GET"]}}],"collection":[{"href":"https:\/\/www.invarena.cz\/index.php?rest_route=\/wp\/v2\/posts"}],"about":[{"href":"https:\/\/www.invarena.cz\/index.php?rest_route=\/wp\/v2\/types\/post"}],"author":[{"embeddable":true,"href":"https:\/\/www.invarena.cz\/index.php?rest_route=\/wp\/v2\/users\/1"}],"replies":[{"embeddable":true,"href":"https:\/\/www.invarena.cz\/index.php?rest_route=%2Fwp%2Fv2%2Fcomments&post=9473"}],"version-history":[{"count":0,"href":"https:\/\/www.invarena.cz\/index.php?rest_route=\/wp\/v2\/posts\/9473\/revisions"}],"wp:attachment":[{"href":"https:\/\/www.invarena.cz\/index.php?rest_route=%2Fwp%2Fv2%2Fmedia&parent=9473"}],"wp:term":[{"taxonomy":"category","embeddable":true,"href":"https:\/\/www.invarena.cz\/index.php?rest_route=%2Fwp%2Fv2%2Fcategories&post=9473"},{"taxonomy":"post_tag","embeddable":true,"href":"https:\/\/www.invarena.cz\/index.php?rest_route=%2Fwp%2Fv2%2Ftags&post=9473"}],"curies":[{"name":"wp","href":"https:\/\/api.w.org\/{rel}","templated":true}]}}