{"id":9506,"date":"2013-08-23T17:05:46","date_gmt":"2013-08-23T15:05:46","guid":{"rendered":"http:\/\/www.invarena.cz\/?p=9506"},"modified":"2013-08-23T17:07:45","modified_gmt":"2013-08-23T15:07:45","slug":"hledani-prace-s-handicapem","status":"publish","type":"post","link":"https:\/\/www.invarena.cz\/?p=9506","title":{"rendered":"Poslanci neschv\u00e1lili podporu zam\u011bstn\u00e1v\u00e1n\u00ed zdravotn\u011b znev\u00fdhodn\u011bn\u00fdch"},"content":{"rendered":"<p><strong>Tis\u00edce lid\u00ed se zdravotn\u00edm znev\u00fdhodn\u011bn\u00edm se v \u010cesku ob\u00e1vaj\u00ed o pr\u00e1ci. \u017divot jim komplikuje z\u00e1kon, kter\u00fd zru\u0161il kategorii zam\u011bstnanc\u016f s t\u00edmto znev\u00fdhodn\u011bn\u00edm a firm\u00e1m odebral da\u0148ov\u00e9 \u00falevy. Ty je proto propou\u0161t\u011bj\u00ed.\u00a0<\/strong><\/p>\n<p><!--more--><\/p>\n<p><strong>N\u00e1pravu m\u011bla p\u0159in\u00e9st novela o soci\u00e1ln\u00edch slu\u017eb\u00e1ch, kon\u010d\u00edc\u00ed sn\u011bmovna ale navrhovanou zm\u011bnu neschv\u00e1lila.<\/strong><\/p>\n<p>M\u00e1lokdo pozn\u00e1, \u017ee je pan\u00ed Marcela nemocn\u00e1. Na prvn\u00ed pohled pr\u00e1ci ukl\u00edze\u010dky zvl\u00e1d\u00e1 jako ka\u017ed\u00fd. Ob\u010das j\u00ed ale zlob\u00ed bolav\u00e1 z\u00e1da.<\/p>\n<p>Marcela ukl\u00edze\u010dka:&#8220;M\u016f\u017eu kdykoliv se zastavit a odpo\u010dinout si.&#8220;<\/p>\n<p>Pr\u00e1v\u011b oddechov\u00fd \u010das a dal\u0161\u00ed speci\u00e1ln\u00ed pot\u0159eby, i kdy\u017e minim\u00e1ln\u00ed, n\u011bkter\u00e9 firmy netoleruj\u00ed a takov\u00e9 zam\u011bstnance necht\u011bj\u00ed. Dlouhodob\u011b proto z\u016fst\u00e1vaj\u00ed na \u00fa\u0159ad\u011b pr\u00e1ce, stejn\u011b jako lid\u00e9 s nejni\u017e\u0161\u00edm vzd\u011bl\u00e1n\u00edm nebo ti, kte\u0159\u00ed se pr\u00e1v\u011b vr\u00e1tili z v\u011bzen\u00ed.<\/p>\n<p>Jen\u017ee osob zdravotn\u011b znev\u00fdhodn\u011bn\u00fdch je v \u010cesku p\u0159es 40 tis\u00edc. Jsou to t\u0159eba astmatici, cukrovk\u00e1\u0159i nebo lid\u00e9 s nejni\u017e\u0161\u00ed formou roztrou\u0161en\u00e9 skler\u00f3zy. Ti dosud pracovali pr\u00e1v\u011b proto, \u017ee na n\u011b zam\u011bstnavatel dost\u00e1val da\u0148ov\u00e9 \u00falevy.<\/p>\n<p>Lenka Kohoutov\u00e1, poslankyn\u011b, p\u0159edkladatelka pozm\u011b\u0148ovac\u00edho n\u00e1vrhu \u0159\u00edk\u00e1: &#8222;Jsou to lidi, kte\u0159\u00ed neberou invalidn\u00ed d\u016fchody, ale jsou lidmi, kte\u0159\u00ed jsou nejv\u00edce ohro\u017eeni soci\u00e1ln\u00edm vylou\u010den\u00edm.&#8220;<\/p>\n<p>Tak\u00e9 \u017eena, kter\u00e1 trp\u00ed psychick\u00fdmi probl\u00e9my, o status osoby se zdravotn\u00edm znev\u00fdhodn\u011bn\u00edm p\u0159i\u0161la. Te\u010f proto dostala v\u00fdpov\u011b\u010f, stejn\u011b jako tis\u00edce dal\u0161\u00edch v republice.<\/p>\n<p>Jana, ukl\u00edze\u010dka:&#8220; Te\u010f jsem bez zam\u011bstn\u00e1n\u00ed, p\u016fjdu na prac\u00e1k, zase tam m\u016f\u017eu bejt 5 let, proto\u017ee nese\u017eenu pr\u00e1ci.&#8220;<br \/>\nO znovuzaveden\u00ed zvl\u00e1\u0161tn\u00ed kategorie usiluj\u00ed i zam\u011bstnavatel\u00e9. U\u017e proto, \u017ee lid\u00e9 s leh\u010d\u00edmi zdravotn\u00edmi probl\u00e9my jim pom\u00e1hali s t\u011bmi v\u00e1\u017en\u011b posti\u017een\u00fdmi.<\/p>\n<p>Pavel Soukup, majitel firmy:&#8220;Jsou to lidi v podstat\u011b okolo 50 let. A to zdrav\u00ed u\u017e ani nenastartujou. A t\u00edm, \u017ee je po\u0161leme znova na \u00fa\u0159ad pr\u00e1ce, t\u00edm bude v\u011bt\u0161\u00ed z\u00e1t\u011b\u017e st\u00e1tu.&#8220;<\/p>\n<p>Pan\u00ed Jana a Marcela po\u0159\u00e1d v\u011b\u0159\u00ed, \u017ee se nakonec politici dohodnou a kategorii osob se zdravotn\u00edm znev\u00fdhodn\u011bn\u00edm op\u011bt do z\u00e1kona vr\u00e1t\u00ed, ale d\u0159\u00edv ne\u017e s novou sn\u011bmovnou to nebude.<\/p>\n<p>podle report\u00e1\u017ee \u010cesk\u00e9 televize zaznamenala invArena<\/p>\n","protected":false},"excerpt":{"rendered":"<div class=\"mh-excerpt\"><p>Tis\u00edce lid\u00ed se zdravotn\u00edm znev\u00fdhodn\u011bn\u00edm se v \u010cesku ob\u00e1vaj\u00ed o pr\u00e1ci. \u017divot jim komplikuje z\u00e1kon, kter\u00fd zru\u0161il kategorii zam\u011bstnanc\u016f s t\u00edmto znev\u00fdhodn\u011bn\u00edm a firm\u00e1m odebral <a class=\"mh-excerpt-more\" href=\"https:\/\/www.invarena.cz\/?p=9506\" title=\"Poslanci neschv\u00e1lili podporu zam\u011bstn\u00e1v\u00e1n\u00ed zdravotn\u011b znev\u00fdhodn\u011bn\u00fdch\">[&#8230;]<\/a><\/p>\n<\/div>","protected":false},"author":1,"featured_media":915,"comment_status":"open","ping_status":"open","sticky":false,"template":"","format":"standard","meta":{"footnotes":""},"categories":[6,7],"tags":[],"class_list":["post-9506","post","type-post","status-publish","format-standard","has-post-thumbnail","hentry","category-politika","category-spolecnost"],"_links":{"self":[{"href":"https:\/\/www.invarena.cz\/index.php?rest_route=\/wp\/v2\/posts\/9506","targetHints":{"allow":["GET"]}}],"collection":[{"href":"https:\/\/www.invarena.cz\/index.php?rest_route=\/wp\/v2\/posts"}],"about":[{"href":"https:\/\/www.invarena.cz\/index.php?rest_route=\/wp\/v2\/types\/post"}],"author":[{"embeddable":true,"href":"https:\/\/www.invarena.cz\/index.php?rest_route=\/wp\/v2\/users\/1"}],"replies":[{"embeddable":true,"href":"https:\/\/www.invarena.cz\/index.php?rest_route=%2Fwp%2Fv2%2Fcomments&post=9506"}],"version-history":[{"count":0,"href":"https:\/\/www.invarena.cz\/index.php?rest_route=\/wp\/v2\/posts\/9506\/revisions"}],"wp:featuredmedia":[{"embeddable":true,"href":"https:\/\/www.invarena.cz\/index.php?rest_route=\/wp\/v2\/media\/915"}],"wp:attachment":[{"href":"https:\/\/www.invarena.cz\/index.php?rest_route=%2Fwp%2Fv2%2Fmedia&parent=9506"}],"wp:term":[{"taxonomy":"category","embeddable":true,"href":"https:\/\/www.invarena.cz\/index.php?rest_route=%2Fwp%2Fv2%2Fcategories&post=9506"},{"taxonomy":"post_tag","embeddable":true,"href":"https:\/\/www.invarena.cz\/index.php?rest_route=%2Fwp%2Fv2%2Ftags&post=9506"}],"curies":[{"name":"wp","href":"https:\/\/api.w.org\/{rel}","templated":true}]}}