{"id":9534,"date":"2013-08-24T01:10:33","date_gmt":"2013-08-23T23:10:33","guid":{"rendered":"http:\/\/www.invarena.cz\/?p=9534"},"modified":"2013-08-24T11:17:06","modified_gmt":"2013-08-24T09:17:06","slug":"pane-ministre-zachrante-nejen-vesnu","status":"publish","type":"post","link":"https:\/\/www.invarena.cz\/?p=9534","title":{"rendered":"Pane minist\u0159e, zachra\u0148te nejen Vesnu!"},"content":{"rendered":"<p><strong>Poslankyn\u011b So\u0148a Markov\u00e1 (foto), je\u017e je st\u00ednovou ministryn\u00ed zdravotnictv\u00ed za KS\u010cM, kritizuje zaveden\u00ed poplatk\u016f pro rodi\u010de d\u011bt\u00ed, kte\u0159\u00ed v l\u00e9\u010debn\u00fdch l\u00e1zn\u00edch Vesna pob\u00fdvaj\u00ed spolu s nimi. Krizov\u00e9mu mana\u017eerovi pr\u00fd zat\u00edm jeho kroky nevych\u00e1zej\u00ed.<\/strong><\/p>\n<p><!--more--><\/p>\n<p>P\u0159ed ned\u00e1vnem to vypadalo, \u017ee b\u00fdval\u00fd ministr zdravotnictv\u00ed Leo\u0161 Heger dokonce poprv\u00e9 ud\u011blal n\u011bco rozumn\u00e9ho, kdy\u017e vyslechl hlasy, kter\u00e9 nal\u00e9hav\u011b volaly po z\u00e1chran\u011b unik\u00e1tn\u00ed d\u011btsk\u00e9 l\u00e9\u010debny Vesna ve st\u00e1tn\u00edch Jansk\u00fdch L\u00e1zn\u00edch.<\/p>\n<p>Rodi\u010de d\u011bt\u00ed, zam\u011bstnanci i \u0161irok\u00e1 ve\u0159ejnost upozor\u0148ovali na fakt, \u017ee po vyd\u00e1n\u00ed nov\u00e9ho \u00bblikvida\u010dn\u00edho\u00ab indika\u010dn\u00edho seznamu hroz\u00ed prakticky v\u0161em l\u00e1zn\u00edm kolaps v d\u016fsledku poklesu obsazenosti na polovinu. B\u00fdval\u00fd \u0159editel, zam\u011bstnanci i ve\u0159ejnost upozornili na tuto katastrof\u00e1ln\u00ed situaci a pan Heger kupodivu hbit\u011b zas\u00e1hl.<\/p>\n<p>Vyhodil \u010dlov\u011bka, kter\u00fd dvacet let pro rozvoj Jansk\u00fdch L\u00e1zn\u00ed pracoval, a nastolil bez v\u00fdb\u011brov\u00e9ho \u0159\u00edzen\u00ed krizov\u00e9ho mana\u017eera pana \u0160imurdu. Ten ji\u017e pro\u0161el n\u011bkolika zdravotnick\u00fdmi za\u0159\u00edzen\u00edmi jaksi bez \u00fasp\u011bchu a v\u017edy \u00bbbyl odejit\u00ab.<\/p>\n<p>Dnes je situace takov\u00e1, \u017ee nov\u00fd pan \u0159editel sice p\u0159istoupil k n\u011bkter\u00fdm krok\u016fm, kter\u00e9 m\u011bly ekonomickou situaci zlep\u0161it, ale bez valn\u00e9ho \u00fasp\u011bchu. Jde nap\u0159\u00edklad o nasmlouv\u00e1n\u00ed odborn\u011b l\u00e9\u010debn\u00fdch l\u016f\u017eek, o co\u017e ale ji\u017e dlouhodob\u011b a bez v\u00fdsledku usilovalo u ministerstva zdravotnictv\u00ed minul\u00e9 veden\u00ed l\u00e1zn\u00ed.<\/p>\n<p>Nakonec bylo odsouhlaseno jako z\u00e1chrann\u00e1 akce, ale bez jak\u00e9koliv propagace, tak\u017ee nyn\u00ed t\u00e9to nab\u00eddky vyu\u017e\u00edv\u00e1 jen n\u011bkolik pacient\u016f.<\/p>\n<p>Nav\u00edc k tomu krizov\u00fd mana\u017eer zavedl povinn\u00fd poplatek pro doprovod d\u00edt\u011bte kv\u016fli \u00fadajn\u00e9 n\u00edzk\u00e9 \u00fahrad\u011b od poji\u0161\u0165ovny. Po st\u00ed\u017enostech na nez\u00e1konnost takov\u00e9ho kon\u00e1n\u00ed poplatek z\u016fstal pod jin\u00fdm n\u00e1zvem -za to, \u017ee rodi\u010de budou moci b\u00fdt se sv\u00fdm d\u00edt\u011btem na pokoji.<\/p>\n<p>Pokud ho \u00bbdobrovoln\u011b\u00ab nezaplat\u00ed, budou od sv\u00e9ho t\u011b\u017ece zdravotn\u011b posti\u017een\u00e9ho d\u00edt\u011bte odst\u011bhov\u00e1ni a starat se pr\u00fd budou sestry. Jejich po\u010det by ale musel b\u00fdt v\u00fdznamn\u011b nav\u00fd\u0161en.<\/p>\n<p>Je tedy ot\u00e1zkou, zda jde panu \u0160imurdovi skute\u010dn\u011b o z\u00edsk\u00e1n\u00ed dal\u0161\u00edch -podle n\u011bj z\u0159ejm\u011b nelukrativn\u00edch -pacient\u016f.<\/p>\n<p>Jeho pl\u00e1n, \u017ee Jansk\u00e9 L\u00e1zn\u011b budou pln\u00e9 bohat\u00fdch samopl\u00e1tc\u016f a turist\u016f, ale tak\u00e9 nevych\u00e1z\u00ed. V \u010dervnu dokonce po\u010det samopl\u00e1tc\u016f v\u00fdrazn\u011b &#8211; i oproti jin\u00fdm let\u016fm -poklesl!<\/p>\n<p>Jansk\u00fdm L\u00e1zn\u00edm, v\u010detn\u011b d\u011btsk\u00e9 l\u00e9\u010debny, tak d\u00e1l hroz\u00ed platebn\u00ed neschopnost, odchod kvalifikovan\u00fdch zdravotn\u00edk\u016f i to, \u017ee budova unik\u00e1tn\u00ed d\u011btsk\u00e9 l\u00e9\u010debny sice bude zachov\u00e1na, ale d\u011bti se v n\u00ed ji\u017e l\u00e9\u010dit nebudou.<\/p>\n<p>P\u0159itom pro n\u011bkter\u00e9 to dosud je jedin\u00e9 za\u0159\u00edzen\u00ed v \u010cesk\u00e9 republice, kter\u00e9 t\u011b\u017ece zdravotn\u011b posti\u017een\u00fdm d\u011btem skute\u010dn\u011b pom\u00e1h\u00e1.<\/p>\n<p>Vyz\u00fdv\u00e1m pana ministra zdravotnictv\u00ed Holc\u00e1ta, aby se okam\u017eit\u011b za\u010dal zab\u00fdvat katastrofou hroz\u00edc\u00ed situac\u00ed ve st\u00e1tn\u00edch Jansk\u00fdch L\u00e1zn\u00edch a nedopustil ohro\u017een\u00ed nutn\u00e9 zdravotn\u00ed p\u00e9\u010de pro na\u0161e nejmen\u0161\u00ed pacienty!<\/p>\n<p>O autorovi: So\u0148a MARKOV\u00c1, poslankyn\u011b (KS\u010cM)<\/p>\n<p>Hal\u00f3 noviny<\/p>\n","protected":false},"excerpt":{"rendered":"<div class=\"mh-excerpt\"><p>Poslankyn\u011b So\u0148a Markov\u00e1 (foto), je\u017e je st\u00ednovou ministryn\u00ed zdravotnictv\u00ed za KS\u010cM, kritizuje zaveden\u00ed poplatk\u016f pro rodi\u010de d\u011bt\u00ed, kte\u0159\u00ed v l\u00e9\u010debn\u00fdch l\u00e1zn\u00edch Vesna pob\u00fdvaj\u00ed spolu s <a class=\"mh-excerpt-more\" href=\"https:\/\/www.invarena.cz\/?p=9534\" title=\"Pane minist\u0159e, zachra\u0148te nejen Vesnu!\">[&#8230;]<\/a><\/p>\n<\/div>","protected":false},"author":1,"featured_media":250,"comment_status":"open","ping_status":"open","sticky":false,"template":"","format":"standard","meta":{"footnotes":""},"categories":[4],"tags":[],"class_list":["post-9534","post","type-post","status-publish","format-standard","has-post-thumbnail","hentry","category-nazory"],"_links":{"self":[{"href":"https:\/\/www.invarena.cz\/index.php?rest_route=\/wp\/v2\/posts\/9534","targetHints":{"allow":["GET"]}}],"collection":[{"href":"https:\/\/www.invarena.cz\/index.php?rest_route=\/wp\/v2\/posts"}],"about":[{"href":"https:\/\/www.invarena.cz\/index.php?rest_route=\/wp\/v2\/types\/post"}],"author":[{"embeddable":true,"href":"https:\/\/www.invarena.cz\/index.php?rest_route=\/wp\/v2\/users\/1"}],"replies":[{"embeddable":true,"href":"https:\/\/www.invarena.cz\/index.php?rest_route=%2Fwp%2Fv2%2Fcomments&post=9534"}],"version-history":[{"count":0,"href":"https:\/\/www.invarena.cz\/index.php?rest_route=\/wp\/v2\/posts\/9534\/revisions"}],"wp:featuredmedia":[{"embeddable":true,"href":"https:\/\/www.invarena.cz\/index.php?rest_route=\/wp\/v2\/media\/250"}],"wp:attachment":[{"href":"https:\/\/www.invarena.cz\/index.php?rest_route=%2Fwp%2Fv2%2Fmedia&parent=9534"}],"wp:term":[{"taxonomy":"category","embeddable":true,"href":"https:\/\/www.invarena.cz\/index.php?rest_route=%2Fwp%2Fv2%2Fcategories&post=9534"},{"taxonomy":"post_tag","embeddable":true,"href":"https:\/\/www.invarena.cz\/index.php?rest_route=%2Fwp%2Fv2%2Ftags&post=9534"}],"curies":[{"name":"wp","href":"https:\/\/api.w.org\/{rel}","templated":true}]}}