{"id":9549,"date":"2013-08-25T10:21:45","date_gmt":"2013-08-25T08:21:45","guid":{"rendered":"http:\/\/www.invarena.cz\/?p=9549"},"modified":"2013-08-25T10:24:00","modified_gmt":"2013-08-25T08:24:00","slug":"na-vasi-strane-prukaz-ztp","status":"publish","type":"post","link":"https:\/\/www.invarena.cz\/?p=9549","title":{"rendered":"Nedostala pr\u016fkaz ZTP. A\u0165 se soud\u00ed, \u0159\u00edkaj\u00ed&#8230;"},"content":{"rendered":"<p><strong>Podle report\u00e1\u017ee TV Nova 65let\u00e1 v\u00e1\u017en\u011b nemocn\u00e1 \u017eena z Chomutova marn\u011b usiluje o z\u00edsk\u00e1n\u00ed pr\u016fkazu ZTP, kter\u00fd\u00a0 by d\u016fchodkyni trp\u00edc\u00ed nevyl\u00e9\u010ditelnou Parkinsonovou chorobou usnadnil \u017eivot, nap\u0159. p\u0159i cest\u011b k l\u00e9ka\u0159i. <\/strong>\/ilustra\u010dn\u00ed sn\u00edmek\/<\/p>\n<p><!--more--><br \/>\nKa\u017ed\u00fd krok \u017een\u011b p\u016fsob\u00ed velik\u00e9 bolesti, noha se zkracuje a u\u017e ji nem\u016f\u017ee v\u016fbec oh\u00fdbat. Na jedno oko p\u0159est\u00e1v\u00e1 vid\u011bt a st\u00e1le \u010dast\u011bji se u Marcely Gaudlov\u00e9 za\u010d\u00ednaj\u00ed projevovat n\u00e1sledky Parkinsonovy choroby.<\/p>\n<p>Prvn\u00ed zdravotn\u00ed probl\u00e9my se u 65let\u00e9 d\u016fchodkyn\u011b za\u010daly objevovat p\u0159ed 4 lety. Za\u010dalo to nen\u00e1padn\u011b, t\u0159esem v obou rukou, pak se jej\u00ed zdravotn\u00ed stav rapidn\u011b zhor\u0161oval. Dnes u\u017e neujde v\u00edc, ne\u017e p\u00e1r des\u00edtek metr\u016f, by\u0165 za pomoci vizitka nebo berl\u00ed. Ztr\u00e1c\u00ed rovnov\u00e1hu a pad\u00e1, p\u0159esto marn\u011b usiluje o z\u00edsk\u00e1n\u00ed pr\u016fkazu ZTP. Ten by j\u00ed zaru\u010doval invalidn\u00ed ozna\u010den\u00ed na auto, p\u0159\u00edpadn\u011b i slevy na j\u00edzdn\u00e9m.<\/p>\n<p>Marcela Gaudlov\u00e1:&#8220;Aby mi man\u017eel nebo syn, kter\u00fd m\u011b voz\u00ed k l\u00e9ka\u0159i, aby m\u011b mohl kdekoli zastavit.&#8220;<\/p>\n<p>Zjistili jsme, \u017ee n\u00e1rok na ZTP tato d\u016fchodkyn\u011b nepochybn\u011b m\u00e1, spl\u0148uje podm\u00ednku pro jeho vyd\u00e1n\u00ed, chronick\u00e9 vady a nemoci intern\u00edho charakteru zna\u010dn\u011b st\u011b\u017euj\u00edc\u00ed pohybovou schopnost.<\/p>\n<p>V\u00e1clav Kr\u00e1sa, p\u0159edseda N\u00e1rodn\u00ed rady osob se zdravotn\u00edm posti\u017een\u00edm v report\u00e1\u017ei TV Nova uvedl:&#8220;<br \/>\nA\u0165 se pan\u00ed odvol\u00e1. A\u0165 se soud\u00ed, m\u00e1 nepochybn\u011b n\u00e1rok na tento pr\u016fkaz, ona nedojde 200 metr\u016f, nem\u016f\u017ee chodit po schodech. &#8220;<\/p>\n<p>Ministerstvo pr\u00e1ce a soci\u00e1ln\u00edch v\u011bci sice slibuje zlep\u0161en\u00ed vyd\u00e1v\u00e1n\u00ed pr\u016fkazu ZTP, ale toho se invalid\u00e9 do\u010dkaj\u00ed a\u017e p\u0159\u00ed\u0161t\u00ed rok, pokud novelu z\u00e1kona schv\u00e1l\u00ed Sen\u00e1t a podep\u00ed\u0161e prezident.<\/p>\n<p>&#8222;Jde o to, aby se cel\u00fd proces p\u0159izn\u00e1v\u00e1n\u00ed pr\u016fkaz\u016f pro lidi se zdravotn\u00edm posti\u017een\u00edm zrychlil,&#8220; uvedla\u00a0\u0160t\u011bp\u00e1nka Filipov\u00e1, mluv\u010d\u00ed MPSV.<\/p>\n<p>Mnohem rychleji by se m\u011bla posuzovat i p\u0159\u00edpadn\u00e1 odvol\u00e1n\u00ed invalid\u016f, kte\u0159\u00ed o pr\u016fkaz ZTP podobn\u011b jako d\u016fchodkyn\u011b z Chomutova marn\u011b usiluj\u00ed.<\/p>\n<p>podle report\u00e1\u017ee Televize Nova zaznamenala invArena<\/p>\n","protected":false},"excerpt":{"rendered":"<div class=\"mh-excerpt\"><p>Podle report\u00e1\u017ee TV Nova 65let\u00e1 v\u00e1\u017en\u011b nemocn\u00e1 \u017eena z Chomutova marn\u011b usiluje o z\u00edsk\u00e1n\u00ed pr\u016fkazu ZTP, kter\u00fd\u00a0 by d\u016fchodkyni trp\u00edc\u00ed nevyl\u00e9\u010ditelnou Parkinsonovou chorobou usnadnil \u017eivot, <a class=\"mh-excerpt-more\" href=\"https:\/\/www.invarena.cz\/?p=9549\" title=\"Nedostala pr\u016fkaz ZTP. A\u0165 se soud\u00ed, \u0159\u00edkaj\u00ed&#8230;\">[&#8230;]<\/a><\/p>\n<\/div>","protected":false},"author":1,"featured_media":2052,"comment_status":"open","ping_status":"open","sticky":false,"template":"","format":"standard","meta":{"footnotes":""},"categories":[7],"tags":[],"class_list":["post-9549","post","type-post","status-publish","format-standard","has-post-thumbnail","hentry","category-spolecnost"],"_links":{"self":[{"href":"https:\/\/www.invarena.cz\/index.php?rest_route=\/wp\/v2\/posts\/9549","targetHints":{"allow":["GET"]}}],"collection":[{"href":"https:\/\/www.invarena.cz\/index.php?rest_route=\/wp\/v2\/posts"}],"about":[{"href":"https:\/\/www.invarena.cz\/index.php?rest_route=\/wp\/v2\/types\/post"}],"author":[{"embeddable":true,"href":"https:\/\/www.invarena.cz\/index.php?rest_route=\/wp\/v2\/users\/1"}],"replies":[{"embeddable":true,"href":"https:\/\/www.invarena.cz\/index.php?rest_route=%2Fwp%2Fv2%2Fcomments&post=9549"}],"version-history":[{"count":0,"href":"https:\/\/www.invarena.cz\/index.php?rest_route=\/wp\/v2\/posts\/9549\/revisions"}],"wp:featuredmedia":[{"embeddable":true,"href":"https:\/\/www.invarena.cz\/index.php?rest_route=\/wp\/v2\/media\/2052"}],"wp:attachment":[{"href":"https:\/\/www.invarena.cz\/index.php?rest_route=%2Fwp%2Fv2%2Fmedia&parent=9549"}],"wp:term":[{"taxonomy":"category","embeddable":true,"href":"https:\/\/www.invarena.cz\/index.php?rest_route=%2Fwp%2Fv2%2Fcategories&post=9549"},{"taxonomy":"post_tag","embeddable":true,"href":"https:\/\/www.invarena.cz\/index.php?rest_route=%2Fwp%2Fv2%2Ftags&post=9549"}],"curies":[{"name":"wp","href":"https:\/\/api.w.org\/{rel}","templated":true}]}}