{"id":9573,"date":"2013-08-26T10:55:06","date_gmt":"2013-08-26T08:55:06","guid":{"rendered":"http:\/\/www.invarena.cz\/?p=9573"},"modified":"2013-08-26T10:55:06","modified_gmt":"2013-08-26T08:55:06","slug":"drabek-uohs-po-roce-uznal-ze-mpsv-nepochybilo","status":"publish","type":"post","link":"https:\/\/www.invarena.cz\/?p=9573","title":{"rendered":"Dr\u00e1bek: \u00daOHS po roce uznal, \u017ee MPSV nepochybilo"},"content":{"rendered":"<p><strong>\u00da\u0159ad pro ochranu hospod\u00e1\u0159sk\u00e9 sout\u011b\u017ee tento t\u00fdden uznal, \u017ee MPSV v p\u0159\u00edpad\u011b IT slu\u017eeb souvisej\u00edc\u00edch s v\u00fdplatou soci\u00e1ln\u00edch d\u00e1vek nepochybilo. A zru\u0161il pokutu.<\/strong><br \/>\n<!--more--><\/p>\n<p><strong>P\u0159\u00edpadem se \u00daHOS zab\u00fdval u\u017e podruh\u00e9. V prvn\u00edm kole ulo\u017eil ministerstvu pr\u00e1ce a soci\u00e1ln\u00edch v\u011bc\u00ed za poru\u0161en\u00ed z\u00e1kona o ve\u0159ejn\u00fdch zak\u00e1zk\u00e1ch pokutu, tu ale nyn\u00ed zru\u0161il. <\/strong><\/p>\n<p>&#8222;Rozhodnut\u00ed o zru\u0161en\u00ed pokuty a ukon\u010den\u00ed spr\u00e1vn\u00edho \u0159\u00edzen\u00ed v\u00edt\u00e1me. \u00da\u0159ad kone\u010dn\u011b uznal, \u017ee ministerstvo pr\u00e1ce a soci\u00e1ln\u00edch v\u011bc\u00ed nepochybilo,&#8220; okomentoval nejnov\u011bj\u0161\u00ed v\u00fdvoj b\u00fdval\u00fd ministr pr\u00e1ce a soci\u00e1ln\u00edch v\u011bc\u00ed Jarom\u00edr Dr\u00e1bek.<\/p>\n<p>\u00daHOS m\u00e1 nav\u00edc k dispozici n\u011bkolik znaleck\u00fdch posudk\u016f, kter\u00e9 posuzuj\u00ed, zda prov\u00e1d\u011bc\u00ed smlouva \u010d\u00edslo 85, kterou uzav\u0159elo Ministerstvo vnitra, odpov\u00edd\u00e1 zad\u00e1n\u00ed r\u00e1mcov\u00e9 smlouvy.<\/p>\n<p>&#8222;N\u011bkter\u00e9 z t\u011bchto posudk\u016f \u0159\u00edkaj\u00ed, \u017ee je to v po\u0159\u00e1dku, dal\u0161\u00ed \u0159\u00edkaj\u00ed, \u017ee nikoli, \u017ee prov\u00e1d\u011bc\u00ed smlouva p\u0159ekro\u010dila r\u00e1mec r\u00e1mcov\u00e9 smlouvy,&#8220;vysv\u011btlil Dr\u00e1bek. Je pravda, \u017ee \u00da\u0159adu pro ochranu hospod\u00e1\u0159sk\u00e9 sout\u011b\u017ee, se p\u0159iklonil k tomu, \u017ee v po\u0159\u00e1dku nen\u00ed. Jedn\u00e1 se ov\u0161em o rozhodnut\u00ed, kter\u00e9 nen\u00ed kone\u010dn\u00e9. I kv\u016fli tomu tak m\u016f\u017ee vzniknout situace, kdy nebude jin\u00e1 cesta ne\u017e vyu\u017e\u00edt st\u00e1vaj\u00edc\u00ed smlouvu s OKsyst\u00e9mem.<\/p>\n<p>&#8222;Je velmi pravd\u011bpodobn\u00e9, \u017ee IS bude nad\u00e1le realizovat spole\u010dnost, kter\u00e1 ho bez otev\u0159en\u00e9ho v\u00fdb\u011brov\u00e9ho \u0159\u00edzen\u00ed za\u010dala stav\u011bt p\u0159ed 20 lety a za tu dobu zinkasovala 4 miliardy korun. Jej\u00ed syst\u00e9m nen\u00ed ani bezchybn\u00fd (viz \u00fanorov\u00fd v\u00fdpadek) ani modern\u00ed a otev\u0159en\u00fd (\u0159ada specifick\u00fdch komponent, napojen\u00ed na z\u00e1kladn\u00ed registry nen\u00ed do\u0159e\u0161eno) ani nenab\u00edz\u00ed pokro\u010dil\u00e9 funkce pr\u00e1ce s informacemi (pokro\u010dil\u00e9 statistiky, prov\u00e1z\u00e1n\u00ed agend),&#8220; upozor\u0148uje b\u00fdval\u00fd n\u00e1m\u011bstek ministra pr\u00e1ce a soci\u00e1ln\u00edch v\u011bc\u00ed Petr Kr\u016f\u010dek.<\/p>\n<p>Co se n\u00e1klad\u016f t\u00fd\u010de, za prvn\u00ed t\u0159i \u010dtvrtlet\u00ed lo\u0148sk\u00e9ho roku do\u0161lo k re\u00e1ln\u00e9 \u00faspo\u0159e 70 milion\u016f korun. Informace, kter\u00e9 se objevily v n\u011bkter\u00fdch m\u00e9di\u00edch a kter\u00e9 hovo\u0159\u00ed o milionov\u00fdch ztr\u00e1t\u00e1ch, jsou proto neopodstatn\u011bn\u00e9.<\/p>\n<p>Parlamentnilisty.cz<\/p>\n","protected":false},"excerpt":{"rendered":"<div class=\"mh-excerpt\"><p>\u00da\u0159ad pro ochranu hospod\u00e1\u0159sk\u00e9 sout\u011b\u017ee tento t\u00fdden uznal, \u017ee MPSV v p\u0159\u00edpad\u011b IT slu\u017eeb souvisej\u00edc\u00edch s v\u00fdplatou soci\u00e1ln\u00edch d\u00e1vek nepochybilo. A zru\u0161il pokutu.<\/p>\n<\/div>","protected":false},"author":1,"featured_media":807,"comment_status":"open","ping_status":"open","sticky":false,"template":"","format":"standard","meta":{"footnotes":""},"categories":[6,9],"tags":[],"class_list":["post-9573","post","type-post","status-publish","format-standard","has-post-thumbnail","hentry","category-politika","category-zpravy"],"_links":{"self":[{"href":"https:\/\/www.invarena.cz\/index.php?rest_route=\/wp\/v2\/posts\/9573","targetHints":{"allow":["GET"]}}],"collection":[{"href":"https:\/\/www.invarena.cz\/index.php?rest_route=\/wp\/v2\/posts"}],"about":[{"href":"https:\/\/www.invarena.cz\/index.php?rest_route=\/wp\/v2\/types\/post"}],"author":[{"embeddable":true,"href":"https:\/\/www.invarena.cz\/index.php?rest_route=\/wp\/v2\/users\/1"}],"replies":[{"embeddable":true,"href":"https:\/\/www.invarena.cz\/index.php?rest_route=%2Fwp%2Fv2%2Fcomments&post=9573"}],"version-history":[{"count":0,"href":"https:\/\/www.invarena.cz\/index.php?rest_route=\/wp\/v2\/posts\/9573\/revisions"}],"wp:featuredmedia":[{"embeddable":true,"href":"https:\/\/www.invarena.cz\/index.php?rest_route=\/wp\/v2\/media\/807"}],"wp:attachment":[{"href":"https:\/\/www.invarena.cz\/index.php?rest_route=%2Fwp%2Fv2%2Fmedia&parent=9573"}],"wp:term":[{"taxonomy":"category","embeddable":true,"href":"https:\/\/www.invarena.cz\/index.php?rest_route=%2Fwp%2Fv2%2Fcategories&post=9573"},{"taxonomy":"post_tag","embeddable":true,"href":"https:\/\/www.invarena.cz\/index.php?rest_route=%2Fwp%2Fv2%2Ftags&post=9573"}],"curies":[{"name":"wp","href":"https:\/\/api.w.org\/{rel}","templated":true}]}}